{"id":124525,"date":"2025-09-19T05:53:14","date_gmt":"2025-09-19T05:53:14","guid":{"rendered":"https:\/\/www.europesays.com\/es\/124525\/"},"modified":"2025-09-19T05:53:14","modified_gmt":"2025-09-19T05:53:14","slug":"moha-attaoui-en-estado-de-gracia-llega-a-la-final-de-800m-despues-de-derrotar-al-gran-wanyonyi-deportes","status":"publish","type":"post","link":"https:\/\/www.europesays.com\/es\/124525\/","title":{"rendered":"Moha Attaoui, en estado de gracia, llega a la final de 800m despu\u00e9s de derrotar al gran Wanyonyi | Deportes"},"content":{"rendered":"<p class=\"\">El orgullo del atleta es mal\u00e9volo, incontrolable, pues motiva o frena, seg\u00fan el estado de \u00e1nimo, pero a <a href=\"https:\/\/elpais.com\/deportes\/2025-06-20\/moha-attaoui-el-atleta-sin-limites-se-establece-en-la-elite-mundial-del-mediofondo.html\" target=\"_self\" rel=\"nofollow noopener\" title=\"https:\/\/elpais.com\/deportes\/2025-06-20\/moha-attaoui-el-atleta-sin-limites-se-establece-en-la-elite-mundial-del-mediofondo.html\">Moha Attaoui <\/a>le lleva a territorios inexplorados y a saciar deseos primarios, como el de derrotar en una semifinal de un Mundial a <a href=\"https:\/\/elpais.com\/deportes\/juegos-olimpicos\/2024-08-13\/attaoui-llopis-la-confirmacion-en-paris-de-dos-grandes-talentos.html\" target=\"_self\" rel=\"nofollow noopener\" title=\"https:\/\/elpais.com\/deportes\/juegos-olimpicos\/2024-08-13\/attaoui-llopis-la-confirmacion-en-paris-de-dos-grandes-talentos.html\">Emmanuel Wanyonyi, el keniano que lidera la gran revoluci\u00f3n del 800m, <\/a>la prueba de medio fondo m\u00e1s caliente, los dos \u00faltimos a\u00f1os. \u201cPor fin le he ganado a Wanyonyi\u201d, dice el atleta de Torrelavega nada m\u00e1s dejar a medio mundo con la boca abierta por la forma en la que ha ganado la semifinal que le ha clasificado para la final del s\u00e1bado (15.22). De salida, Attaoui, de 23 a\u00f1os hasta dentro de una semana, se queda rezagado. Pasa por la campana en 51,36s, un segundo m\u00e1s tarde, cinco o seis metros, que el franc\u00e9s Meziane, que ha asumido el deber de lanzar la carrera. A 200 metros de la meta, es a\u00fan sexto, a poco m\u00e1s de medio segundo del botsuano Tshepiso Masalela, una de las figuras del momento, que decide lanzar largo el sprint. Eso intenta, porque quien de verdad lanza el sprint largo es Attaoui, que adelanta a todos por la derecha en la \u00faltima curva, corriendo m\u00e1s metros pero con m\u00e1s espacio libre, y cuando llega a la recta final y mira para atr\u00e1s solo ve el vac\u00edo y un pelot\u00f3n encabezado por el gran Wanyonyi nada menos en furiosa persecuci\u00f3n, e in\u00fatil. \u201cMe dije, no voy a dejar que me pase, suponga lo que suponga\u201d, dice. \u201cMe encuentro muy bien, brutal. Claro que es importante el orgullo\u201d. Y tambi\u00e9n los n\u00fameros: los 100 metros en curva tras su cambio los recorre en 89 cent\u00e9simas menos que Wanyonyi, un mundo ante el mejor.<\/p>\n<p class=\"\">Cuando lo explica, Attaoui, que alcanza su segunda gran final un a\u00f1o despu\u00e9s de la de los Juegos de Par\u00eds, habla como aquellas personas que, en estado de gracia, hacen todo tan bien que se sorprenden a s\u00ed mismos, y vi\u00e9ndole correr, tan f\u00e1cil, su cambio, que es una bomba silenciosa, uno se imagina que \u00e9l est\u00e1 conduciendo un coche tan bueno que nunca alcanza su velocidad m\u00e1xima. \u201cMe dije, voy a cambiar un poco, voy a esperar aqu\u00ed hasta la \u00faltima recta, pero me he encontrado otra vez v\u00eda libre y he dicho, venga, con todo. Y cuando he mirado y he visto que ten\u00eda hueco, he dicho, venga, hasta el final, ha sido una sensaci\u00f3n incre\u00edble. Me encuentro genial, genial\u201d. Y encima llueve, con lo que le gusta correr bajo la lluvia.<\/p>\n<p class=\"\">Attaoui corri\u00f3 los \u00faltimos 200m en 25,35s, m\u00e1s de un segundo m\u00e1s r\u00e1pido que Wanyonyi. Gan\u00f3 con 1m 43,18s. Fue la semifinal m\u00e1s r\u00e1pida y la frescura de movimientos del c\u00e1ntabro que solo crispa una parte de su cuerpo, las manos, que abre al m\u00e1ximo en la posici\u00f3n de salida, y su final, record\u00f3 a la manera en que logr\u00f3 hace dos semanas la tercera mejor marca de la historia de 1.000m (2m 12,25s) tras los 2m 11,96s de Noah Ngeny y los 2m 12,18s de Sebastian Coe. Lo m\u00e1s importante: corri\u00f3 los \u00faltimos 200m en un segundo menos que sus ilustres antecesores, 26,45s, un tiempo que deja pasmados a los que entienden, que recuerdan que no es lo mismo terminar un 800, con el lactato ya por las nubes, y a\u00f1adirle 200m, que a\u00f1ad\u00edrselos a un 600m, cuando a\u00fan no se ha disparado la fatiga. \u201cS\u00ed, sab\u00edamos que pod\u00eda correr bien los 1.000m, ya que es un corredor de 800m con gran resistencia aer\u00f3bica\u201d, explicaba entonces el entrenador de Attaoui, <a href=\"https:\/\/elpais.com\/deportes\/juegos-olimpicos\/2024-07-21\/desde-sankt-moritz-se-ve-paris-asi-se-entrenan-marta-garcia-y-moha-attaoui-en-las-montanas-suizas.html\" target=\"_self\" rel=\"nofollow noopener\" title=\"https:\/\/elpais.com\/deportes\/juegos-olimpicos\/2024-07-21\/desde-sankt-moritz-se-ve-paris-asi-se-entrenan-marta-garcia-y-moha-attaoui-en-las-montanas-suizas.html\">el alem\u00e1n Thomas Dreissigacker. <\/a>\u201cEs un buen impulso para Moha antes del Mundial, pero obviamente en el Mundial hay muchos grandes atletas y la profundidad en los 800m es mayor que nunca. Tenemos que tomar decisiones inteligentes primero en la ronda preliminar y en la semifinal, \u00a1y luego ya veremos!\u201d<\/p>\n<p class=\"\">Desde que Adri\u00e1n Ben rompiera el vac\u00edo en el Mundial de Doha 2019, el 800m espa\u00f1ol, hasta entonces ausente, solo ha dejado de participar en una gran final, la de Oreg\u00f3n 2022. Ben disput\u00f3 tambi\u00e9n la final ol\u00edmpica de Tokio y la del Mundial de Par\u00eds. Attaoui le relev\u00f3 en Par\u00eds, donde fue quinto, y un a\u00f1o despu\u00e9s, asegura, en Tokio ya no le vale solo con participar. Quiere ganar. \u201c\u00bfLa final? Ser\u00e1 \u00faltima carrera de la temporada. Saldr\u00e9 a correrla a muerte y a intentar quedar por todo lo alto. Sin miedo y a por todas\u201d, asegura ante una cita que tendr\u00e1 aire de revancha, pues en ella se encontrar\u00e1 a cinco de sus rivales en la capital francesa, los tres primeros, Wanyonyi, Sedjati y Arop, adem\u00e1s de a Burgin y a Masalela. El atletismo espa\u00f1ol a\u00fan no ha ganado en un Mundial una prueba de pista.<\/p>\n","protected":false},"excerpt":{"rendered":"El orgullo del atleta es mal\u00e9volo, incontrolable, pues motiva o frena, seg\u00fan el estado de \u00e1nimo, pero a&hellip;\n","protected":false},"author":2,"featured_media":124526,"comment_status":"","ping_status":"","sticky":false,"template":"","format":"standard","meta":{"footnotes":""},"categories":[93],"tags":[928,11485,1540,168,927,25,24,26617,40680,26618,23,167],"class_list":{"0":"post-124525","1":"post","2":"type-post","3":"status-publish","4":"format-standard","5":"has-post-thumbnail","7":"category-deportes","8":"tag-atletas","9":"tag-atletismo","10":"tag-competiciones","11":"tag-deportes","12":"tag-deportistas","13":"tag-es","14":"tag-espana","15":"tag-marta-garcia-alonso","16":"tag-mohamed-attaoui","17":"tag-mundiales-atletismo","18":"tag-spain","19":"tag-sports"},"share_on_mastodon":{"url":"","error":""},"_links":{"self":[{"href":"https:\/\/www.europesays.com\/es\/wp-json\/wp\/v2\/posts\/124525","targetHints":{"allow":["GET"]}}],"collection":[{"href":"https:\/\/www.europesays.com\/es\/wp-json\/wp\/v2\/posts"}],"about":[{"href":"https:\/\/www.europesays.com\/es\/wp-json\/wp\/v2\/types\/post"}],"author":[{"embeddable":true,"href":"https:\/\/www.europesays.com\/es\/wp-json\/wp\/v2\/users\/2"}],"replies":[{"embeddable":true,"href":"https:\/\/www.europesays.com\/es\/wp-json\/wp\/v2\/comments?post=124525"}],"version-history":[{"count":0,"href":"https:\/\/www.europesays.com\/es\/wp-json\/wp\/v2\/posts\/124525\/revisions"}],"wp:featuredmedia":[{"embeddable":true,"href":"https:\/\/www.europesays.com\/es\/wp-json\/wp\/v2\/media\/124526"}],"wp:attachment":[{"href":"https:\/\/www.europesays.com\/es\/wp-json\/wp\/v2\/media?parent=124525"}],"wp:term":[{"taxonomy":"category","embeddable":true,"href":"https:\/\/www.europesays.com\/es\/wp-json\/wp\/v2\/categories?post=124525"},{"taxonomy":"post_tag","embeddable":true,"href":"https:\/\/www.europesays.com\/es\/wp-json\/wp\/v2\/tags?post=124525"}],"curies":[{"name":"wp","href":"https:\/\/api.w.org\/{rel}","templated":true}]}}