{"id":124529,"date":"2025-09-19T05:56:12","date_gmt":"2025-09-19T05:56:12","guid":{"rendered":"https:\/\/www.europesays.com\/es\/124529\/"},"modified":"2025-09-19T05:56:12","modified_gmt":"2025-09-19T05:56:12","slug":"primer-subhalo-de-materia-oscura-descubierto-en-la-via-lactea","status":"publish","type":"post","link":"https:\/\/www.europesays.com\/es\/124529\/","title":{"rendered":"Primer subhalo de materia oscura descubierto en la V\u00eda L\u00e1ctea"},"content":{"rendered":"<p>\u00a0\u00a0\u00a0MADRID, 17 Sep. (EUROPA PRESS) &#8211; <\/p>\n<p>\u00a0\u00a0\u00a0Por primera vez, astr\u00f3nomos han utilizado p\u00falsares binarios y solitarios para delimitar las propiedades de un subhalo de materia oscura en nuestra galaxia. <\/p>\n<p>\u00a0\u00a0\u00a0Los subhalos son peque\u00f1as acumulaciones de materia oscura que residen dentro de un halo de materia oscura m\u00e1s grande: regiones de materia invisible que rodean galaxias y c\u00famulos de galaxias, <strong>conocidas solo por sus efectos gravitacionales<\/strong>.<\/p>\n<p>\u00a0\u00a0\u00a0\u00abImaginemos la galaxia como un pastelito, y los subhalos de materia oscura son como <strong>chispas de chocolate<\/strong> sobre \u00e9l\u00bb, explica la doctora Sukanya Chakrabarti, de la Universidad de Alabama en Huntsville (UAH) y coautora del estudio. \u00abLa galaxia, sin las chispas de chocolate, tiene un aspecto bastante liso. Los subhalos de materia oscura aportan una se\u00f1al adicional al componente gal\u00e1ctico liso que ahora podemos detectar\u00bb.<\/p>\n<p>\u00a0\u00a0\u00a0La investigaci\u00f3n se basa en trabajos previos de la UAH, parte del Sistema Universitario de Alabama, que ayudan a determinar la cantidad de esta misteriosa sustancia presente en la V\u00eda L\u00e1ctea y su ubicaci\u00f3n. \u00abNuestro objetivo principal al utilizar aceleraciones de p\u00falsares siempre fue comprender la naturaleza de la materia oscura. Estos subhalos oscuros son la base de los modelos de materia oscura, y ahora <strong>creemos tener una forma de encontrarlos<\/strong>\u00ab, se\u00f1ala Chakrabarti. \u00abNuestra determinaci\u00f3n de la masa de este subhalo de materia oscura es mucho m\u00e1s precisa que cualquier m\u00e9todo anterior\u00bb.<\/p>\n<p>LA ESTRUCTURA QUE CIMENTA LAS GALAXIAS<\/p>\n<p>\u00a0\u00a0\u00a0Los halos de materia oscura, considerados la estructura subyacente sobre la que se construyen las galaxias, son importantes para comprender la formaci\u00f3n y evoluci\u00f3n de las galaxias. La teor\u00eda actual sobre la formaci\u00f3n de estructuras en el universo predice que los subhalos de materia oscura deber\u00edan ser abundantes en galaxias como la V\u00eda L\u00e1ctea; sin embargo, encontrarlos ha resultado ser un desaf\u00edo.<\/p>\n<p>\u00a0\u00a0\u00a0\u00abNuestra localizaci\u00f3n ahora es bastante precisa en las tres coordenadas, y futuras mediciones de aceleraci\u00f3n mejorar\u00e1n a\u00fan m\u00e1s la significancia de la masa\u00bb, explica Chakrabarti. \u00abEn cualquier caso, sigue siendo <strong>m\u00e1s precisa que cualquier otro m\u00e9todo realizado hasta ahora\u00bb.<\/strong><\/p>\n<p>\u00a0\u00a0\u00a0\u00abLocalizaci\u00f3n\u00bb se refiere a la identificaci\u00f3n de regiones espec\u00edficas dentro de una estructura mayor donde los efectos de la materia oscura son m\u00e1s pronunciados. El concepto es crucial para distinguir las posibles interacciones de la materia oscura del ruido de fondo y comprender c\u00f3mo la materia oscura <strong>interact\u00faa con la materia regular y configura el universo.<\/strong><\/p>\n<p>\u00a0\u00a0\u00a0Seg\u00fan el estudio, estas caracter\u00edsticas se obtienen al analizar, por primera vez, el exceso de potencia correlacionada en el campo de aceleraci\u00f3n de los p\u00falsares binarios, un fen\u00f3meno en el que las aceleraciones observadas muestran un patr\u00f3n que se desv\u00eda de lo esperado seg\u00fan la gravedad newtoniana y las fuentes astrof\u00edsicas conocidas.<\/p>\n<p>\u00a0\u00a0\u00a0\u00abEl exceso de potencia se compone b\u00e1sicamente de las chispas de chocolate (los subhalos) que sobresalen del pastelito\u00bb, explica la investigadora. \u00abPor potencia nos referimos a la se\u00f1al de aceleraci\u00f3n: los subhalos de materia oscura aportan una se\u00f1al adicional al componente gal\u00e1ctico uniforme que ahora podemos detectar. Por &#8216;correlacionada&#8217;, nos referimos a que la se\u00f1al ha sido experimentada por pares de p\u00falsares. Este es un<strong> requisito m\u00e1s estricto<\/strong> que exigir que un solo p\u00falsar experimente un exceso de se\u00f1al\u00bb.<\/p>\n<p>\u00a0\u00a0\u00a0El avance de este tipo de investigaci\u00f3n depende de la disponibilidad de datos precisos sobre la aceleraci\u00f3n de p\u00falsares binarios.<\/p>\n<p>\u00a0\u00a0\u00a0\u00abEn nuestro primer trabajo, all\u00e1 por 2021, no cont\u00e1bamos con suficientes p\u00falsares para lograrlo; solo pod\u00edamos medir el componente liso del potencial\u00bb, afirma Chakrabarti en un <strong><a title=\"Enlace\" href=\"https:\/\/www.uah.edu\/news\/items\/uah-researchers-use-pulsar-accelerations-detect-dark-matter-sub-halo-milky-way-for-the-first-time\" target=\"_blank\" rel=\"nofollow noopener\">comunicado.<\/a><\/strong> Los componentes lisos de una galaxia presentan una distribuci\u00f3n relativamente uniforme y difusa de estrellas y gas, presentando una distribuci\u00f3n pr\u00e1cticamente inalterada de materia oscura dentro del halo gal\u00e1ctico.<\/p>\n<p>\u00a0\u00a0\u00a0\u00abPero a medida que nuestra muestra segu\u00eda creciendo, se hizo evidente que muy pronto podr\u00edamos medir directamente estos c\u00famulos de materia oscura. A medida que obtengamos observaciones m\u00e1s precisas en el futuro, podremos realizar este an\u00e1lisis para encontrar subhalos de materia oscura tambi\u00e9n mucho m\u00e1s all\u00e1 de la vecindad solar\u00bb, afirma la investigadora. \u00abEn \u00faltima instancia, estas futuras observaciones nos permitir\u00e1n <strong>diferenciar entre los modelos de materia oscura<\/strong>\u00ab.<\/p>\n<p>\u00a0\u00a0\u00a0Caracterizar la subestructura es clave para comprender y, en \u00faltima instancia, precisar la naturaleza de la materia oscura, ya que los distintos modelos difieren en la distribuci\u00f3n de estos c\u00famulos. Estos avances prometen suplantar otros modelos de materia oscura.<\/p>\n<p>\u00a0\u00a0\u00a0De cara al futuro, Chakrabarti y sus colegas han demostrado que este trabajo supone un paso significativo para, por fin, esclarecer uno de los grandes misterios del universo.<\/p>\n<p>\u00a0\u00a0\u00a0\u00abCreo que el siguiente paso es aumentar nuestra muestra de aceler\u00f3metros precisos para poder obtener m\u00e1s detecciones, tambi\u00e9n m\u00e1s precisas, de subhalos de materia oscura\u00bb, afirma. \u00abEsto nos permitir\u00e1, en \u00faltima instancia, diferenciar claramente entre los modelos de materia oscura y determinar su naturaleza, que es uno de los problemas pendientes de la astronom\u00eda y lo ha sido durante el \u00faltimo siglo\u00bb.<\/p>\n","protected":false},"excerpt":{"rendered":"\u00a0\u00a0\u00a0MADRID, 17 Sep. (EUROPA PRESS) &#8211; \u00a0\u00a0\u00a0Por primera vez, astr\u00f3nomos han utilizado p\u00falsares binarios y solitarios para delimitar&hellip;\n","protected":false},"author":2,"featured_media":124530,"comment_status":"","ping_status":"","sticky":false,"template":"","format":"standard","meta":{"footnotes":""},"categories":[81],"tags":[119,123,124,25,24,117,121,122,23,118,120],"class_list":{"0":"post-124529","1":"post","2":"type-post","3":"status-publish","4":"format-standard","5":"has-post-thumbnail","7":"category-ciencia-y-tecnologia","8":"tag-ciencia","9":"tag-ciencia-y-tecnologia","10":"tag-cienciaytecnologia","11":"tag-es","12":"tag-espana","13":"tag-science","14":"tag-science-and-technology","15":"tag-scienceandtechnology","16":"tag-spain","17":"tag-technology","18":"tag-tecnologia"},"share_on_mastodon":{"url":"","error":""},"_links":{"self":[{"href":"https:\/\/www.europesays.com\/es\/wp-json\/wp\/v2\/posts\/124529","targetHints":{"allow":["GET"]}}],"collection":[{"href":"https:\/\/www.europesays.com\/es\/wp-json\/wp\/v2\/posts"}],"about":[{"href":"https:\/\/www.europesays.com\/es\/wp-json\/wp\/v2\/types\/post"}],"author":[{"embeddable":true,"href":"https:\/\/www.europesays.com\/es\/wp-json\/wp\/v2\/users\/2"}],"replies":[{"embeddable":true,"href":"https:\/\/www.europesays.com\/es\/wp-json\/wp\/v2\/comments?post=124529"}],"version-history":[{"count":0,"href":"https:\/\/www.europesays.com\/es\/wp-json\/wp\/v2\/posts\/124529\/revisions"}],"wp:featuredmedia":[{"embeddable":true,"href":"https:\/\/www.europesays.com\/es\/wp-json\/wp\/v2\/media\/124530"}],"wp:attachment":[{"href":"https:\/\/www.europesays.com\/es\/wp-json\/wp\/v2\/media?parent=124529"}],"wp:term":[{"taxonomy":"category","embeddable":true,"href":"https:\/\/www.europesays.com\/es\/wp-json\/wp\/v2\/categories?post=124529"},{"taxonomy":"post_tag","embeddable":true,"href":"https:\/\/www.europesays.com\/es\/wp-json\/wp\/v2\/tags?post=124529"}],"curies":[{"name":"wp","href":"https:\/\/api.w.org\/{rel}","templated":true}]}}