{"id":124549,"date":"2025-09-19T06:10:09","date_gmt":"2025-09-19T06:10:09","guid":{"rendered":"https:\/\/www.europesays.com\/es\/124549\/"},"modified":"2025-09-19T06:10:09","modified_gmt":"2025-09-19T06:10:09","slug":"el-papel-de-mark-ruffalo-como-aliado-y-defensor-de-javier-bardem-y-de-la-libertad-de-expresion","status":"publish","type":"post","link":"https:\/\/www.europesays.com\/es\/124549\/","title":{"rendered":"El papel de Mark Ruffalo como aliado y defensor de Javier Bardem (y de la libertad de expresi\u00f3n)"},"content":{"rendered":"<p>\u201cGracias Javier Bardem por tu decencia, tu coraje y tu amor por todos los seres humanos. <strong>Eres un faro de luz, amigo\u201d,<\/strong> <a data-offer-url=\"https:\/\/x.com\/MarkRuffalo\/status\/1841871136511950911?ref_src=twsrc%5Etfw%7Ctwcamp%5Etweetembed%7Ctwterm%5E1841871136511950911%7Ctwgr%5E4088e9fe11721692535e07e58d12e934509e0b59%7Ctwcon%5Es1_&amp;ref_url=https%3A%2F%2Fwww.hindustantimes.com%2Fentertainment%2Fhollywood%2Fmark-ruffalo-praises-javier-bardems-speech-on-israel-hamas-war-101728029398075.html\" class=\"external-link\" data-event-click=\"{&quot;element&quot;:&quot;ExternalLink&quot;,&quot;outgoingURL&quot;:&quot;https:\/\/x.com\/MarkRuffalo\/status\/1841871136511950911?ref_src=twsrc%5Etfw%7Ctwcamp%5Etweetembed%7Ctwterm%5E1841871136511950911%7Ctwgr%5E4088e9fe11721692535e07e58d12e934509e0b59%7Ctwcon%5Es1_&amp;ref_url=https%3A%2F%2Fwww.hindustantimes.com%2Fentertainment%2Fhollywood%2Fmark-ruffalo-praises-javier-bardems-speech-on-israel-hamas-war-101728029398075.html&quot;}\" href=\"https:\/\/x.com\/MarkRuffalo\/status\/1841871136511950911?ref_src=twsrc%5Etfw%7Ctwcamp%5Etweetembed%7Ctwterm%5E1841871136511950911%7Ctwgr%5E4088e9fe11721692535e07e58d12e934509e0b59%7Ctwcon%5Es1_&amp;ref_url=https%3A%2F%2Fwww.hindustantimes.com%2Fentertainment%2Fhollywood%2Fmark-ruffalo-praises-javier-bardems-speech-on-israel-hamas-war-101728029398075.html\" rel=\"nofollow noopener\" target=\"_blank\">escribi\u00f3 Mark en un tuit<\/a>. Y hace solo unos d\u00edas, ambos actores firmaron, junto a otros 1.200 profesionales de la industria cinematogr\u00e1fica, <a data-offer-url=\"https:\/\/www.instagram.com\/p\/DOVzqTPDpV6\/?utm_source=ig_embed\" class=\"external-link\" data-event-click=\"{&quot;element&quot;:&quot;ExternalLink&quot;,&quot;outgoingURL&quot;:&quot;https:\/\/www.instagram.com\/p\/DOVzqTPDpV6\/?utm_source=ig_embed&quot;}\" href=\"https:\/\/www.instagram.com\/p\/DOVzqTPDpV6\/?utm_source=ig_embed\" rel=\"nofollow noopener\" target=\"_blank\">una declaraci\u00f3n<\/a> comprometi\u00e9ndose a no trabajar con instituciones cinematogr\u00e1ficas o empresas israel\u00edes que, seg\u00fan denuncian, se encuentran \u00abimplicadas en el genocidio y el apartheid contra el pueblo palestino\u00bb.<\/p>\n<p>Ruffalo ha alabado tambi\u00e9n en redes la labor de periodistas en Gaza, como el palestino <a data-offer-url=\"https:\/\/www.tiktok.com\/@middleeastmonitor\/video\/7457889228068850977\" class=\"external-link\" data-event-click=\"{&quot;element&quot;:&quot;ExternalLink&quot;,&quot;outgoingURL&quot;:&quot;https:\/\/www.tiktok.com\/@middleeastmonitor\/video\/7457889228068850977&quot;}\" href=\"https:\/\/www.tiktok.com\/@middleeastmonitor\/video\/7457889228068850977\" rel=\"nofollow noopener\" target=\"_blank\">Motaz Azaiza<\/a>, pero volviendo a otros actores, tambi\u00e9n est\u00e1 dispuesto a <strong>apoyar a compa\u00f1eros que no comparten precisamente su activismo ni sus ideas, como <a href=\"https:\/\/www.revistavanityfair.es\/cultura\/entretenimiento\/articulos\/chris-pratt-cuerpo-10-passengers-jennifer-lawrence\/23283\" rel=\"nofollow noopener\" target=\"_blank\">Chris Pratt<\/a><\/strong><a href=\"https:\/\/www.revistavanityfair.es\/cultura\/entretenimiento\/articulos\/chris-pratt-cuerpo-10-passengers-jennifer-lawrence\/23283\" rel=\"nofollow noopener\" target=\"_blank\">,<\/a> que se define como apol\u00edtico \u2013fue de los pocos entre el reparto de Los Vengadores que no mostr\u00f3 p\u00fablicamente su apoyo a la candidata dem\u00f3crata Kamala Harris antes de las elecciones presidenciales de 2024\u2013, aunque a veces se le vincula con c\u00edrculos conservadores por <a data-offer-url=\"https:\/\/www.instagram.com\/reel\/DOlnLPBCbdN\/?utm_source=ig_web_copy_link&amp;igsh=MzRlODBiNWFlZA==\" class=\"external-link\" data-event-click=\"{&quot;element&quot;:&quot;ExternalLink&quot;,&quot;outgoingURL&quot;:&quot;https:\/\/www.instagram.com\/reel\/DOlnLPBCbdN\/?utm_source=ig_web_copy_link&amp;igsh=MzRlODBiNWFlZA==&quot;}\" href=\"https:\/\/www.instagram.com\/reel\/DOlnLPBCbdN\/?utm_source=ig_web_copy_link&amp;igsh=MzRlODBiNWFlZA==\" rel=\"nofollow noopener\" target=\"_blank\">su proselitismo religioso en redes<\/a>.<\/p>\n<p>Quiz\u00e1 en parte por ello, cuando la cineasta Amy Berg lanz\u00f3 una encuesta que se hizo viral en Twitter para elegir al <strong>\u201cpeor Chris\u201d de Hollywood entre Chris Hemsworth, Chris Pratt, Chris Pine y Chris Evans<\/strong>, Pratt fue con diferencia el m\u00e1s nombrado en las respuestas.<\/p>\n<p>\u201cPara que lo sep\u00e1is todos, <strong>Chris Pratt no puede ser m\u00e1s s\u00f3lido como hombre.<\/strong> Lo conozco personalmente y, en lugar de ponerlo en duda, miren c\u00f3mo vive su vida. Simplemente, por lo general, no es abiertamente pol\u00edtico. Esto es una distracci\u00f3n\u201d, tuite\u00f3 Ruffalo a prop\u00f3sito de la cuesti\u00f3n.<\/p>\n<p>Chris Evans, Mark Ruffalo y Elizabeth Olsen en 2014Albert L. Ortega\/Getty Images<\/p>\n<p><strong>A otro Chris, a Evans, tambi\u00e9n lo apoy\u00f3<\/strong> \u2013o mejor dicho, lo trole\u00f3 un poco para animarle\u2013 p\u00fablicamente cuando en 2020 subi\u00f3 accidentalmente a su cuenta de Instagram un v\u00eddeo con algunas im\u00e1genes \u00edntimas subidas de tono.<\/p>\n<p>\u201cChris Evans, hermano, <strong>mientras Trump est\u00e9 en la Casa Blanca no hay NADA que puedas hacer de lo que te debas avergonzar.<\/strong> Mira, por lo menos hay un resquicio de esperanza\u201d, tuite\u00f3 <a data-offer-url=\"https:\/\/x.com\/MarkRuffalo\/status\/1304966063101280257?ref_src=twsrc%5Etfw%7Ctwcamp%5Etweetembed%7Ctwterm%5E1304966063101280257%7Ctwgr%5E73cdd0b8f5bc5539ae254583300296d5f1c08b13%7Ctwcon%5Es1_&amp;ref_url=https%3A%2F%2Ffandomwire.com%2Fbro-mark-ruffalo-defended-chris-evans-after-captain-america-stars-ndes-leaked-on-social-media%2F\" class=\"external-link\" data-event-click=\"{&quot;element&quot;:&quot;ExternalLink&quot;,&quot;outgoingURL&quot;:&quot;https:\/\/x.com\/MarkRuffalo\/status\/1304966063101280257?ref_src=twsrc%5Etfw%7Ctwcamp%5Etweetembed%7Ctwterm%5E1304966063101280257%7Ctwgr%5E73cdd0b8f5bc5539ae254583300296d5f1c08b13%7Ctwcon%5Es1_&amp;ref_url=https%3A%2F%2Ffandomwire.com%2Fbro-mark-ruffalo-defended-chris-evans-after-captain-america-stars-ndes-leaked-on-social-media%2F&quot;}\" href=\"https:\/\/x.com\/MarkRuffalo\/status\/1304966063101280257?ref_src=twsrc%5Etfw%7Ctwcamp%5Etweetembed%7Ctwterm%5E1304966063101280257%7Ctwgr%5E73cdd0b8f5bc5539ae254583300296d5f1c08b13%7Ctwcon%5Es1_&amp;ref_url=https%3A%2F%2Ffandomwire.com%2Fbro-mark-ruffalo-defended-chris-evans-after-captain-america-stars-ndes-leaked-on-social-media%2F\" rel=\"nofollow noopener\" target=\"_blank\">a su compa\u00f1ero del MCU<\/a>.<\/p>\n<p><script async src=\"\/\/www.instagram.com\/embed.js\"><\/script><script async src=\"\/\/www.tiktok.com\/embed.js\"><\/script><\/p>\n","protected":false},"excerpt":{"rendered":"\u201cGracias Javier Bardem por tu decencia, tu coraje y tu amor por todos los seres humanos. Eres un&hellip;\n","protected":false},"author":2,"featured_media":124550,"comment_status":"","ping_status":"","sticky":false,"template":"","format":"standard","meta":{"footnotes":""},"categories":[174],"tags":[255,177,146,147,25,24,629,256,15751,40683,952,23],"class_list":{"0":"post-124549","1":"post","2":"type-post","3":"status-publish","4":"format-standard","5":"has-post-thumbnail","7":"category-famosos","8":"tag-celebrities","9":"tag-cine","10":"tag-entertainment","11":"tag-entretenimiento","12":"tag-es","13":"tag-espana","14":"tag-estados-unidos","15":"tag-famosos","16":"tag-javier-bardem","17":"tag-mark-ruffalo","18":"tag-politica","19":"tag-spain"},"share_on_mastodon":{"url":"","error":""},"_links":{"self":[{"href":"https:\/\/www.europesays.com\/es\/wp-json\/wp\/v2\/posts\/124549","targetHints":{"allow":["GET"]}}],"collection":[{"href":"https:\/\/www.europesays.com\/es\/wp-json\/wp\/v2\/posts"}],"about":[{"href":"https:\/\/www.europesays.com\/es\/wp-json\/wp\/v2\/types\/post"}],"author":[{"embeddable":true,"href":"https:\/\/www.europesays.com\/es\/wp-json\/wp\/v2\/users\/2"}],"replies":[{"embeddable":true,"href":"https:\/\/www.europesays.com\/es\/wp-json\/wp\/v2\/comments?post=124549"}],"version-history":[{"count":0,"href":"https:\/\/www.europesays.com\/es\/wp-json\/wp\/v2\/posts\/124549\/revisions"}],"wp:featuredmedia":[{"embeddable":true,"href":"https:\/\/www.europesays.com\/es\/wp-json\/wp\/v2\/media\/124550"}],"wp:attachment":[{"href":"https:\/\/www.europesays.com\/es\/wp-json\/wp\/v2\/media?parent=124549"}],"wp:term":[{"taxonomy":"category","embeddable":true,"href":"https:\/\/www.europesays.com\/es\/wp-json\/wp\/v2\/categories?post=124549"},{"taxonomy":"post_tag","embeddable":true,"href":"https:\/\/www.europesays.com\/es\/wp-json\/wp\/v2\/tags?post=124549"}],"curies":[{"name":"wp","href":"https:\/\/api.w.org\/{rel}","templated":true}]}}