{"id":124551,"date":"2025-09-19T06:12:09","date_gmt":"2025-09-19T06:12:09","guid":{"rendered":"https:\/\/www.europesays.com\/es\/124551\/"},"modified":"2025-09-19T06:12:09","modified_gmt":"2025-09-19T06:12:09","slug":"cristina-fernandez-cubas-la-gran-cuentista-espanola-vuelve-en-busca-de-sus-lectores-avispados","status":"publish","type":"post","link":"https:\/\/www.europesays.com\/es\/124551\/","title":{"rendered":"Cristina Fern\u00e1ndez Cubas, la gran cuentista espa\u00f1ola, vuelve en busca de sus \u00ablectores avispados\u00bb"},"content":{"rendered":"<p class=\"article-text\">\n        Diez a\u00f1os despu\u00e9s de su \u00faltimo trabajo La habitaci\u00f3n de Nona, Cristina Fern\u00e1ndez Cubas regresa a las librer\u00edas con una nueva recopilaci\u00f3n de relatos titulada Lo que no se ve (Tusquets). Una frase que podr\u00eda resumir la tem\u00e1tica de la mayor\u00eda de sus obras, porque a la escritora catalana le gusta mover a sus personajes por el terreno de las sombras, de las <a href=\"https:\/\/www.eldiario.es\/cultura\/nathalie-tocci-gobierno-eeuu-interesado-destruir-europa_128_12064400.html\" data-mrf-recirculation=\"links-noticia\" class=\"link\" rel=\"nofollow noopener\" target=\"_blank\">incertidumbres<\/a> cotidianas que no se pueden explicar en el \u00e1mbito de la racionalidad. Hay nombramientos que se conceden demasiado r\u00e1pido, pero no hay duda de que ella se merece el de \u2018mejor <a href=\"https:\/\/www.eldiario.es\/cultura\/libros\/tres-cuentos-roald-dahl-herederos-no-quieren-leas_1_12501875.html\" data-mrf-recirculation=\"links-noticia\" class=\"link\" rel=\"nofollow noopener\" target=\"_blank\">cuentista<\/a> espa\u00f1ola\u2019, que ya lleva cosido a su nombre.\n    <\/p>\n<p>    <a href=\"https:\/\/www.eldiario.es\/cultura\/libros\/elia-barcelo-no-entiendo-periodicos-serios-bajan-nivel-jalear-idioteces-politicos-derechas_1_12585684.html\" data-mrf-recirculation=\"saber-mas\" data-dl-event=\"saber-mas\" rel=\"nofollow noopener\" target=\"_blank\"><\/p>\n<p class=\"know-more__title\">Elia Barcel\u00f3: \u201cNo entiendo por qu\u00e9 peri\u00f3dicos serios se bajan al nivel de jalear las idioteces de los pol\u00edticos de derechas\u201d<\/p>\n<p>            <img decoding=\"async\" class=\"lazy\" loading=\"lazy\" data-src=\"https:\/\/static.eldiario.es\/clip\/f0713fba-3eaa-4244-993c-486d4d51d33b_16-9-aspect-ratio_default_0_x1317y1623.jpg\" src=\"data:image\/svg+xml,%3Csvg xmlns=\" http:=\"\" viewbox=\"0 0 880 495\" alt=\"Elia Barcel\u00f3: \u201cNo entiendo por qu\u00e9 peri\u00f3dicos serios se bajan al nivel de jalear las idioteces de los pol\u00edticos de derechas\u201d\"\/><\/p>\n<p>                        <\/a><\/p>\n<p class=\"article-text\">\n        \u201cA m\u00ed me gusta moverme en esos grises de la vida, en esos misterios cotidianos, m\u00e1s que en el blanco o el negro\u201d, dice a elDiario.es en Barcelona, durante una ma\u00f1ana te\u00f1ida de esos tonos que tanto le atraen. Est\u00e1 inquieta por si tanta entrevista \u2013su vuelta al espacio p\u00fablico ha causado un peque\u00f1o terremoto en el <a href=\"https:\/\/www.eldiario.es\/cultura\/libros\/enrique-murillo-editor-espana-pais-nadie-lee-lanzan-novedades-tapar-devoluciones_1_12533094.html\" data-mrf-recirculation=\"links-noticia\" class=\"link\" rel=\"nofollow noopener\" target=\"_blank\">sector literario<\/a>\u2013 le afecta a la voz antes de la presentaci\u00f3n al p\u00fablico, pero su car\u00e1cter hace que sea espl\u00e9ndida con las respuestas. Declara que durante esta d\u00e9cada alejada de la primera fila de la actualidad ha estado haciendo \u201cmuchas cosas\u201d porque, a veces, \u201cla vida tambi\u00e9n tiene sus exigencias\u201d. \u201cPero estoy sorprendid\u00edsima de que hayan pasado diez a\u00f1os, el tiempo va muy r\u00e1pido\u201d, indica.\n    <\/p>\n<p class=\"article-text\">\n        Estos nuevos seis relatos que componen Lo que no se ve vuelven a acercarse a lo inquietante del d\u00eda a d\u00eda. Gran parte del miedo que se experimenta al leer un cuento de Cristina Fern\u00e1ndez Cubas emana de las relaciones que los personajes establecen entre ellos, que cuanto m\u00e1s intensas, m\u00e1s desasosegantes son. Un claro ejemplo es el del v\u00ednculo que pueden tener dos <a href=\"https:\/\/www.eldiario.es\/cultura\/arte\/gogh-activistas-feministas-hermanas-pintor-familia-destino-tragico_1_11930406.html\" data-mrf-recirculation=\"links-noticia\" class=\"link\" rel=\"nofollow noopener\" target=\"_blank\">hermanas<\/a>, un recurso muy habitual en la obra de la escritora y que est\u00e1 presente en dos de los cuentos del volumen:\u00a0T\u00fa Joan, yo Bette [una referencia a la pel\u00edcula \u00bfQu\u00e9 fue de Baby Jane?] y La hermana china.\n    <\/p>\n<p><img decoding=\"async\" style=\"border: 1px solid white; margin: 20px 20px 10px 0px; box-shadow: 5px 5px 10px 0px rgba(0,0,0,0.1);\" src=\"https:\/\/www.europesays.com\/es\/wp-content\/uploads\/2025\/09\/3b71cc8d-b55f-4665-8eb1-a60e94a59c83_source-aspect-ratio_default_0.jpg\" alt=\"\" width=\"158\" height=\"\" align=\"left\" data-title=\"\"\/><\/p>\n<p class=\"article-text\">\n        Todos tienen or\u00edgenes diferentes. Algunos surgieron de un recuerdo, otros son pura invenci\u00f3n y hay uno en concreto, Il Buco, que sale de un sue\u00f1o del que se despert\u00f3 alterada. Ella era la protagonista, aunque, cuando desarroll\u00f3 la idea en el relato, decidi\u00f3 darle el papel principal a un hombre. \u201cMe levant\u00e9 muy sobresaltada porque de repente descubr\u00eda el secreto del mundo en una <a href=\"https:\/\/www.eldiario.es\/cultura\/catedral-romanica-quimera-repoblar-espana-vacia_1_8520670.html\" data-mrf-recirculation=\"links-noticia\" class=\"link\" rel=\"nofollow noopener\" target=\"_blank\">catedral<\/a>, aunque cuando me despert\u00e9 ya se me hab\u00eda olvidado\u201d, explica, \u201cas\u00ed que para desdramatizar le enjaret\u00e9 ese descubrimiento a un se\u00f1or que est\u00e1 en un desfile de modelos que le importa un bledo porque lo \u00fanico que quiere es descubrir lo que le ha pasado\u201d. En su literatura hay <a href=\"https:\/\/www.eldiario.es\/cultura\/musica\/misterio-beth-gibbons-voz-portishead-capaz-parar-tiempo_129_12467619.html\" data-mrf-recirculation=\"links-noticia\" class=\"link\" rel=\"nofollow noopener\" target=\"_blank\">misterio<\/a>, pero tambi\u00e9n alguna dosis de humor que ayuda a ahuyentar la calamidad.\n    <\/p>\n<p class=\"article-text\">\n        Este nuevo libro llega en un momento en el que el g\u00e9nero del relato est\u00e1 en auge en Espa\u00f1a, en parte gracias a autoras latinoamericanas como <a href=\"https:\/\/www.eldiario.es\/cultura\/libros\/mariana-enriquez-ia-imposible-reproduzca-humano-podra-enamorarse-trauma_1_12599394.html\" data-mrf-recirculation=\"links-noticia\" class=\"link\" rel=\"nofollow noopener\" target=\"_blank\">Mariana Enr\u00edquez<\/a>, <a href=\"https:\/\/www.eldiario.es\/cultura\/samanta-schweblin-regresa-seis-cuentos-inquietantes-gran-ejercicio-literatura-construir-diversidad_1_12152872.html\" data-mrf-recirculation=\"links-noticia\" class=\"link\" rel=\"nofollow noopener\" target=\"_blank\">Samanta Schweblin<\/a> o Fernanda Melchor. En este pa\u00eds no existe esa buena consideraci\u00f3n por la narrativa \u2018corta\u2019 que existe en Argentina o en el panorama anglosaj\u00f3n y menos a\u00fan en 1980, cuando Cristina Fern\u00e1ndez public\u00f3 Mi hermana Elba, su primer libro. \u201cEs algo que ocurre aqu\u00ed y puede que en Francia tambi\u00e9n. Yo me cans\u00e9 hasta la saciedad de repetir que el cuento es un g\u00e9nero en s\u00ed mismo, porque no se ve\u00eda as\u00ed. Todo el mundo me preguntaba \u2018\u00bfY para cu\u00e1ndo la novela?\u2019. Se ve\u00eda como el que hace un cortometraje con la idea de hacer un largo despu\u00e9s\u201d, rememora.\n    <\/p>\n<p class=\"article-text\">\n        En su opini\u00f3n, el relato es un g\u00e9nero que tiene leyes propias y que permite jugar con el tiempo y el espacio como no es posible en un desarrollo m\u00e1s extenso. \u201cEl cuento pide un lector avispado y nada vago. Es decir, las cosas no te las dan machacadas ni repetidas. El lector de relatos incluso debe estar dispuesto a aportar su parte\u201d, expone, \u201cy, lo siento, pero no todo el mundo dispone de esas facultades. El cuento va m\u00e1s all\u00e1 del n\u00famero de p\u00e1ginas porque si te ha impresionado, vas pensando: \u2018claro, el final no es el final\u2019\u201d.\n    <\/p>\n<p>            <img decoding=\"async\" class=\"lazy\" loading=\"lazy\" data-src=\"https:\/\/static.eldiario.es\/clip\/498d7e76-58f0-4e49-8c15-ee24806f31cc_16-9-aspect-ratio_default_1126044.jpg\" src=\"data:image\/svg+xml,%3Csvg xmlns=\" http:=\"\" viewbox=\"0 0 7877 4431\" alt=\"La escritora Cristina Fern\u00e1ndez Cubas\"\/><\/p>\n<p class=\"article-text\">\n        Fern\u00e1ndez Cubas se adentr\u00f3 en el mundo de los relatos en su infancia, como casi todo el mundo. Fue gracias a su ni\u00f1era, que le contaba historias truculentas a ella y sus hermanas por las noches, en un ejercicio de oralidad, que es la forma m\u00e1s antigua de literatura. Despu\u00e9s, sus lecturas siguieron por los cauces habituales de su \u00e9poca: los libros de Celia de Elena Fort\u00fan, las Mujercitas de Louisa May Alcott, las capas y espadas de Robert Louis Stevenson \u2013\u201cNo creo tener un bagaje muy distinto al de otra gente de mi edad\u201d, sostiene\u2013 y, por fin, el terror de <a href=\"https:\/\/www.eldiario.es\/cultura\/demonio-venganza_129_12476742.html\" data-mrf-recirculation=\"links-noticia\" class=\"link\" rel=\"nofollow noopener\" target=\"_blank\">Edgar Allan Poe<\/a>. Sus escritos, por tem\u00e1tica y formato, le encantaron y solo hay que leer su propia obra para reconocer su influencia. \u201cEl relato es el formato id\u00f3neo para el misterio o para indagar en esas cosas que no comprendemos. No solo como escritora, sino como lectora, me parece buen\u00edsimo\u201d, sostiene.\n    <\/p>\n<p class=\"article-text\">\n        Pero aunque la mayor\u00eda de sus trabajos sean cortos, en su bibliograf\u00eda tambi\u00e9n tiene tres novelas: El a\u00f1o de Gracia, El columpio y La puerta entreabierta. Las escribi\u00f3 porque lo que quer\u00eda contar le ped\u00eda un formato largo, no porque se lo pidieran. \u201cY disfrut\u00e9 much\u00edsimo, es otro placer diferente\u201d, afirma. La tercera de ellas la firm\u00f3 con el seud\u00f3nimo Fernanda Kubbs, un disfraz nada discreto porque se trata de una \u201cextranjerizaci\u00f3n\u201d, comenta, de su nombre. \u201cDe hecho, el libro llevaba una faja que pon\u00eda Cristina Fern\u00e1ndez Cubas\u201d, rememora entre risas. Lo hizo as\u00ed para advertir al lector de que hab\u00eda iniciado una l\u00ednea diferente a la de sus trabajos anteriores. \u201cFernanda Kubbs es mi hermana de tinta. Y dije que continuar\u00eda, pero luego no me apeteci\u00f3\u201d, resuelve.\n    <\/p>\n<p>    Unas cuantas p\u00e1ginas m\u00e1s<\/p>\n<p class=\"article-text\">\n        Antes de dedicarse por completo a la literatura, Cristina Fern\u00e1ndez Cubas tambi\u00e9n trabaj\u00f3 como <a href=\"https:\/\/www.eldiario.es\/cultura\/cine\/formular-preguntas-suelen-hacerlas-periodistas-diferentes-medios-ponen-debate-profesion_1_12579859.html\" data-mrf-recirculation=\"links-noticia\" class=\"link\" rel=\"nofollow noopener\" target=\"_blank\">periodista<\/a>. Recuerda aquellos tiempos con mucho cari\u00f1o, pero despu\u00e9s de dejarlo, nunca tuvo el gusanillo de volver. Lleva mal las fechas de entrega \u2013no hace falta m\u00e1s que echarle un repaso al ritmo de su producci\u00f3n literaria para comprobarlo\u2013 y se considera \u201cun poco desobediente\u201d al respecto. Su experiencia period\u00edstica m\u00e1s especial fue en un peri\u00f3dico en Per\u00fa, donde vivi\u00f3 un tiempo junto a su marido el escritor Carlos Tr\u00edas Sagnier. \u201cGracias a ese trabajo yo ya no era solo una persona que estaba all\u00ed de residente, y eso fue maravilloso. Pero en el periodismo tienes que ir a una conferencia y ser fiel a lo que se ha dicho y yo soy m\u00e1s de dejar volar la imaginaci\u00f3n\u201d.\n    <\/p>\n<p class=\"article-text\">\n        La escritora tiene en su haber una buena lista de premios, como el de Ciudad de Barcelona que recibi\u00f3 en 2009 por Todos tus cuentos o el Premio Nacional de Narrativa que obtuvo en 2016 por La habitaci\u00f3n de Nona. El \u00faltimo ha sido nada menos que el Premio Nacional de las Letras Espa\u00f1olas en 2023, un galard\u00f3n a su trayectoria que le pill\u00f3 escribiendo en pijama. \u201cCuando me llamaron no lo entend\u00eda, porque me hab\u00edan dado el de Narrativa y pensaba que me hablaban del mismo\u201d, recuerda, \u201centonces me pasaron con el Ministro de Cultura, que por aquel entonces era Miquel Iceta. Le reconoc\u00ed enseguida por su voz. Y despu\u00e9s ya empezaron todas las llamadas de la prensa\u201d. Fue una jornada fren\u00e9tica que vivi\u00f3 sin poder cambiarse de ropa, sin parar hasta las siete de la tarde, cuando termin\u00f3 las entrevistas. \u201cEntonces me com\u00ed el queso y el jam\u00f3n que ten\u00eda en la nevera, me tom\u00e9 un vasito de vino y me fui a la cama porque estaba agotada. Fue un d\u00eda muy extra\u00f1o pero interesant\u00edsimo\u201d, mantiene.\n    <\/p>\n<p>    <a href=\"https:\/\/www.eldiario.es\/cultura\/libros\/oyen-fenomeno-literario-televisivo-aborda-polarizacion-eeuu-thriller-adictivo_1_12597669.html\" data-mrf-recirculation=\"saber-mas-abajo\" data-dl-event=\"saber-mas-abajo\" rel=\"nofollow noopener\" target=\"_blank\"><\/p>\n<p class=\"know-more__title\">&#8216;Los que oyen&#8217;, un fen\u00f3meno literario (y televisivo) que aborda la polarizaci\u00f3n en EEUU desde el thriller adictivo<\/p>\n<p>            <img decoding=\"async\" class=\"lazy\" loading=\"lazy\" data-src=\"https:\/\/static.eldiario.es\/clip\/77767b55-60ab-45b6-abf4-fc3c8796dc44_16-9-aspect-ratio_default_0.jpg\" src=\"data:image\/svg+xml,%3Csvg xmlns=\" http:=\"\" viewbox=\"0 0 880 495\" alt=\"'Los que oyen', un fen\u00f3meno literario (y televisivo) que aborda la polarizaci\u00f3n en EEUU desde el thriller adictivo\"\/><\/p>\n<p>                        <\/a><\/p>\n<p class=\"article-text\">\n        Los premios a la trayectoria tienen cierto regusto a punto y final, pero <a href=\"https:\/\/www.eldiario.es\/cultura\/cristina-fernandez-cubas-premio-nacional-letras-2023_1_10650072.html\" data-mrf-recirculation=\"links-noticia\" class=\"link\" rel=\"nofollow noopener\" target=\"_blank\">Cristina Fern\u00e1ndez Cubas<\/a> no tiene intenci\u00f3n de dejar de escribir y, de hecho, se sigue poniendo un poco nerviosa cuando presenta un t\u00edtulo nuevo porque no ha perdido la emoci\u00f3n de publicar. Tampoco quiere pensar en otros posibles galardones. \u201cSiempre digo que el libro es una invitaci\u00f3n a un viaje: que se apunten y vayan contigo es el mejor de los premios\u201d, concluye.\n    <\/p>\n","protected":false},"excerpt":{"rendered":"Diez a\u00f1os despu\u00e9s de su \u00faltimo trabajo La habitaci\u00f3n de Nona, Cristina Fern\u00e1ndez Cubas regresa a las librer\u00edas&hellip;\n","protected":false},"author":2,"featured_media":124552,"comment_status":"","ping_status":"","sticky":false,"template":"","format":"standard","meta":{"footnotes":""},"categories":[172],"tags":[40686,224,331,7538,40684,40685,146,147,25,24,2501,10994,3956,27496,225,23,739],"class_list":{"0":"post-124551","1":"post","2":"type-post","3":"status-publish","4":"format-standard","5":"has-post-thumbnail","7":"category-libros","8":"tag-avispados","9":"tag-books","10":"tag-busca","11":"tag-cristina","12":"tag-cubas","13":"tag-cuentista","14":"tag-entertainment","15":"tag-entretenimiento","16":"tag-es","17":"tag-espana","18":"tag-espanola","19":"tag-fernandez","20":"tag-gran","21":"tag-lectores","22":"tag-libros","23":"tag-spain","24":"tag-vuelve"},"share_on_mastodon":{"url":"","error":""},"_links":{"self":[{"href":"https:\/\/www.europesays.com\/es\/wp-json\/wp\/v2\/posts\/124551","targetHints":{"allow":["GET"]}}],"collection":[{"href":"https:\/\/www.europesays.com\/es\/wp-json\/wp\/v2\/posts"}],"about":[{"href":"https:\/\/www.europesays.com\/es\/wp-json\/wp\/v2\/types\/post"}],"author":[{"embeddable":true,"href":"https:\/\/www.europesays.com\/es\/wp-json\/wp\/v2\/users\/2"}],"replies":[{"embeddable":true,"href":"https:\/\/www.europesays.com\/es\/wp-json\/wp\/v2\/comments?post=124551"}],"version-history":[{"count":0,"href":"https:\/\/www.europesays.com\/es\/wp-json\/wp\/v2\/posts\/124551\/revisions"}],"wp:featuredmedia":[{"embeddable":true,"href":"https:\/\/www.europesays.com\/es\/wp-json\/wp\/v2\/media\/124552"}],"wp:attachment":[{"href":"https:\/\/www.europesays.com\/es\/wp-json\/wp\/v2\/media?parent=124551"}],"wp:term":[{"taxonomy":"category","embeddable":true,"href":"https:\/\/www.europesays.com\/es\/wp-json\/wp\/v2\/categories?post=124551"},{"taxonomy":"post_tag","embeddable":true,"href":"https:\/\/www.europesays.com\/es\/wp-json\/wp\/v2\/tags?post=124551"}],"curies":[{"name":"wp","href":"https:\/\/api.w.org\/{rel}","templated":true}]}}