{"id":124575,"date":"2025-09-19T06:30:15","date_gmt":"2025-09-19T06:30:15","guid":{"rendered":"https:\/\/www.europesays.com\/es\/124575\/"},"modified":"2025-09-19T06:30:15","modified_gmt":"2025-09-19T06:30:15","slug":"oscar-piastri-sobre-las-papaya-rules-con-lando-norris-en-el-gp-de-azerbaiyan-hemos-debatido-con-mclaren","status":"publish","type":"post","link":"https:\/\/www.europesays.com\/es\/124575\/","title":{"rendered":"Oscar Piastri, sobre las &#8216;papaya rules&#8217; con Lando Norris en el GP de Azerbaiy\u00e1n: \u00abHemos debatido con McLaren\u00bb"},"content":{"rendered":"<p data-journey-content=\"true\" data-node-id=\"3\" class=\"css-6wxqfj emevuu60\">Durante la temporada 2024, el equipo McLaren ya fue capaz de dar un salto de calidad en parrilla, vi\u00e9ndose superada por Max Verstappen y Red Bull a inicios de a\u00f1o, pero con el paso de las carreras, lograron materializar su candidatura al campeonato de constructores, hasta que en la \u00faltima carrera lograron terminar el trabajo. Una tendencia positiva que ha ido a m\u00e1s en este 2025, donde Lando Norris y Oscar Piastri se postulan como los principales candidatos a llevarse el mundial de pilotos.<\/p>\n<p>Oscar Piastri y las \u2018papaya rules\u2019 con McLaren F1<\/p>\n<p data-journey-content=\"true\" data-node-id=\"7\" class=\"css-6wxqfj emevuu60\">Esta ventaja se traduce en m\u00e1s de 300 puntos por delante de Ferrari (2\u00ba clasificado) en la clasificaci\u00f3n de equipos.<strong data-node-id=\"7.1\"> Por ende, los papaya han transmitido a sus pilotos el mensaje de que pod\u00edan pelear en pista, y as\u00ed ocurri\u00f3 en escenarios como Canad\u00e1,<\/strong> que termin\u00f3 con el \u20184\u2019 abandonando la carrera por tocarse con su compa\u00f1ero de equipo. Sin embargo, en el GP de Italia, tras una parada lenta con Lando Norris, desde boxes reportaron que Oscar Piastri deb\u00eda devolver la posici\u00f3n, <a href=\"https:\/\/www.caranddriver.com\/es\/formula-1\/a66003810\/lando-norris-polemicas-papaya-rules-oscar-piastri-gp-italia-justo\/\" target=\"_blank\" data-vars-ga-outbound-link=\"https:\/\/www.caranddriver.com\/es\/formula-1\/a66003810\/lando-norris-polemicas-papaya-rules-oscar-piastri-gp-italia-justo\/\" data-vars-ga-ux-element=\"Hyperlink\" data-vars-ga-call-to-action=\"algo que termin\u00f3 sucediendo.  \" data-node-id=\"7.3\" class=\"body-link css-168zq96 emevuu60\" rel=\"nofollow noopener\">algo que termin\u00f3 sucediendo.  <\/a><\/p>\n<p data-journey-content=\"true\" data-node-id=\"9\" class=\"css-6wxqfj emevuu60\">Este episodio suscit\u00f3 numerosas cr\u00edticas entre los aficionados y figuras del paddock, que incluso llegaron a admitir que <a href=\"https:\/\/www.caranddriver.com\/es\/formula-1\/a66066529\/bernie-ecclestone-carga-mclaren-f1-decision-oscar-piastri-lando-norris\/\" target=\"_blank\" data-vars-ga-outbound-link=\"https:\/\/www.caranddriver.com\/es\/formula-1\/a66066529\/bernie-ecclestone-carga-mclaren-f1-decision-oscar-piastri-lando-norris\/\" data-vars-ga-ux-element=\"Hyperlink\" data-vars-ga-call-to-action=\"McLaren quer\u00eda ver ganar al brit\u00e1nico.\" data-node-id=\"9.1\" class=\"body-link css-168zq96 emevuu60\" rel=\"nofollow noopener\">McLaren quer\u00eda ver ganar al brit\u00e1nico.<\/a> A pesar de ello, en la previa del GP de Azerbaiy\u00e1n, <strong data-node-id=\"9.3\">el actual l\u00edder del mundial ha asegurado que hubo un debate entre los pilotos y el equipo para aclarar lo sucedido en Monza, <\/strong>por lo que espera que no se vuelva a repetir en futuras situaciones, m\u00e1s a\u00fan estando en la pelea por el t\u00edtulo. <\/p>\n<p><img draggable=\"true\" alt=\"lando norris y oscar piastri f1\" title=\"Lando Norris y Oscar Piastri F1\" loading=\"lazy\" width=\"2845\" height=\"1897\" decoding=\"async\" data-nimg=\"1\" style=\"color:transparent;width:100%;height:auto;\"   src=\"https:\/\/www.europesays.com\/es\/wp-content\/uploads\/2025\/09\/gettyimages-2233948125-68cc2695c2d18.jpg\" class=\"css-0 e1g79fud0\"\/><a target=\"_blank\" rel=\"noopener nofollow\" data-theme-key=\"base-link\" href=\"https:\/\/pinterest.com\/pin\/create\/button\/?url=https:\/\/www.caranddriver.com\/es\/formula-1\/a67949681\/oscar-piastri-papaya-rules-lando-norris-gp-azerbaiyan-debatido-mclaren\/&amp;description=&amp;media=https:\/\/hips.hearstapps.com\/hmg-prod\/images\/gettyimages-2233948125-68cc2695c2d18.jpg?resize=1600:*\" class=\"pinterest css-on9hn5 e1c1bym14\"><img decoding=\"async\" data-dynamic-svg=\"true\" src=\"https:\/\/www.caranddriver.com\/_assets\/design-tokens\/fre\/static\/icons\/social\/pinterest.e8cf655.svg?primary=%2523ffffff\" loading=\"lazy\" data-testid=\"dynamic-svg-base\" height=\"auto\" width=\"auto\" alt=\"pinterest\" class=\"css-4lml0h e1mlxuuw1\"\/><\/a><\/p>\n<p>NurPhoto<\/p>\n<p data-journey-content=\"true\" data-node-id=\"14\" class=\"css-6wxqfj emevuu60\">\u201cHe estado pensando en lo que pas\u00f3, tambi\u00e9n lo hemos debatido con el equipo y, obviamente, ha sido un momento que ha dejado muchos titulares. <strong data-node-id=\"14.1\">Pero hemos aclarado muchas cosas sobre c\u00f3mo vamos a competir de aqu\u00ed en adelante, <\/strong>que es lo m\u00e1s importante\u201d, dec\u00eda el piloto de McLaren.<\/p>\n<p data-journey-content=\"true\" data-node-id=\"16\" class=\"css-6wxqfj emevuu60\">\u201c<strong data-node-id=\"16.1\">S\u00ed, sigo pensando lo mismo. Es una decisi\u00f3n que tomamos y una parada lenta es parte de las carreras, aunque no s\u00f3lo eso influy\u00f3, sino el orden en el que se hicieron las paradas<\/strong>\u201d, prosigui\u00f3.<\/p>\n<p data-journey-content=\"true\" data-node-id=\"18\" class=\"css-6wxqfj emevuu60\">\u201cNo fueron necesariamente por el Campeonato, pero s\u00ed hemos hablado internamente sobre c\u00f3mo queremos competir. <strong data-node-id=\"18.1\">Es algo que no vamos a compartir, porque si lo hacemos, todo el mundo sabr\u00e1 c\u00f3mo vamos a reaccionar<\/strong>\u201d, concluy\u00f3 <a href=\"https:\/\/www.caranddriver.com\/es\/formula-1\/pilotos\/a39573053\/oscar-piastri\/\" target=\"_blank\" data-vars-ga-outbound-link=\"https:\/\/www.caranddriver.com\/es\/formula-1\/pilotos\/a39573053\/oscar-piastri\/\" data-vars-ga-ux-element=\"Hyperlink\" data-vars-ga-call-to-action=\"Oscar Piastri.  \" data-node-id=\"18.3\" class=\"body-link css-168zq96 emevuu60\" rel=\"nofollow noopener\">Oscar Piastri.  <\/a><\/p>\n<p data-journey-content=\"true\" data-node-id=\"20\" class=\"css-6wxqfj emevuu60\">Es as\u00ed como el piloto de McLaren ha querido hablar sobre las \u2018papaya rules\u2019 vividas en Monza en la previa del GP de Azerbaiy\u00e1n.<\/p>\n<p>Contenidos relacionados<\/p>\n","protected":false},"excerpt":{"rendered":"Durante la temporada 2024, el equipo McLaren ya fue capaz de dar un salto de calidad en parrilla,&hellip;\n","protected":false},"author":2,"featured_media":124576,"comment_status":"","ping_status":"","sticky":false,"template":"","format":"standard","meta":{"footnotes":""},"categories":[270],"tags":[168,253,25,24,306,271,272,23,167],"class_list":{"0":"post-124575","1":"post","2":"type-post","3":"status-publish","4":"format-standard","5":"has-post-thumbnail","7":"category-formula-1","8":"tag-deportes","9":"tag-discover","10":"tag-es","11":"tag-espana","12":"tag-f1","13":"tag-formula-1","14":"tag-formula1","15":"tag-spain","16":"tag-sports"},"share_on_mastodon":{"url":"","error":""},"_links":{"self":[{"href":"https:\/\/www.europesays.com\/es\/wp-json\/wp\/v2\/posts\/124575","targetHints":{"allow":["GET"]}}],"collection":[{"href":"https:\/\/www.europesays.com\/es\/wp-json\/wp\/v2\/posts"}],"about":[{"href":"https:\/\/www.europesays.com\/es\/wp-json\/wp\/v2\/types\/post"}],"author":[{"embeddable":true,"href":"https:\/\/www.europesays.com\/es\/wp-json\/wp\/v2\/users\/2"}],"replies":[{"embeddable":true,"href":"https:\/\/www.europesays.com\/es\/wp-json\/wp\/v2\/comments?post=124575"}],"version-history":[{"count":0,"href":"https:\/\/www.europesays.com\/es\/wp-json\/wp\/v2\/posts\/124575\/revisions"}],"wp:featuredmedia":[{"embeddable":true,"href":"https:\/\/www.europesays.com\/es\/wp-json\/wp\/v2\/media\/124576"}],"wp:attachment":[{"href":"https:\/\/www.europesays.com\/es\/wp-json\/wp\/v2\/media?parent=124575"}],"wp:term":[{"taxonomy":"category","embeddable":true,"href":"https:\/\/www.europesays.com\/es\/wp-json\/wp\/v2\/categories?post=124575"},{"taxonomy":"post_tag","embeddable":true,"href":"https:\/\/www.europesays.com\/es\/wp-json\/wp\/v2\/tags?post=124575"}],"curies":[{"name":"wp","href":"https:\/\/api.w.org\/{rel}","templated":true}]}}