{"id":124577,"date":"2025-09-19T06:31:20","date_gmt":"2025-09-19T06:31:20","guid":{"rendered":"https:\/\/www.europesays.com\/es\/124577\/"},"modified":"2025-09-19T06:31:20","modified_gmt":"2025-09-19T06:31:20","slug":"el-neorrealista-italiano-dureza-y-ternura","status":"publish","type":"post","link":"https:\/\/www.europesays.com\/es\/124577\/","title":{"rendered":"El neorrealista italiano: dureza y ternura"},"content":{"rendered":"<p class=\"\"><b>\u00bfCu\u00e1ntos Scariolo hay en el mundo?<\/b> Esta pregunta funciona como reflexi\u00f3n sobre la singular influencia que puede lograr una sola persona en un determinado sector profesional o en una esfera de la opini\u00f3n p\u00fablica e imaginar si habr\u00e1 calado en la conciencia colectiva un pacto para imitar sus ideas, \u00e9tica de trabajo y estilo de liderazgo dado que, si as\u00ed fuera, ser\u00eda una cosa buena socialmente, trascendiendo el mundo del deporte y elev\u00e1ndose como modelo \u00e9tico transversal. <\/p>\n<p class=\"\">Aquella misma cuesti\u00f3n fue planteada en 2006 por el historiador de cine <b>Orio Caldiron<\/b> en su antolog\u00eda sobre el te\u00f3rico y guionista cinematogr\u00e1fico m\u00e1s influyente del siglo XX en <b>Italia<\/b>, <b>Cesare Zavattini<\/b>. As\u00ed, al atreverse <b>Caldiron <\/b>a formular \u201c<b>\u00bfcu\u00e1ntos Zavattini tenemos en nuestro pa\u00eds?<\/b>\u201d, transcurrido poco m\u00e1s de un decenio desde su fallecimiento, la respuesta fue desalentadora: ninguno que destilase el deseo por plasmar la verdad de lo real, esa que se escapa pese a tenerla ante nuestros ojos debido a una nula capacidad para la concentraci\u00f3n, acumulando miedo al otro en vez de percibirle con ternura. Sin embargo, tanto <b>Cesare <\/b>como <b>Sergio <\/b>comparten paralelismos, aunque no lo parezca a primera vista, pues lo que s\u00ed sabemos es que nuestro querido entrenador de baloncesto admira la obra de <b>Vittorio de Sica<\/b> y, en especial, su filme \u201c<b>Milagro en Mil\u00e1n<\/b>\u201d (1951), ideado por <b>Zavattini <\/b>primero como novela. Con este hilo se puede coser una elegante afinidad sobre el amor a una profesi\u00f3n y la obsesi\u00f3n por los detalles tan caracter\u00edstica del temperamento de ambas figuras.<\/p>\n<blockquote class=\"twitter-tweet\">\n<p lang=\"es\" dir=\"ltr\">Precioso homenaje a Sergio Scariolo.<\/p>\n<p>\ud83e\udd79 Visiblemente emocionado el m\u00edster en un sentido homenaje por su trayectoria. <\/p>\n<p>\u2764\ufe0f En pie todo el Movistar Arena. Se ir\u00e1 tras el Eurobasket con el cari\u00f1o de todo un pa\u00eds. <\/p>\n<p>En breve, resumen y cr\u00f3nica del partido en <a href=\"https:\/\/t.co\/D0qAjFRc76\" rel=\"nofollow\">https:\/\/t.co\/D0qAjFRc76<\/a> <a href=\"https:\/\/t.co\/h5oUsbdoWD\" rel=\"nofollow\">pic.twitter.com\/h5oUsbdoWD<\/a><\/p>\n<p>\u2014 Teledeporte (@teledeporte) <a href=\"https:\/\/twitter.com\/teledeporte\/status\/1958647068215394779?ref_src=twsrc%5Etfw\" rel=\"nofollow noopener\" target=\"_blank\">August 21, 2025<\/a><\/p><\/blockquote>\n<p class=\"\"><b>Cesare Zavattini<\/b> (1902-1989), escritor, periodista, abogado y activista social de su tiempo, fue el ide\u00f3logo del movimiento neorrealista del cine italiano. Su anhelo fue demostrar que todo el cine que se hab\u00eda producido en <b>Hollywood <\/b>y en <b>Europa <\/b>antes del estallido de la <b>Segunda Guerra Mundial<\/b> nunca logr\u00f3 comprender la esencia de lo que trataba de encuadrar con sus artificiales historias, actores y puesta en escena. Hab\u00eda impuesta una sustracci\u00f3n de todo lo que pod\u00eda perturbar al espectador y fabricar un resentido. Postul\u00f3 que en el cine comercial siempre hab\u00eda existido un lado de la realidad que era reprimido, que nunca se narraba, aportando una fantas\u00eda de la vida cotidiana y la condici\u00f3n humana, unas veces para idealizarlas est\u00e9ticamente y otras para atemorizar al p\u00fablico y movilizarlo contra el cosmopolitismo y la pluralidad democr\u00e1tica. <b>Zazattini <\/b>resum\u00eda su prop\u00f3sito corrector en este mensaje: \u201c<b>la verdadera funci\u00f3n del cine es no contar cuentos<\/b>\u201d. El mundo real le resultaba tan fascinante que solo se le hac\u00eda justicia si se le captaba en su dura desnudez, sin maquillajes, con precisi\u00f3n, en un esfuerzo por no interferir en la naturaleza observable de las cosas sencillas. La filosof\u00eda de <b>Zavattini<\/b>, para nada geom\u00e9trica ni cartesiana sino espont\u00e1nea, se circunscribi\u00f3 al territorio de lo fraternal, a la conciencia de que lo decisivo en la vida es no perder la curiosidad por saber todo lo que se pueda del ser que habita junto a ti y poner toda la energ\u00eda en ayudarlo para que sea \u00e9l mismo quien transforme su situaci\u00f3n; dicho de otro modo, hay que acompa\u00f1arlo con tanta firmeza y rigor como solidaridad y compasi\u00f3n. <\/p>\n<p class=\"\"><b>Scariolo <\/b>naci\u00f3 en <b>Brescia<\/b>, en la regi\u00f3n de <b>Lombard\u00eda<\/b>. Hijo de profesores de ciencias (matem\u00e1ticas su padre; qu\u00edmica su madre). Por ser educado en unos valores de pasi\u00f3n por el trabajo codificados con una alta intensidad en su personalidad, no es de extra\u00f1ar que el mismo los haya asociado con una caracterolog\u00eda de ascendencia calvinista. En realidad, <b>Lombard\u00eda<\/b>, con su alta densidad industrial tan t\u00edpica del norte de <b>Italia<\/b>, reuni\u00f3 cierto h\u00e1lito concordante con la \u00e9tica protestante que diagnostic\u00f3 el soci\u00f3logo <b>Max Weber<\/b>, pero mayoritariamente se mantuvo fervientemente cat\u00f3lica, lo que sin duda explica la enantiodromia del propio Sergio como entrenador y quiz\u00e1 como persona: el misterio qu\u00edmico que le permite unir polos opuestos y sintetizar en su propia mentalidad una dosis perfecta con la que resistir un estado de obsesi\u00f3n compulsiva por la perfecci\u00f3n y el orden (s\u00edntoma de una insatisfacci\u00f3n permanente que frecuentemente lleva a las personas a la frustraci\u00f3n y el enfado) que compensa con un semblante emp\u00e1tico, descentrado de la soberan\u00eda del yo, por ello no le cuesta acoger al pr\u00f3jimo y hacerse cargo de su destino. <\/p>\n<p><img loading=\"lazy\" decoding=\"async\" src=\"https:\/\/www.europesays.com\/es\/wp-content\/uploads\/2025\/09\/1758263469_99_OAUIESTFDBDWDEJQOA2IXBAJ7M.jpg\" alt=\"Sergio Scariolo firm\u00f3 en 2009 con la Selecci\u00f3n. Relev\u00f3 a A\u00edto Garc\u00eda Renses que gan\u00f3 la plata ol\u00edmpica en Pek\u00edn 2008.\" class=\"a_m-h\" height=\"1607\" width=\"2450\"  \/>Sergio Scariolo firm\u00f3 en 2009 con la Selecci\u00f3n. Relev\u00f3 a A\u00edto Garc\u00eda Renses que gan\u00f3 la plata ol\u00edmpica en Pek\u00edn 2008.marcos<img decoding=\"async\" src=\"https:\/\/www.europesays.com\/es\/wp-content\/uploads\/2025\/09\/1758263469_637_N6AQCSEFJBDJZA6ZZRSCLFL4ZM.jpg\" alt=\"El primer torneo de Scariolo como seleccionador fue el Eurobasket de Polonia 2009. El grupo, liderado por los Gasol, Rudy Fern\u00e1ndez, un adolescente Ricky Rubio, ten\u00eda ganas de este torneo tras perder la final del Eurobasket 2007 que se disput\u00f3 en Espa\u00f1a dos a\u00f1os antes.\" class=\"a_m-h\" height=\"1627\" width=\"2450\"   loading=\"lazy\"\/>El primer torneo de Scariolo como seleccionador fue el Eurobasket de Polonia 2009. El grupo, liderado por los Gasol, Rudy Fern\u00e1ndez, un adolescente Ricky Rubio, ten\u00eda ganas de este torneo tras perder la final del Eurobasket 2007 que se disput\u00f3 en Espa\u00f1a dos a\u00f1os antes.marcos<img decoding=\"async\" src=\"https:\/\/www.europesays.com\/es\/wp-content\/uploads\/2025\/09\/1758263470_461_2LSNPYY57RBE5B7JQ4272PIME4.jpg\" alt=\"Espa\u00f1a fue de menos a m\u00e1s en el torneo, perdiendo dos partidos en la fase de grupos, contra Serbia y Turqu\u00eda, y pasando como cuartos de grupo a los cuartos de final. &#10; \" class=\"a_m-h\" height=\"2336\" width=\"3504\"   loading=\"lazy\"\/>Espa\u00f1a fue de menos a m\u00e1s en el torneo, perdiendo dos partidos en la fase de grupos, contra Serbia y Turqu\u00eda, y pasando como cuartos de grupo a los cuartos de final.<br \/>\n RODOLFO MOLINA<img decoding=\"async\" src=\"https:\/\/www.europesays.com\/es\/wp-content\/uploads\/2025\/09\/1758263470_55_JHS7L33EFFCY3BAEEE25D776AY.jpg\" alt=\"Las dudas de la fase de grupos se disiparon y en las eliminatorias, contra Francia en cuartos, Grecia en semifinales y Serbia en la final, Espa\u00f1a  venci\u00f3 cada partido por m\u00e1s de 20 puntos y Espa\u00f1a gan\u00f3 su primer euopeo.\" class=\"a_m-h\" height=\"2336\" width=\"3504\"   loading=\"lazy\"\/>Las dudas de la fase de grupos se disiparon y en las eliminatorias, contra Francia en cuartos, Grecia en semifinales y Serbia en la final, Espa\u00f1a  venci\u00f3 cada partido por m\u00e1s de 20 puntos y Espa\u00f1a gan\u00f3 su primer euopeo.RODOLFO MOLINA<img decoding=\"async\" src=\"https:\/\/www.europesays.com\/es\/wp-content\/uploads\/2025\/09\/1758263470_405_ZYOTAFC3M5HWZLOJJN255Q5QRQ.jpg\" alt=\"Tras un mundial donde se perdi\u00f3 en cuartos contra Serbia, en 2011, 'La Familia' ten\u00eda otro ilusionante Eurobasket para conseguir un nuevo t\u00edtulo internacional. \" class=\"a_m-h\" height=\"2832\" width=\"4256\"   loading=\"lazy\"\/>Tras un mundial donde se perdi\u00f3 en cuartos contra Serbia, en 2011, &#8216;La Familia&#8217; ten\u00eda otro ilusionante Eurobasket para conseguir un nuevo t\u00edtulo internacional. Rodolfo Molina<img decoding=\"async\" src=\"https:\/\/www.europesays.com\/es\/wp-content\/uploads\/2025\/09\/1758263471_931_J7WFDZV2I5HRLIFYUVMHPIGXMA.jpg\" alt=\"Y el equipo de Scariolo no fall\u00f3. En el Eurobasket 2011, que se disput\u00f3 en Lituania, Espa\u00f1a cumpli\u00f3 su papel de favorita y reedit\u00f3 el t\u00edtulo que consigui\u00f3 dos a\u00f1os antes en Polonia.\" class=\"a_m-h\" height=\"2832\" width=\"4256\"   loading=\"lazy\"\/>Y el equipo de Scariolo no fall\u00f3. En el Eurobasket 2011, que se disput\u00f3 en Lituania, Espa\u00f1a cumpli\u00f3 su papel de favorita y reedit\u00f3 el t\u00edtulo que consigui\u00f3 dos a\u00f1os antes en Polonia.RODOLFO MOLINA<img decoding=\"async\" src=\"https:\/\/www.europesays.com\/es\/wp-content\/uploads\/2025\/09\/1758263471_130_ZUCHVC7WUZAILN5SGBWPPEM2W4.jpg\" alt=\"El cuarto torneo que Scariolo dirigi\u00f3 a Espa\u00f1a fue en los Juegos Ol\u00edmpicos de Londres 2012. En la capital brit\u00e1nica, 'La Familia' consigui\u00f3 una nueva plata tras llegar a la final y perder contra la todopoderosa selecci\u00f3n de Estados Unidos.&#10;&#10;&#10;&#10;&#10;&#10;&#10;\" class=\"a_m-h\" height=\"3018\" width=\"4206\"   loading=\"lazy\"\/>El cuarto torneo que Scariolo dirigi\u00f3 a Espa\u00f1a fue en los Juegos Ol\u00edmpicos de Londres 2012. En la capital brit\u00e1nica, &#8216;La Familia&#8217; consigui\u00f3 una nueva plata tras llegar a la final y perder contra la todopoderosa selecci\u00f3n de Estados Unidos.<\/p>\n<p>Alberto Iranzo<img decoding=\"async\" src=\"https:\/\/www.europesays.com\/es\/wp-content\/uploads\/2025\/09\/1758263471_200_HYHP2YNYYFGNLCH5RRESZRHLVM.jpg\" alt=\"Tras los Juegos, Scariolo y la Federaci\u00f3n no llegaron a un acuerdo para la renovaci\u00f3n del contrato del italiano. En esta primera etapa, Scariolo gan\u00f3 2 Eurobaskets y una plata ol\u00edmpica.&#10; \" class=\"a_m-h\" height=\"2472\" width=\"3888\"   loading=\"lazy\"\/>Tras los Juegos, Scariolo y la Federaci\u00f3n no llegaron a un acuerdo para la renovaci\u00f3n del contrato del italiano. En esta primera etapa, Scariolo gan\u00f3 2 Eurobaskets y una plata ol\u00edmpica.<br \/>\n JAVIER GANDUL<img decoding=\"async\" src=\"https:\/\/www.europesays.com\/es\/wp-content\/uploads\/2025\/09\/1758263471_798_YSXRPPUFSJHXTA3QGJURY2D5OY.jpg\" alt=\"En 2015, Sergio Scariolo regres\u00f3 al cargo seleccionador nacional de baloncesto. Tras unos malos resultados en el Eurobasket de 2013 y una m\u00e1s que decepcionante eliminaci\u00f3n en cuartos de final en el Mundial 2014 que se jug\u00f3 en Espa\u00f1a, la FEB decidi\u00f3 volver a darle el cargo al entrenador italiano.\" class=\"a_m-h\" height=\"3264\" width=\"4896\"   loading=\"lazy\"\/>En 2015, Sergio Scariolo regres\u00f3 al cargo seleccionador nacional de baloncesto. Tras unos malos resultados en el Eurobasket de 2013 y una m\u00e1s que decepcionante eliminaci\u00f3n en cuartos de final en el Mundial 2014 que se jug\u00f3 en Espa\u00f1a, la FEB decidi\u00f3 volver a darle el cargo al entrenador italiano.EMILIO COBOS<img decoding=\"async\" src=\"https:\/\/www.europesays.com\/es\/wp-content\/uploads\/2025\/09\/1758263472_631_UHIE2YZD6BC5HMVKCOEAFO6J54.jpg\" alt=\"30\/06\/15 , MADRID, CONSEJO SUPERIOR DE DEPORTES, PRESENTACION LISTA PRESELECCION SELECCION ESPA\u00d1OLA ESPA\u00d1A DE BALONCESTO PARA EUROBASKET 2015 SERGIO SCARIOLO  \" class=\"a_m-h\" height=\"3264\" width=\"4896\"   loading=\"lazy\"\/>30\/06\/15 , MADRID, CONSEJO SUPERIOR DE DEPORTES, PRESENTACION LISTA PRESELECCION SELECCION ESPA\u00d1OLA ESPA\u00d1A DE BALONCESTO PARA EUROBASKET 2015 SERGIO SCARIOLO  EMILIO COBOS<img decoding=\"async\" src=\"https:\/\/www.europesays.com\/es\/wp-content\/uploads\/2025\/09\/1758263472_878_RJRNP2NE25AHVAT6ORXDKMLBDY.jpg\" alt=\"El Eurobasket 2015 se disputaba en Francia, y Espa\u00f1a empez\u00f3 con las dudas por los malos torneos previos, a pesar de perder dos partidos en fase de grupos, Espa\u00f1a encar\u00f3 los cruces con una mentalidad m\u00e1s feroz y mostraron el alto nivel que todav\u00eda guardaba un veterano Pau Gasol, que jug\u00f3 este torneo con 35 a\u00f1os.\" class=\"a_m-h\" height=\"3331\" width=\"4753\"   loading=\"lazy\"\/>El Eurobasket 2015 se disputaba en Francia, y Espa\u00f1a empez\u00f3 con las dudas por los malos torneos previos, a pesar de perder dos partidos en fase de grupos, Espa\u00f1a encar\u00f3 los cruces con una mentalidad m\u00e1s feroz y mostraron el alto nivel que todav\u00eda guardaba un veterano Pau Gasol, que jug\u00f3 este torneo con 35 a\u00f1os.Alberto Nevado<img decoding=\"async\" src=\"https:\/\/www.europesays.com\/es\/wp-content\/uploads\/2025\/09\/1758263472_990_2TXFC7GRNFFK5MIXETBHZ2TYGI.jpg\" alt=\"Espa\u00f1a lleg\u00f3 a la final con dos victorias ag\u00f3nicas, primero contra la Grecia de Spanoulis y Antetokounmpo en cuartos y sobre todo en semifinales contra Francia, anfitriona y vigente campeona, a la que Espa\u00f1a venci\u00f3 gracias los 40 puntos de un imparable Pau Gasol.\" class=\"a_m-h\" height=\"1847\" width=\"2778\"   loading=\"lazy\"\/>Espa\u00f1a lleg\u00f3 a la final con dos victorias ag\u00f3nicas, primero contra la Grecia de Spanoulis y Antetokounmpo en cuartos y sobre todo en semifinales contra Francia, anfitriona y vigente campeona, a la que Espa\u00f1a venci\u00f3 gracias los 40 puntos de un imparable Pau Gasol.PHILIPPE HUGUEN<img decoding=\"async\" src=\"https:\/\/www.europesays.com\/es\/wp-content\/uploads\/2025\/09\/1758263472_246_X4STT3GCMFDUFFIW7XTEC2DIR4.jpg\" alt=\"La final contra Lituania (80-63) pareci\u00f3 f\u00e1cil tras los dos cruces anteriores y as\u00ed Espa\u00f1a consigui\u00f3 su tercer Eurobasket, con un Pau Gasol MVP que promedi\u00f3 m\u00e1s de 25 puntos por partido.\" class=\"a_m-h\" height=\"3264\" width=\"4896\"   loading=\"lazy\"\/>La final contra Lituania (80-63) pareci\u00f3 f\u00e1cil tras los dos cruces anteriores y as\u00ed Espa\u00f1a consigui\u00f3 su tercer Eurobasket, con un Pau Gasol MVP que promedi\u00f3 m\u00e1s de 25 puntos por partido.EMILIO COBOS<img decoding=\"async\" src=\"https:\/\/www.europesays.com\/es\/wp-content\/uploads\/2025\/09\/1758263473_525_GOOMS32W2ZEZBMTEIUC4XBF5XU.jpg\" alt=\"Sergio Scariolo como gestor de 'La Familia' se consolida como uno de los pilares fundamentales del \u00e9xito del combinado nacional. M\u00e1s all\u00e1 de los t\u00edtulos y las estad\u00edsticas, Scariolo ha sido el art\u00edfice de una cultura de equipo basada en la cohesi\u00f3n, la confianza y el compromiso colectivo.\" class=\"a_m-h\" height=\"3264\" width=\"4896\"   loading=\"lazy\"\/>Sergio Scariolo como gestor de &#8216;La Familia&#8217; se consolida como uno de los pilares fundamentales del \u00e9xito del combinado nacional. M\u00e1s all\u00e1 de los t\u00edtulos y las estad\u00edsticas, Scariolo ha sido el art\u00edfice de una cultura de equipo basada en la cohesi\u00f3n, la confianza y el compromiso colectivo.EMILIO COBOS<img decoding=\"async\" src=\"https:\/\/www.europesays.com\/es\/wp-content\/uploads\/2025\/09\/1758263473_301_LZLAYYL7ZVBJ3JBLZHDMWZY75I.jpg\" alt=\"Sergio Scariolo volvi\u00f3 a dirigir a la Selecci\u00f3n en unos Juegos Ol\u00edmpcios. Esta vez tuvo la mala suerte de cruzarse contra Estados Unidos en semifinales, y a pesar del esfuerzo, los 'yankees' ganaron de nuevo y Espa\u00f1a gan\u00f3 el partido por el bronce a Australia, conquistando as\u00ed la cuarta medalla ol\u00edmpica de la historia del baloncesto masculino espa\u00f1ol, tras las tres platas conseguidas en Los \u00c1ngeles 84, Pek\u00edn 2008 y Londres 2012.\" class=\"a_m-h\" height=\"3323\" width=\"4985\"   loading=\"lazy\"\/>Sergio Scariolo volvi\u00f3 a dirigir a la Selecci\u00f3n en unos Juegos Ol\u00edmpcios. Esta vez tuvo la mala suerte de cruzarse contra Estados Unidos en semifinales, y a pesar del esfuerzo, los &#8216;yankees&#8217; ganaron de nuevo y Espa\u00f1a gan\u00f3 el partido por el bronce a Australia, conquistando as\u00ed la cuarta medalla ol\u00edmpica de la historia del baloncesto masculino espa\u00f1ol, tras las tres platas conseguidas en Los \u00c1ngeles 84, Pek\u00edn 2008 y Londres 2012.Christian Petersen<img decoding=\"async\" src=\"https:\/\/www.europesays.com\/es\/wp-content\/uploads\/2025\/09\/1758263473_518_73BRHTUORZBPJDN452H4U4KCW4.jpg\" alt=\"En el Eurobasket 2017, que se disput\u00f3 en Turqu\u00eda, Espa\u00f1a se top\u00f3 contra una Eslovenia dirigida en la pista por Goran Dragic y un adolescente Luka Doncic, justo previo a su salto a la NBA. 'La Familia' se repuso del golpe y consigui\u00f3 vencer a Rusia en el partido por la tercera plaza. \" class=\"a_m-h\" height=\"1333\" width=\"2000\"   loading=\"lazy\"\/>En el Eurobasket 2017, que se disput\u00f3 en Turqu\u00eda, Espa\u00f1a se top\u00f3 contra una Eslovenia dirigida en la pista por Goran Dragic y un adolescente Luka Doncic, justo previo a su salto a la NBA. &#8216;La Familia&#8217; se repuso del golpe y consigui\u00f3 vencer a Rusia en el partido por la tercera plaza. Juan Carlos Hidalgo<img decoding=\"async\" src=\"https:\/\/www.europesays.com\/es\/wp-content\/uploads\/2025\/09\/1758263474_982_MBEKLPKOMBAZ7NFFMORNL2SUME.jpg\" alt=\"En verano de 2019, Espa\u00f1a acudi\u00f3 a China para disputar el Mundial que se jug\u00f3 en el pa\u00eds oriental. Acudi\u00f3 una Selecci\u00f3n joven liderada por veteranos como Rudy, Llull, pero sobre todo por Marc Gasol y Ricky Rubio.                            \" class=\"a_m-h\" height=\"2963\" width=\"4758\"   loading=\"lazy\"\/>En verano de 2019, Espa\u00f1a acudi\u00f3 a China para disputar el Mundial que se jug\u00f3 en el pa\u00eds oriental. Acudi\u00f3 una Selecci\u00f3n joven liderada por veteranos como Rudy, Llull, pero sobre todo por Marc Gasol y Ricky Rubio.                            alberto nevado piqueras<img decoding=\"async\" src=\"https:\/\/www.europesays.com\/es\/wp-content\/uploads\/2025\/09\/1758263474_908_ZGXMSHK4L5GEDLR22NHQFHLUA4.jpg\" alt=\"8 partidos y 8 victorias despu\u00e9s, Espa\u00f1a gan\u00f3 su segundo t\u00edtulo del mundo. Ricky Rubio fue MVP del torneo en el que promedi\u00f3 16 puntos, 5 asistencias, 4 rebotes y 2 robos por partido.\" class=\"a_m-h\" height=\"1994\" width=\"3000\"   loading=\"lazy\"\/>8 partidos y 8 victorias despu\u00e9s, Espa\u00f1a gan\u00f3 su segundo t\u00edtulo del mundo. Ricky Rubio fue MVP del torneo en el que promedi\u00f3 16 puntos, 5 asistencias, 4 rebotes y 2 robos por partido.Di Yin<img decoding=\"async\" src=\"https:\/\/www.europesays.com\/es\/wp-content\/uploads\/2025\/09\/1758263474_603_EIEPVCGDQRHAJDVM3ASJVXQOMQ.jpg\" alt=\"Sergio Scariolo posa con los hermanos Hernang\u00f3mez con el t\u00edtulo de campeones del mundo 2019. \" class=\"a_m-h\" height=\"2000\" width=\"3000\"   loading=\"lazy\"\/>Sergio Scariolo posa con los hermanos Hernang\u00f3mez con el t\u00edtulo de campeones del mundo 2019. Lintao Zhang<img decoding=\"async\" src=\"https:\/\/www.europesays.com\/es\/wp-content\/uploads\/2025\/09\/1758263475_332_7YIWBNIYIFADVMPSGW4JFR6IEI.jpg\" alt=\"Scariolo celebra con Jorge Garbajosa, presidente de la FEB, el t\u00edtulo de campeones del mundo. Scariolo dirigi\u00f3 a Garbajosa como jugador y luego le tuvo como jefe en la Federaci\u00f3n.\" class=\"a_m-h\" height=\"2965\" width=\"5158\"   loading=\"lazy\"\/>Scariolo celebra con Jorge Garbajosa, presidente de la FEB, el t\u00edtulo de campeones del mundo. Scariolo dirigi\u00f3 a Garbajosa como jugador y luego le tuvo como jefe en la Federaci\u00f3n.alberto nevado piqueras<img decoding=\"async\" src=\"https:\/\/www.europesays.com\/es\/wp-content\/uploads\/2025\/09\/1758263475_148_6XPS3QJKFRBXPGPJ2MQGAS7Z6A.jpg\" alt=\" Sergio Scariolo celebra con el p\u00fablico el triunfo conseguido en Pek\u00edn. Tras ganar a Argentina en la final, 'La Familia' se dio el homenaje que mereci\u00f3 en la Plaza de Colo\u00f3n de Madrid.\" class=\"a_m-h\" height=\"2333\" width=\"3500\"   loading=\"lazy\"\/> Sergio Scariolo celebra con el p\u00fablico el triunfo conseguido en Pek\u00edn. Tras ganar a Argentina en la final, &#8216;La Familia&#8217; se dio el homenaje que mereci\u00f3 en la Plaza de Colo\u00f3n de Madrid.NurPhoto<img decoding=\"async\" src=\"https:\/\/www.europesays.com\/es\/wp-content\/uploads\/2025\/09\/1758263475_806_CGHSEMTUXJGMHIY2KHECKJIVME.jpg\" alt=\"Scariolo consigui\u00f3 otro t\u00edtulo internacional m\u00e1s para su ya abultado palamr\u00e9s. Campe\u00f3n del mundo.\" class=\"a_m-h\" height=\"3069\" width=\"4604\"   loading=\"lazy\"\/>Scariolo consigui\u00f3 otro t\u00edtulo internacional m\u00e1s para su ya abultado palamr\u00e9s. Campe\u00f3n del mundo.JOAQUIN CORCHERO ARCOS<img decoding=\"async\" src=\"https:\/\/www.europesays.com\/es\/wp-content\/uploads\/2025\/09\/1758263475_172_2DQN53FANRBH5JCVZI2CZLZG5Y.jpg\" alt=\"En 2020, y afectados por las restricciones debido a la pandemia por la Covid-19, Scariolo solo pudo dirigir a la Selecci\u00f3n en algunos partidos de las ventanas FIBA.\" class=\"a_m-h\" height=\"2333\" width=\"4226\"   loading=\"lazy\"\/>En 2020, y afectados por las restricciones debido a la pandemia por la Covid-19, Scariolo solo pudo dirigir a la Selecci\u00f3n en algunos partidos de las ventanas FIBA.ALBERTO IRANZO<img decoding=\"async\" src=\"https:\/\/www.europesays.com\/es\/wp-content\/uploads\/2025\/09\/1758263476_146_YU2EQNOCGJBDXKOEI5SIL4X66Q.jpg\" alt=\"Los juegos Ol\u00edmpicos se celebraron en Tokio un a\u00f1o despu\u00e9s de lo previsto. En el pa\u00eds nip\u00f3n, Espa\u00f1a volvi\u00f3 a cruzarse con Estados Unidos, pero esta vez en cuartos de final, por lo que no pudieron luchar por las medallas. En la imagen Scariolo saluda a Gregg Popovich, entrenador principal de Estados Unidos en estos Juegos Ol\u00edmpicos.\" class=\"a_m-h\" height=\"5215\" width=\"7251\"   loading=\"lazy\"\/>Los juegos Ol\u00edmpicos se celebraron en Tokio un a\u00f1o despu\u00e9s de lo previsto. En el pa\u00eds nip\u00f3n, Espa\u00f1a volvi\u00f3 a cruzarse con Estados Unidos, pero esta vez en cuartos de final, por lo que no pudieron luchar por las medallas. En la imagen Scariolo saluda a Gregg Popovich, entrenador principal de Estados Unidos en estos Juegos Ol\u00edmpicos.DeFodi Images<img decoding=\"async\" src=\"https:\/\/www.europesays.com\/es\/wp-content\/uploads\/2025\/09\/1758263476_910_XL7Y2L7VY5BKBNMYXD4VPRUNWQ.jpg\" alt=\"Lleg\u00f3 2022 y con ello la oportunidad de pelear por otro Eurobasket, el de este a\u00f1o se disputaba en Alemania y Espa\u00f1a ven\u00eda con una novedad en su equipo, Lorenzo Brown, el base estadounidense fue nacionalizado &quot;express&quot; para poder jugar con la Selecci\u00f3n Espa\u00f1ola por petici\u00f3n del mismo Sergio Scariolo.\" class=\"a_m-h\" height=\"3264\" width=\"5064\"   loading=\"lazy\"\/>Lleg\u00f3 2022 y con ello la oportunidad de pelear por otro Eurobasket, el de este a\u00f1o se disputaba en Alemania y Espa\u00f1a ven\u00eda con una novedad en su equipo, Lorenzo Brown, el base estadounidense fue nacionalizado \u00abexpress\u00bb para poder jugar con la Selecci\u00f3n Espa\u00f1ola por petici\u00f3n del mismo Sergio Scariolo.alberto nevado\/FEB<img decoding=\"async\" src=\"https:\/\/www.europesays.com\/es\/wp-content\/uploads\/2025\/09\/1758263476_512_4NHRPFKVJZFK7BK2IF2NJULY6E.jpg\" alt=\"Espa\u00f1a hizo una buena primera fase, solo manchada por la derrota ante B\u00e9lgica.\" class=\"a_m-h\" height=\"3615\" width=\"5422\"   loading=\"lazy\"\/>Espa\u00f1a hizo una buena primera fase, solo manchada por la derrota ante B\u00e9lgica.ALBERTO NEVADO\/FEB<img decoding=\"async\" src=\"https:\/\/www.europesays.com\/es\/wp-content\/uploads\/2025\/09\/1758263477_785_VAC34GXATNFMJPRQGQS4S4P56I.jpg\" alt=\"Willy Hernag\u00f3mez fue el MVP del torneo promediando 17 puntos y 7 rebotes durante el Eurobasket.\" class=\"a_m-h\" height=\"4000\" width=\"6000\"   loading=\"lazy\"\/>Willy Hernag\u00f3mez fue el MVP del torneo promediando 17 puntos y 7 rebotes durante el Eurobasket.ALBERTO NEVADO\/FEB<img decoding=\"async\" src=\"https:\/\/www.europesays.com\/es\/wp-content\/uploads\/2025\/09\/1758263477_96_BSKFS5Q2O5AU5FOCXC2CKWMBKE.jpg\" alt=\"Por cuarta vez, Espa\u00f1a, dirigida por Sergio Scariolo, se coron\u00f3 campeona de Europa de baloncesto masculino. \" class=\"a_m-h\" height=\"2333\" width=\"3500\"   loading=\"lazy\"\/>Por cuarta vez, Espa\u00f1a, dirigida por Sergio Scariolo, se coron\u00f3 campeona de Europa de baloncesto masculino. Anadolu<img decoding=\"async\" src=\"https:\/\/www.europesays.com\/es\/wp-content\/uploads\/2025\/09\/1758263477_257_UCVO2BLZLRD7FAJIOEJCJUJ3SM.jpg\" alt=\"Scariolo es el entrenador que ha conseguido los cuatro europeos de la historia del baloncesto masculino espa\u00f1ol.\" class=\"a_m-h\" height=\"3505\" width=\"5162\"   loading=\"lazy\"\/>Scariolo es el entrenador que ha conseguido los cuatro europeos de la historia del baloncesto masculino espa\u00f1ol.FEB<img decoding=\"async\" src=\"https:\/\/www.europesays.com\/es\/wp-content\/uploads\/2025\/09\/1758263478_596_HCRMSFMG2JHYDKCQECT4JDV5FM.jpg\" alt=\"Rudy Fern\u00e1ndez y Sergio Scariolo posan con los 4 trofeos de Eurobasket. Los dos han sido los \u00fanicos en estar en los 4 torneos que conquist\u00f3 'La Familia'.&#10;\" class=\"a_m-h\" height=\"3455\" width=\"5183\"   loading=\"lazy\"\/>Rudy Fern\u00e1ndez y Sergio Scariolo posan con los 4 trofeos de Eurobasket. Los dos han sido los \u00fanicos en estar en los 4 torneos que conquist\u00f3 &#8216;La Familia&#8217;.<br \/>\nalberto nevado<img decoding=\"async\" src=\"https:\/\/www.europesays.com\/es\/wp-content\/uploads\/2025\/09\/1758263478_952_KEGXFJKDJZERZPJEIHYSANIYZI.jpg\" alt=\"En 2024, dirigi\u00f3 a Espa\u00f1a en los Juegos Ol\u00edmpicos. En esta ocasi\u00f3n, Espa\u00f1a no pudo pasar de fase de grupos tras perder en la primera ronda contra Australia y Canad\u00e1.\" class=\"a_m-h\" height=\"3301\" width=\"4952\"   loading=\"lazy\"\/>En 2024, dirigi\u00f3 a Espa\u00f1a en los Juegos Ol\u00edmpicos. En esta ocasi\u00f3n, Espa\u00f1a no pudo pasar de fase de grupos tras perder en la primera ronda contra Australia y Canad\u00e1.Gregory Shamus<img decoding=\"async\" src=\"https:\/\/www.europesays.com\/es\/wp-content\/uploads\/2025\/09\/1758263478_747_IZ5AYH3R6FEYFD7SDQLOBYY6VU.jpg\" alt=\"Sergio Scariolo como gestor de La Familia se consolida como uno de los pilares fundamentales del \u00e9xito del combinado nacional. M\u00e1s all\u00e1 de los t\u00edtulos y las estad\u00edsticas, Scariolo ha sido el art\u00edfice de una cultura de equipo basada en la cohesi\u00f3n, la confianza y el compromiso colectivo.\" class=\"a_m-h\" height=\"3517\" width=\"5276\"   loading=\"lazy\"\/>Sergio Scariolo como gestor de La Familia se consolida como uno de los pilares fundamentales del \u00e9xito del combinado nacional. M\u00e1s all\u00e1 de los t\u00edtulos y las estad\u00edsticas, Scariolo ha sido el art\u00edfice de una cultura de equipo basada en la cohesi\u00f3n, la confianza y el compromiso colectivo.ALBERTO NEVADO<img decoding=\"async\" src=\"https:\/\/www.europesays.com\/es\/wp-content\/uploads\/2025\/09\/1758263479_492_KNWYM6IB7VGSBL6POWJKS3RJAU.jpg\" alt=\"El 20 de agosto de 2025, la FEB hizo en Madrid un homenaje a Sergio Scariolo que anunci\u00f3 su marcha al Real Madrid tras el Eurobasket, cargo que le impide seguir como seleccionador nacional.\" class=\"a_m-h\" height=\"3886\" width=\"5829\"   loading=\"lazy\"\/>El 20 de agosto de 2025, la FEB hizo en Madrid un homenaje a Sergio Scariolo que anunci\u00f3 su marcha al Real Madrid tras el Eurobasket, cargo que le impide seguir como seleccionador nacional.Europa Press Sports<img decoding=\"async\" src=\"https:\/\/www.europesays.com\/es\/wp-content\/uploads\/2025\/09\/1758263479_137_3ETDBJAGSJBPDGOP3T4J2HH6XA.jpg\" alt=\"Scariolo da \u00f3rdenes a sus jugadores en el \u00faltimo partido que dirigi\u00f3 en Madrid a la Selecci\u00f3n.\" class=\"a_m-h\" height=\"2288\" width=\"3440\"   loading=\"lazy\"\/>Scariolo da \u00f3rdenes a sus jugadores en el \u00faltimo partido que dirigi\u00f3 en Madrid a la Selecci\u00f3n.JAVIER GANDUL<img decoding=\"async\" src=\"https:\/\/www.europesays.com\/es\/wp-content\/uploads\/2025\/09\/1758263480_602_345FTQB7TFCKVCUYR2BTIBSGDY.jpg\" alt=\"En sus dos etapas como seleccionador, Sergio Scariolo ha conseguido 8 medallas, 5 de oro, las 4 de Eurobasket (2009, 2011, 2015 y 2022) y la del Mundial 2019, 1 plata ol\u00edmpica (2012) y dos bronces (JJ.OO. 2016 y Eurobasket 2017).\" class=\"a_m-h\" height=\"3473\" width=\"5128\"   loading=\"lazy\"\/>En sus dos etapas como seleccionador, Sergio Scariolo ha conseguido 8 medallas, 5 de oro, las 4 de Eurobasket (2009, 2011, 2015 y 2022) y la del Mundial 2019, 1 plata ol\u00edmpica (2012) y dos bronces (JJ.OO. 2016 y Eurobasket 2017).CHEMA DIAZ<\/p>\n<p class=\"\">En sus inicios acumul\u00f3 mentores de la talla de <b>Riccardo Sales<\/b> y <b>Valerio Bianchini<\/b>, que le ense\u00f1aron el oficio mientras form\u00f3 parte de sus equipos. Le abrieron la cerradura al brillo del baloncesto cotidiano y <b>Scariolo <\/b>solo tuvo que sublimar su caudal de energ\u00eda libidinal para ir absorbiendo las lecciones que le transmitieron sobre gesti\u00f3n t\u00e9cnica del juego y psicolog\u00eda de los jugadores. Aquellos realistas de la canasta le brindaron una hoja de ruta para alcanzar su objeto de deseo: \u00bfc\u00f3mo ser el mejor? Contemplado desde fuera del encuadre, parece que en su modo de liderar hay un lazo con la <b>Beruf<\/b>, una palabra alemana que designa la vocaci\u00f3n sentimental por una profesi\u00f3n, pero con un matiz a\u00f1adido: un sentido m\u00edstico, como si ese goce por ser lo que uno hace en la vida, en realidad, estuviera predestinado, impuesto desde un lugar ajeno a tu voluntad, pero a la que uno no puede renunciar. <\/p>\n<p class=\"\">La evoluci\u00f3n baloncestista de <b>Scariolo <\/b>ha sido como la de una <b>Inteligencia Artificial<\/b> que va ajust\u00e1ndose progresivamente hasta que los miles de piezas que forman el mecanismo engranan en una sola aguja humanista. El colectivo emerge como lo \u00fanico importante al mismo tiempo que la aut\u00e9ntica recompensa es la forma \u00e9tica con la que es buscada la meta. En sus \u00e9xitos con nuestra selecci\u00f3n de baloncesto, no solo logr\u00f3 crear un refugio hogare\u00f1o para todos los egos de nuestras estrellas, sino que a medida que algunas iban jubil\u00e1ndose, fue capaz de hacer un homenaje en carne al filme italiano, tambi\u00e9n de esp\u00edritu neorrealista, \u201c<b>La clase obrera va al para\u00edso<\/b>\u201d (1971), tal y como <b>Sergio <\/b>nos recuerda en su \u00faltimo libro \u201c<b>Mi amor por el baloncesto<\/b>\u201d (2022). <\/p>\n<p><img decoding=\"async\" src=\"https:\/\/www.europesays.com\/es\/wp-content\/uploads\/2025\/09\/42KWEDTEUVGIVPAXA3HETGIDVI.png\" alt=\"El neorrealista italiano: dureza y ternura\" height=\"2174\" width=\"1200\"   loading=\"lazy\"\/><\/p>\n<p class=\"\">Con este ejemplo demostramos que las sendas del bresciano y del guionista nacido en <b>Luzzara <\/b>son complementarias. Sus huellas rezuman de un compromiso por impedir la alienaci\u00f3n del individuo para despertarlo y hacerle participe de algo m\u00e1s importante que sus propias emociones egotistas y del anhelo de ser otro diferente a qui\u00e9n uno es realmente. Simbolizan un cruce entre el deber de cumplir con el trabajo bien hecho para superar lo mundano y la mirada tierna que capacita para encontrar la belleza hasta en lo que otros consideran un desecho o un pan amargo. La sentencia es firme: el talento se gana democr\u00e1ticamente.<\/p>\n<p class=\"\">La lecci\u00f3n de liderazgo de <b>Scariolo <\/b>nos ense\u00f1a a reconocer lo extraordinario que hay en las cosas ordinarias de un deporte tan complejo y atractivo como lo es la vida, lo que equivale a mirar el mundo con nuevos ojos. Tal y como <b>Dante <\/b>descifr\u00f3 en su \u201c<b>Vida nueva<\/b>\u201d, hay miradas que tiene la virtud de embellecer todo cuanto mira, lo cual equivale a decir que conducen a un amor en potencia, incluso all\u00ed donde no est\u00e1. As\u00ed cristaliza la humildad necesaria para que los dem\u00e1s te sigan a la batalla.<\/p>\n<p class=\"\"><b>Alberto Gonz\u00e1lez Pascual<\/b> es profesor asociado de la URJC, ESADE y la Escuela de Organizaci\u00f3n Industrial. Es director de cultura, desarrollo y gesti\u00f3n del talento en PRISA MEDIA.<\/p>\n<p class=\"\"><b>\u00a1Tus opiniones importan!<\/b><\/p>\n<p class=\"\">Comenta en los art\u00edculos y suscr\u00edbete gratis a nuestra <a href=\"https:\/\/asfan.as.com\/newsletters\/\" target=\"_blank\" rel=\"nofollow noopener\" title=\"https:\/\/asfan.as.com\/newsletters\/\">newsletter<\/a> y a las alertas informativas en la <a href=\"https:\/\/as.com\/aplicacion-de-as-n\/\" target=\"_blank\" rel=\"nofollow noopener\" title=\"https:\/\/as.com\/aplicacion-de-as-n\/\">App<\/a> o el canal de <a href=\"https:\/\/www.whatsapp.com\/channel\/0029VaAasdA7j6g745nz9M10\" target=\"_blank\" rel=\"nofollow noopener\" title=\"https:\/\/www.whatsapp.com\/channel\/0029VaAasdA7j6g745nz9M10\">WhatsApp<\/a>. \u00bfBuscas licenciar contenido? Haz clic <a href=\"https:\/\/profesional.elpais.com\/soluciones-sindicacion?utm_medium=interno&amp;utm_source=crosslinking&amp;utm_campaign=sindicacion_as_pie_articulos\" target=\"_blank\" rel=\"nofollow noopener\" title=\"https:\/\/profesional.elpais.com\/soluciones-sindicacion?utm_medium=interno&amp;utm_source=crosslinking&amp;utm_campaign=sindicacion_as_pie_articulos\">aqu\u00ed<\/a><\/p>\n<p><script async src=\"https:\/\/platform.twitter.com\/widgets.js\" charset=\"utf-8\"><\/script><\/p>\n","protected":false},"excerpt":{"rendered":"\u00bfCu\u00e1ntos Scariolo hay en el mundo? Esta pregunta funciona como reflexi\u00f3n sobre la singular influencia que puede lograr&hellip;\n","protected":false},"author":2,"featured_media":124578,"comment_status":"","ping_status":"","sticky":false,"template":"","format":"standard","meta":{"footnotes":""},"categories":[269],"tags":[299,298,168,25,24,23,167],"class_list":{"0":"post-124577","1":"post","2":"type-post","3":"status-publish","4":"format-standard","5":"has-post-thumbnail","7":"category-baloncesto","8":"tag-baloncesto","9":"tag-basketball","10":"tag-deportes","11":"tag-es","12":"tag-espana","13":"tag-spain","14":"tag-sports"},"share_on_mastodon":{"url":"","error":""},"_links":{"self":[{"href":"https:\/\/www.europesays.com\/es\/wp-json\/wp\/v2\/posts\/124577","targetHints":{"allow":["GET"]}}],"collection":[{"href":"https:\/\/www.europesays.com\/es\/wp-json\/wp\/v2\/posts"}],"about":[{"href":"https:\/\/www.europesays.com\/es\/wp-json\/wp\/v2\/types\/post"}],"author":[{"embeddable":true,"href":"https:\/\/www.europesays.com\/es\/wp-json\/wp\/v2\/users\/2"}],"replies":[{"embeddable":true,"href":"https:\/\/www.europesays.com\/es\/wp-json\/wp\/v2\/comments?post=124577"}],"version-history":[{"count":0,"href":"https:\/\/www.europesays.com\/es\/wp-json\/wp\/v2\/posts\/124577\/revisions"}],"wp:featuredmedia":[{"embeddable":true,"href":"https:\/\/www.europesays.com\/es\/wp-json\/wp\/v2\/media\/124578"}],"wp:attachment":[{"href":"https:\/\/www.europesays.com\/es\/wp-json\/wp\/v2\/media?parent=124577"}],"wp:term":[{"taxonomy":"category","embeddable":true,"href":"https:\/\/www.europesays.com\/es\/wp-json\/wp\/v2\/categories?post=124577"},{"taxonomy":"post_tag","embeddable":true,"href":"https:\/\/www.europesays.com\/es\/wp-json\/wp\/v2\/tags?post=124577"}],"curies":[{"name":"wp","href":"https:\/\/api.w.org\/{rel}","templated":true}]}}