{"id":124588,"date":"2025-09-19T06:38:09","date_gmt":"2025-09-19T06:38:09","guid":{"rendered":"https:\/\/www.europesays.com\/es\/124588\/"},"modified":"2025-09-19T06:38:09","modified_gmt":"2025-09-19T06:38:09","slug":"las-delicias-del-jardin-%e2%98%85%e2%98%85%e2%98%85%e2%98%85%e2%9c%a9-el-arte-de-reirse-de-uno-mismo-y-otros-estrenos-de-la-semana","status":"publish","type":"post","link":"https:\/\/www.europesays.com\/es\/124588\/","title":{"rendered":"&#8216;Las delicias del jard\u00edn&#8217; (\u2605\u2605\u2605\u2605\u2729), el arte de re\u00edrse de uno mismo y otros estrenos de la semana"},"content":{"rendered":"<p data-gtm-element-container=\"modulo-texto-link\" class=\"paragraph\">Estos son los estrenos que llegan a las pantallas de cine este 19 de septiembre:<\/p>\n<p>Calificaciones<\/p>\n<p class=\"module-text\">\u2605\u2605\u2605\u2605\u2605 obra maestra<br \/>\u2605\u2605\u2605\u2605 muy buena<br \/>\u2605\u2605\u2605 buena<br \/>\u2605\u2605 regular<br \/>\u2605 mala<\/p>\n<p>Las delicias del jard\u00edn\u00a0(\u2605\u2605\u2605\u2605\u2729)<br \/>Direcci\u00f3n: Fernando Colomo<br \/>Int\u00e9rpretes: Fernando Colomo, Pablo Colomo, Carmen Machi<br \/>Producci\u00f3n: Espa\u00f1a, 2025. 94 m. Comedia.<br \/>\nEl arte de re\u00edrse de uno mismo<\/p>\n<p data-gtm-element-container=\"modulo-texto-link\" class=\"paragraph\">Por Salvador Llopart<\/p>\n<p data-gtm-element-container=\"modulo-texto-link\" class=\"paragraph\">\u00bfEs esto arte o lo puedo tirar a la basura?, pregunta la asistenta de Pepa (Carmen Machi), escoba en mano, y cuando lo dice est\u00e1 entre un papel arrugado y un cuadro abstracto de Ferm\u00edn (Fernando Colomo). La s\u00e1tira del mundo art\u00edstico es esencial en la nueva pel\u00edcula de Colomo, en la que el director de Qu\u00e9 hace una chica como t\u00fa en un sitio c\u00f3mo este (1978), tambi\u00e9n como actor, se reserva un papel protagonista.<\/p>\n<p data-gtm-element-container=\"modulo-texto-link\" class=\"paragraph\">Las delicias del jard\u00edn no tiene m\u00e1s pretensi\u00f3n que divertir. O sea, es una s\u00e1tira que no pontifica. Aunque en su ligereza, sin dejar de resultar ingeniosa, dice cosas significativas sobre el mundo del arte y los artistas. Poblada de personajes singulares en continuo movimiento. Desconcertantes como Pablo, pintor figurativo de profesi\u00f3n e hijo de Colomo, en la realidad y en la ficci\u00f3n, que encuentra en su progenitor una r\u00e9plica maravillosa. \u00bfQu\u00e9 hay de verdad y de invenci\u00f3n en sus encuentros? Dif\u00edcil saberlo. Lo cierto es que entre ambos surge cierta qu\u00edmica que para s\u00ed quisieran muchas parejas cinematogr\u00e1ficas, rom\u00e1nticas o no. Hay que destacar, adem\u00e1s, el lujo de los cameos de Antonio L\u00f3pez y Javier de Juan, artistas de prestigio que se interpretan -por un momento- a s\u00ed mismos, apartando a la s\u00e1tira un plus de verdad.<\/p>\n<p>                <img loading=\"lazy\" decoding=\"async\" data-full-src=\"https:\/\/www.lavanguardia.com\/uploads\/2025\/09\/17\/68cae44f15372.jpeg\" alt=\"Fotograma de la pel\u00edcula\" width=\"449\" height=\"202\" src=\"https:\/\/www.europesays.com\/es\/wp-content\/uploads\/2025\/09\/68cae44f15372.jpeg\" class=\"lazy\"\/><\/p>\n<p class=\"caption-title \">Fotograma de la pel\u00edcula<\/p>\n<p data-gtm-element-container=\"modulo-texto-link\" class=\"paragraph\">Como en las mejores pel\u00edculas de aquella comedia madrile\u00f1a de la que fue fundador, parece que Colomo est\u00e1 todo el tiempo improvisando. Aunque enmarcado en un guion que, precisamente por su frescura, intuye uno muy medido y meditado: muy trabajado. El aire de improvisaci\u00f3n que domina las im\u00e1genes no surge de la nada. Colomo est\u00e1 seguro de lo quiere como director; tambi\u00e9n de lo que puede dar como actor. Lo que inevitablemente lleva a las comparaciones entre \u00e9l y la forma de hacer del (mejor) Woody Allen. Estas Delicias en el jard\u00edn tienen algo de reencuentro con la espontaneidad y la supuesta intrascendencia, nada inocente en realidad, de comedias como Tigres de papel (1977), del mismo Colomo, u \u00d3pera Prima (1980), el debut de Fernando Trueba en la direcci\u00f3n, producido por el mismo Colomo. En esas comedias el cine espa\u00f1ol se deshizo de a\u00f1os de caspa y estereotipos manidos para encontrar una nueva voz. Aqu\u00ed, como entonces, la voz resulta de nuevo fresca y sin pretensiones. Nueva de trinca. Colomo, a sus 79 a\u00f1os, lo ha vuelto a hacer.<\/p>\n<p>Mi amiga Eva\u00a0(\u2605\u2605\u2605\u2605\u2729)<br \/>Direcci\u00f3n: Cesc Gay<br \/>Int\u00e9rpretes: Nora Navas, Rodrigo de la Serna, Juan Diego Botto<br \/>Producci\u00f3n: Espa\u00f1a, 2025 (99 minutos). Comedia<br \/>\nVolver a enamorarse<\/p>\n<p data-gtm-element-container=\"modulo-texto-link\" class=\"paragraph\">Por Jordi Batlle Caminal<\/p>\n<p data-gtm-element-container=\"modulo-texto-link\" class=\"paragraph\">La crisis de los cincuenta, la edad que est\u00e1 a punto de cumplir, se le manifiesta a Eva en un hotel de Roma durante un viaje breve de trabajo. All\u00ed coincide con un argentino cordial que despierta en ella un cosquilleo imprevisto. El argentino volver\u00e1 a aparecer en su vida, pero antes, mucho antes, Eva ya habr\u00e1 tomado la decisi\u00f3n de abandonar al marido y seguir el impulso de este cosquilleo: volver a enamorarse, a enamorarse de verdad, como si fuera una adolescente. Pero, \u00bfde qui\u00e9n? Esta es la premisa que pone en marcha el motor de Mi amiga Eva. En alg\u00fan momento podr\u00e1 parecer que este personaje es una versi\u00f3n catalana de la deplorable Bridget Jones, pero no, afortunadamente no, entre otras razones porque el parecido entre Nora Navas y Ren\u00e9e Zellweger es el mismo que entre el monasterio de Montserrat y un besugo al horno.<\/p>\n<p>                <img loading=\"lazy\" decoding=\"async\" data-full-src=\"https:\/\/www.lavanguardia.com\/uploads\/2025\/09\/16\/68c974c28df3a.jpeg\" alt=\"Fotograma de 'Mi amiga Eva'\" width=\"449\" height=\"190\" src=\"https:\/\/www.europesays.com\/es\/wp-content\/uploads\/2025\/09\/68c974c28df3a.jpeg\" class=\"lazy\"\/><\/p>\n<p class=\"caption-title \">Fotograma de &#8216;Mi amiga Eva&#8217;<\/p>\n<p>                    REDACCI\u00d3N \/ Terceros<\/p>\n<p data-gtm-element-container=\"modulo-texto-link\" class=\"paragraph\">Esta trama puede a priori ser disuasoria por su manifiesta falta de originalidad, pero a posteriori resulta ser una comedia muy divertida. La firma de Cesc Gay ya es una garant\u00eda. El cineasta domina los resortes esenciales del g\u00e9nero: ritmo, fluidez, elegancia, di\u00e1logos inteligentes y, siempre y sin excepci\u00f3n, int\u00e9rpretes de categor\u00eda. Son las mismas virtudes de Woody Allen. Y en Mi amiga Eva, Cesc Gay est\u00e1 muy cerca de Allen, de la ligereza y el encanto de Vicky Cristina Barcelona o A Roma con amor. Incluso las escenas de transici\u00f3n en las calles y el uso en ellas de la m\u00fasica son claros remedos del genio neoyorkino.<\/p>\n<p>        Lee tambi\u00e9n<\/p>\n<p>    Astrid Meseguer<\/p>\n<p>             <img loading=\"lazy\" decoding=\"async\" data-full-src=\"https:\/\/www.lavanguardia.com\/uploads\/2025\/08\/13\/689cb49e92fff.jpeg\" alt=\"Cesc Gay, director de 'Mi amiga Eva'\" width=\"104\" height=\"108\" src=\"https:\/\/www.europesays.com\/es\/wp-content\/uploads\/2025\/09\/689cb49e92fff.r_d.3420-2215.jpeg\" class=\"lazy\"\/><\/p>\n<p data-gtm-element-container=\"modulo-texto-link\" class=\"paragraph\">Navas es el mascar\u00f3n de proa, impecable y carism\u00e1tica, pero el nutrido elenco de secundarios es tambi\u00e9n fenomenal. Ning\u00fan personaje es meramente decorativo, todos tienen sus matices y el gesto preciso. Por poner un ejemplo, los sutiles registros c\u00f3micos de \u00c0gata Roca cuando acompa\u00f1a a Eva en la visita a la ginec\u00f3loga. Mi amiga Eva puede ser una comedia enga\u00f1osa: su sencillez algunos la tomar\u00e1n por futilidad, cuando en realidad no es nada f\u00e1cil confeccionar un divertimento tan et\u00e9reo y bien acabado.<\/p>\n<p>La primera escuela\u00a0(\u2605\u2605\u2605\u2729\u2729)<br \/>Direcci\u00f3n: \u00c9ric Besnard<br \/>Int\u00e9rpretes: Alexandra Lamy, Gr\u00e9gory Gadebois, J\u00e9r\u00f4me Kircher, J\u00e9r\u00e9my Lopez<br \/>Producci\u00f3n: Francia, 2024 (109 min)<br \/>Drama hist\u00f3rico<br \/>\nUn colegio en la campi\u00f1a<\/p>\n<p data-gtm-element-container=\"modulo-texto-link\" class=\"paragraph\">Por Philipp Engel<\/p>\n<p data-gtm-element-container=\"modulo-texto-link\" class=\"paragraph\">Besnard repite la f\u00f3rmula de Delicioso: si ah\u00ed fabulaba sobre el primer restaurante franc\u00e9s, aqu\u00ed personifica en una maestra (Alexandra Lamy) la llegada de la educaci\u00f3n obligatoria a la Francia rural decimon\u00f3nica. Antes cocinero, Gadebois es ahora el adusto alcalde que, poco a poco, como el resto de la aldea, abrir\u00e1 su coraz\u00f3n a la intrusa. Narraci\u00f3n cl\u00e1sica, acad\u00e9mica y previsible, donde la rudeza de los paisajes invernales dar\u00e1 paso a un suave perfume a lavanda que deja al respetable satisfecho y sonriente.<\/p>\n<p>        Lee tambi\u00e9n<\/p>\n<p>    Astrid Meseguer<\/p>\n<p>             <img loading=\"lazy\" decoding=\"async\" data-full-src=\"https:\/\/www.lavanguardia.com\/uploads\/2025\/04\/27\/680e5d1b5f57e.jpeg\" alt=\"\u00c9ric Besnard posa durante el photocall de 'La primera escuela'\" width=\"104\" height=\"108\" src=\"https:\/\/www.europesays.com\/es\/wp-content\/uploads\/2025\/09\/680e5d1b5f57e.r_d.3525-1462.jpeg\" class=\"lazy\"\/><\/p>\n<p>Un gran viaje atrevido y maravilloso\u00a0(\u2605\u2605\u2729\u2729\u2729)<br \/>Direcci\u00f3n: Kogonada<br \/>Int\u00e9rpretes: Margot Robbie, Colin Farrell<br \/>Producci\u00f3n: EE.UU., 2025 (108 minutos). Fant\u00e1stica<br \/>\nUn c\u00f3ctel pintoresco<\/p>\n<p data-gtm-element-container=\"modulo-texto-link\" class=\"paragraph\">Por J. Batlle<\/p>\n<p data-gtm-element-container=\"modulo-texto-link\" class=\"paragraph\">Maestro del videoensayo con ya dos largometrajes precedentes aplaudidos por sus fans, Kogonoda nos obsequia ahora un c\u00f3ctel de alto riesgo que es a la vez comedia, drama, fantas\u00eda, musical, road movie y romance (muy, pero que muy azucarado, indigesto, en el tramo final), donde un hombre y una mujer que se acaban de conocer contemplan sus respectivos pasados en un viaje con \u00ednfulas filos\u00f3fico-existenciales, todo envuelto en una est\u00e9tica manierista y po\u00e9tica decididamente kitsch.\u00a0<\/p>\n<p>                <img loading=\"lazy\" decoding=\"async\" data-full-src=\"https:\/\/www.lavanguardia.com\/uploads\/2025\/09\/17\/68cae40e585e0.jpeg\" alt=\"Colin Farrell y Margot Robbie\" width=\"449\" height=\"221\" src=\"https:\/\/www.europesays.com\/es\/wp-content\/uploads\/2025\/09\/68cae40e585e0.jpeg\" class=\"lazy\"\/><\/p>\n<p class=\"caption-title \">Colin Farrell y Margot Robbie<\/p>\n<p>Small things like these\u00a0(\u2605\u2605\u2605\u2605\u2729)<br \/>Direcci\u00f3n: Tim Mielants<br \/>Int\u00e9rpretes: Cillian Murphy, Eileen Walsh, Emily Watson<br \/>Producci\u00f3n: Irlanda, 2024. 96 m. Drama<br \/>\nEsas peque\u00f1as cosas<\/p>\n<p data-gtm-element-container=\"modulo-texto-link\" class=\"paragraph\">Por S. Llopart<\/p>\n<p data-gtm-element-container=\"modulo-texto-link\" class=\"paragraph\">El negocio sucio, bendecido por la iglesia irlandesa, de adopci\u00f3n de hijos de madres solteras sin el consentimiento de las propias madres ha sido denunciado ya en pel\u00edculas como The magdalene sisters (2002, Peter Mullan) y Philomena (2013, Stephen Frears). En esta ocasi\u00f3n la condena se extiende al silencio de la comunidad entera y pone en evidencia los puntos ciegos del asunto. Estamos en los a\u00f1os ochenta del S.XX y Cilian Murphy, el protagonista, ese actor de mirada acerada y gesto minimalista, se convierte en el dedo acusatorio de lo que todos saben y nadie impide.<\/p>\n<p>        Lee tambi\u00e9n<\/p>\n<p>    Astrid Meseguer<\/p>\n<p>             <img loading=\"lazy\" decoding=\"async\" data-full-src=\"https:\/\/www.lavanguardia.com\/uploads\/2024\/02\/15\/65ce4af25c9fd.jpeg\" alt=\"(L-R) US producer and actor Matt Damon, Belgian director Tim Mielants and Irish actor and producer Cillian Murphy pose during the photo call for the film 'Small Things Like These' presented in competition prior to the opening of the 74th Berlinale, Europe's first major film festival of the year, in Berlin on February 15, 2024. 'Small Things Like These', a drama about Ireland's notorious laundries used as prison camps for 'fallen' young women, will celebrate its world premiere during the opening of Berlin's international film festival on February 15. (Photo by John MACDOUGALL \/ AFP)\" width=\"104\" height=\"108\" src=\"https:\/\/www.europesays.com\/es\/wp-content\/uploads\/2025\/09\/65ce4af25c9fd.jpeg\" class=\"lazy\"\/><\/p>\n<p>One Hand Don&#8217;t Clap\u00a0(\u2605\u2605\u2605\u2605\u2729)<br \/>Direcci\u00f3n: Kavery Kaul<br \/>Producci\u00f3n: Estados Unidos, 1991 (92 min)<br \/>Documental musical\u00a0<br \/>\nCalypso mon amour<\/p>\n<p data-gtm-element-container=\"modulo-texto-link\" class=\"paragraph\">Por P. Engel<\/p>\n<p data-gtm-element-container=\"modulo-texto-link\" class=\"paragraph\">Felizmente restaurado y recuperado en modo estreno, un espl\u00e9ndido tributo al ritmo m\u00e1s c\u00e9lebre de Trinidad, con permiso de sus steel-bands. Con Lord Kitchener y Calypso Rose como maestros de ceremonias, no s\u00f3lo resulta did\u00e1ctico, con sus puntuales saltos al pasado, para los que todav\u00eda no se han enamorado de la m\u00fasica caribe\u00f1a, sino que brinda las canciones \u00edntegras (no en insufribles cachitos), retrata aquel momento dominado por la soca en los 80, perreos incluidos, y viene envuelto en voluptuosos colores, con predominancia del rojo, que acaban estallando en un clim\u00e1tico carnaval.<\/p>\n<p>On falling\u00a0(\u2605\u2605\u2605\u2729\u2729)<br \/>Direcci\u00f3n: Laura Carreira<br \/>Int\u00e9rpretes: Joana Santos, In\u00eas Vaz, Neil Leiper<br \/>Producci\u00f3n: Gran Breta\u00f1a-Portugal, 2024 (104 minutos). Drama<br \/>\nLa vida gris y triste<\/p>\n<p data-gtm-element-container=\"modulo-texto-link\" class=\"paragraph\">Por J. Batlle<\/p>\n<p data-gtm-element-container=\"modulo-texto-link\" class=\"paragraph\">Retrato del d\u00eda a d\u00eda de una portuguesa joven y solitaria que trabaja en Escocia, en unos almacenes, compuesto por una serie de repeticiones (trabajo, cena en el comedor de la empresa, trabajo, cena, una visita puntual a la discoteca, trabajo, cena\u2026) que cristalizan en el panorama deprimente de una vida triste y gris (o vidas: sus compa\u00f1eros, casi todos tambi\u00e9n inmigrantes, no van por mejor camino). Cine social notable, realista, austero y al\u00e9rgico al serm\u00f3n o al mensaje.<\/p>\n","protected":false},"excerpt":{"rendered":"Estos son los estrenos que llegan a las pantallas de cine este 19 de septiembre: Calificaciones \u2605\u2605\u2605\u2605\u2605 obra&hellip;\n","protected":false},"author":2,"featured_media":124589,"comment_status":"","ping_status":"","sticky":false,"template":"","format":"standard","meta":{"footnotes":""},"categories":[169],"tags":[177,146,147,25,24,176,175,23],"class_list":{"0":"post-124588","1":"post","2":"type-post","3":"status-publish","4":"format-standard","5":"has-post-thumbnail","7":"category-cine","8":"tag-cine","9":"tag-entertainment","10":"tag-entretenimiento","11":"tag-es","12":"tag-espana","13":"tag-film","14":"tag-movies","15":"tag-spain"},"share_on_mastodon":{"url":"","error":""},"_links":{"self":[{"href":"https:\/\/www.europesays.com\/es\/wp-json\/wp\/v2\/posts\/124588","targetHints":{"allow":["GET"]}}],"collection":[{"href":"https:\/\/www.europesays.com\/es\/wp-json\/wp\/v2\/posts"}],"about":[{"href":"https:\/\/www.europesays.com\/es\/wp-json\/wp\/v2\/types\/post"}],"author":[{"embeddable":true,"href":"https:\/\/www.europesays.com\/es\/wp-json\/wp\/v2\/users\/2"}],"replies":[{"embeddable":true,"href":"https:\/\/www.europesays.com\/es\/wp-json\/wp\/v2\/comments?post=124588"}],"version-history":[{"count":0,"href":"https:\/\/www.europesays.com\/es\/wp-json\/wp\/v2\/posts\/124588\/revisions"}],"wp:featuredmedia":[{"embeddable":true,"href":"https:\/\/www.europesays.com\/es\/wp-json\/wp\/v2\/media\/124589"}],"wp:attachment":[{"href":"https:\/\/www.europesays.com\/es\/wp-json\/wp\/v2\/media?parent=124588"}],"wp:term":[{"taxonomy":"category","embeddable":true,"href":"https:\/\/www.europesays.com\/es\/wp-json\/wp\/v2\/categories?post=124588"},{"taxonomy":"post_tag","embeddable":true,"href":"https:\/\/www.europesays.com\/es\/wp-json\/wp\/v2\/tags?post=124588"}],"curies":[{"name":"wp","href":"https:\/\/api.w.org\/{rel}","templated":true}]}}