{"id":124592,"date":"2025-09-19T06:40:08","date_gmt":"2025-09-19T06:40:08","guid":{"rendered":"https:\/\/www.europesays.com\/es\/124592\/"},"modified":"2025-09-19T06:40:08","modified_gmt":"2025-09-19T06:40:08","slug":"biomarcador-en-sangre-para-ver-la-progresion-hacia-el-alzheimer","status":"publish","type":"post","link":"https:\/\/www.europesays.com\/es\/124592\/","title":{"rendered":"Biomarcador en sangre para ver la progresi\u00f3n hacia el alzh\u00e9imer"},"content":{"rendered":"<p>A diferencia de <a href=\"https:\/\/www.saludadiario.es\/investigacion\/un-nuevo-biomarcador-en-sangre-permite-diagnosticar-alzheimer-en-estadios-tempranos\/\" target=\"_blank\" rel=\"noreferrer noopener nofollow\">otros biomarcadores en sangre<\/a> desarrollados recientemente por equipos internacionales, que sirven para confirmar la presencia de patolog\u00eda cerebral, el nuevo test MAP-AD\u00ae es pron\u00f3stico y aporta informaci\u00f3n cl\u00ednica decisiva sobre la evoluci\u00f3n futura de cada paciente hacia el alzh\u00e9imer.<\/p>\n<p>Los resultados de la investigaci\u00f3n, <a href=\"https:\/\/www.sciencedirect.com\/science\/article\/pii\/S2589004225016797?via%3Dihub\" target=\"_blank\" rel=\"noreferrer noopener nofollow\">publicados en la revista iScience (Cell Press)<\/a>, han permitido desarrollar el test MAP-AD\u00ae, creado por la compa\u00f1\u00eda ADmit Therapeutics, spin-off surgida del Instituto de Investigaci\u00f3n Biom\u00e9dica de Bellvitge (IDIBELL). Este test ha obtenido tambi\u00e9n el marcado CE-IVDR, que certifica que cumple los estrictos requisitos de seguridad y eficacia de la Uni\u00f3n Europea y abre la puerta a su aplicaci\u00f3n cl\u00ednica.<\/p>\n<p>Seg\u00fan datos del CatSalut (2023), en Catalu\u00f1a un 2% de la poblaci\u00f3n padece alg\u00fan tipo de demencia, siendo el alzh\u00e9imer la m\u00e1s frecuente (69%). Esta proporci\u00f3n aumenta con la edad y, en mayores de 70 a\u00f1os, la prevalencia de demencia se sit\u00faa en el 9,6% en nuestro entorno.<\/p>\n<p>La presentaci\u00f3n de estos resultados coincide con la celebraci\u00f3n, este 19 de septiembre, de la jornada sobre la enfermedad de Alzheimer Nuevos tiempos, nuevas respuestas en el Hospital de Bellvitge, con motivo del D\u00eda Mundial del Alzheimer, que se celebra el domingo 21 de septiembre. El encuentro, dirigido a m\u00e9dicos de atenci\u00f3n primaria, profesionales sanitarios y, especialmente, a familiares de personas con Alzheimer, tiene como objetivo conectar ciencia, experiencia, innovaci\u00f3n y humanizaci\u00f3n en la atenci\u00f3n a esta problem\u00e1tica de salud.<\/p>\n<p><img loading=\"lazy\" decoding=\"async\" width=\"770\" height=\"1026\" src=\"https:\/\/www.europesays.com\/es\/wp-content\/uploads\/2025\/09\/biomarcador-alzheimer2.jpg\" alt=\"Primer biomarcador en sangre capaz de anticipar la progresi\u00f3n hacia el alzh\u00e9imer\" class=\"wp-image-69635 lazyload\" data-  \/><\/p>\n<p><strong>Un paso adelante en el pron\u00f3stico del alzh\u00e9imer<\/strong><\/p>\n<p>El ensayo observacional multic\u00e9ntrico ha sido coordinado por el Dr. Jordi Gasc\u00f3n, jefe de la Unidad de Memoria del Servicio de Neurolog\u00eda del Hospital de Bellvitge, y ha contado con la participaci\u00f3n del Dr. Ram\u00f3n Re\u00f1\u00e9 y el Dr. Jaume Campdelacreu, tambi\u00e9n neur\u00f3logos del centro.<\/p>\n<p>La investigaci\u00f3n ha incluido muestras de pacientes con deterioro cognitivo leve y de personas voluntarias sin afectaci\u00f3n cognitiva, procedentes de varios hospitales (Hospital Cl\u00ednic de Barcelona, Hospital de la Santa Creu i Sant Pau, Consorci Sanitari Integral, Fundaci\u00f3n CITA-Alzheimer) y de los biobancos de la Universidad de Washington y el Australian Imaging, Biomarker and Lifestyle Study.<\/p>\n<p><strong>El primer test pron\u00f3stico en sangre para anticipar la demencia <\/strong><\/p>\n<p>El test MAP-AD\u00ae es un an\u00e1lisis de sangre cualitativo que mide nuevos biomarcadores mitocondriales (metilaci\u00f3n del ADN mitocondrial) y los combina con datos cl\u00ednicos para predecir con alta precisi\u00f3n qu\u00e9 pacientes con deterioro cognitivo leve progresar\u00e1n hacia la demencia de Alzheimer y cu\u00e1les se mantendr\u00e1n estables.<\/p>\n<p>Seg\u00fan el Dr. Jordi Gasc\u00f3n, \u201cdurante a\u00f1os hemos podido identificar la patolog\u00eda subyacente, pero era muy dif\u00edcil predecir la evoluci\u00f3n cl\u00ednica. Disponer de una herramienta fiable que anticipe la progresi\u00f3n es un punto de inflexi\u00f3n: nos permite mantener conversaciones\u00a0 m\u00e1s informadas con las familias y guiar mejor las intervenciones, ya sean preventivas, en ensayos cl\u00ednicos o con las nuevas terapias emergentes\u201d.<\/p>\n<p>Por su parte, la Dra. Marta Barrachina, CEO y cofundadora de ADmit Therapeutics, destaca: \u201cLa certificaci\u00f3n europea y la publicaci\u00f3n cient\u00edfica en iScience refuerzan la solidez de nuestro test. Es un paso fundamental porque, a diferencia de otros biomarcadores que solo confirman patolog\u00eda, el MAP-AD\u00ae anticipa la evoluci\u00f3n cl\u00ednica. Esto lo hace \u00fanico y abre una nueva v\u00eda para mejorar la atenci\u00f3n a las personas con riesgo de alzh\u00e9imer. Nuestra empresa es un claro ejemplo de innovaci\u00f3n disruptiva en el mundo de la biomedicina, logrando que la investigaci\u00f3n de laboratorio iniciada en el IDIBELL se convierta en un producto sanitario para la pr\u00e1ctica cl\u00ednica\u201d.<\/p>\n<p><img loading=\"lazy\" decoding=\"async\" width=\"770\" height=\"487\" src=\"https:\/\/www.europesays.com\/es\/wp-content\/uploads\/2025\/09\/biomarcador-alzheimer3.jpg\" alt=\"Primer biomarcador en sangre capaz de anticipar la progresi\u00f3n hacia el alzh\u00e9imer\" class=\"wp-image-69631 lazyload\" data-  \/>Paciente en la Unidad de Memoria del Hospital de Bellvitge.<\/p>\n<p><strong>Un nuevo modelo integral para la atenci\u00f3n y la investigaci\u00f3n en demencias<\/strong><\/p>\n<p>El desarrollo de este biomarcador coincide con la puesta en marcha de la nueva Unidad de Memoria del Hospital de Bellvitge, que ha transformado la atenci\u00f3n a las personas con deterioro cognitivo. El nuevo modelo integral y multidisciplinar ha reducido la lista de espera para la primera visita de 12 meses a solo 15 d\u00edas y ha consolidado la unidad como centro de referencia para m\u00e1s de 2.000 pacientes cada a\u00f1o de L\u2019Hospitalet Sur y El Prat de Llobregat.<\/p>\n<p>En una sola ma\u00f1ana se integran las valoraciones m\u00e9dicas, neuropsicol\u00f3gicas, de enfermer\u00eda y de trabajo social, mejorando la experiencia del paciente y del cuidador. Adem\u00e1s, la unidad impulsa medidas innovadoras como aplicaciones digitales, programas de apoyo a los cuidadores y nuevas l\u00edneas de investigaci\u00f3n en demencias. El Dr. Jordi Gasc\u00f3n a\u00f1ade: \u201cEs un proyecto que mejora la calidad de vida de pacientes y cuidadores y establece una base s\u00f3lida para el trabajo en red\u201d.<\/p>\n<p><strong>Referencia bibliogr\u00e1fica<\/strong>:<\/p>\n<p>Gascon-Bayarri, J. et al. Mitochondrial methylcytosines as blood-based biomarkers for Alzheimer\u2019s disease dementia prognosis. iScience, 2025. DOI: <a href=\"https:\/\/www.sciencedirect.com\/science\/article\/pii\/S2589004225016797?via%3Dihub\" rel=\"nofollow noopener\" target=\"_blank\">10.1016\/j.isci.2025.113418<\/a><\/p>\n","protected":false},"excerpt":{"rendered":"A diferencia de otros biomarcadores en sangre desarrollados recientemente por equipos internacionales, que sirven para confirmar la presencia&hellip;\n","protected":false},"author":2,"featured_media":124593,"comment_status":"","ping_status":"","sticky":false,"template":"","format":"standard","meta":{"footnotes":""},"categories":[92],"tags":[3350,40695,25,24,165,9266,166,23,40696],"class_list":{"0":"post-124592","1":"post","2":"type-post","3":"status-publish","4":"format-standard","5":"has-post-thumbnail","7":"category-salud","8":"tag-alzheimer","9":"tag-demenncia","10":"tag-es","11":"tag-espana","12":"tag-health","13":"tag-hospital-de-bellvitge","14":"tag-salud","15":"tag-spain","16":"tag-test-diagnostico"},"share_on_mastodon":{"url":"","error":""},"_links":{"self":[{"href":"https:\/\/www.europesays.com\/es\/wp-json\/wp\/v2\/posts\/124592","targetHints":{"allow":["GET"]}}],"collection":[{"href":"https:\/\/www.europesays.com\/es\/wp-json\/wp\/v2\/posts"}],"about":[{"href":"https:\/\/www.europesays.com\/es\/wp-json\/wp\/v2\/types\/post"}],"author":[{"embeddable":true,"href":"https:\/\/www.europesays.com\/es\/wp-json\/wp\/v2\/users\/2"}],"replies":[{"embeddable":true,"href":"https:\/\/www.europesays.com\/es\/wp-json\/wp\/v2\/comments?post=124592"}],"version-history":[{"count":0,"href":"https:\/\/www.europesays.com\/es\/wp-json\/wp\/v2\/posts\/124592\/revisions"}],"wp:featuredmedia":[{"embeddable":true,"href":"https:\/\/www.europesays.com\/es\/wp-json\/wp\/v2\/media\/124593"}],"wp:attachment":[{"href":"https:\/\/www.europesays.com\/es\/wp-json\/wp\/v2\/media?parent=124592"}],"wp:term":[{"taxonomy":"category","embeddable":true,"href":"https:\/\/www.europesays.com\/es\/wp-json\/wp\/v2\/categories?post=124592"},{"taxonomy":"post_tag","embeddable":true,"href":"https:\/\/www.europesays.com\/es\/wp-json\/wp\/v2\/tags?post=124592"}],"curies":[{"name":"wp","href":"https:\/\/api.w.org\/{rel}","templated":true}]}}