{"id":124616,"date":"2025-09-19T06:56:04","date_gmt":"2025-09-19T06:56:04","guid":{"rendered":"https:\/\/www.europesays.com\/es\/124616\/"},"modified":"2025-09-19T06:56:04","modified_gmt":"2025-09-19T06:56:04","slug":"de-aitana-sanchez-gijon-a-pedro-almodovar-nadie-se-quiso-perder-el-desfile-de-carolina-herrera-en-madrid-el-pais","status":"publish","type":"post","link":"https:\/\/www.europesays.com\/es\/124616\/","title":{"rendered":"De Aitana S\u00e1nchez-Gij\u00f3n a Pedro Almod\u00f3var: nadie se quiso perder el desfile de Carolina Herrera en Madrid &#8211; EL PA\u00cdS"},"content":{"rendered":"<ol>\n<li><a href=\"https:\/\/news.google.com\/rss\/articles\/CBMi5AFBVV95cUxQeGZOSllOZF9MUmYxRDQ1Y3VnTjltYUFVTThHS1JZRjBwN1dBZFAtTTZSc0JMbFpwSmJ1d0hTVnY0NWdleW9Vb2hCc1ozbGs2YkFnU0Y3UlY4XzVIcWpPVXBGY05sX1lhWXlMN0Y5WUYzUkd6TUVsQWttQ0RpZjFtdy1SblA4eXZiYUYxVHAwdXN5b1R3WkZtXzJ6RFY2QU9VZDQybGV6WXk3M2VpMFVNVWlxUnQzTE9TLTVfZUktNWxoTl9GdWttYmJGRWozNVY1dDNrZi1iSjV5UVBQN2dlWTJjd3o?oc=5\" target=\"_blank\" rel=\"nofollow noopener\">De Aitana S\u00e1nchez-Gij\u00f3n a Pedro Almod\u00f3var: nadie se quiso perder el desfile de Carolina Herrera en Madrid<\/a>&nbsp;&nbsp;EL PA\u00cdS<\/li>\n<li><a href=\"https:\/\/news.google.com\/rss\/articles\/CBMijgFBVV95cUxNOGZYZk1FTHByNGdJNTJIcnAwdWFZVm5lY2JrOHFyVVpnZHFod2Nnb0xRXzQ0elhLWENmZUJ5UmlaZ0dUbkhFV0thaUh2QVhCZDJFYmppWXd5VWpWS2w5NGVHT202ZzJsdDhHUkh6QmpDSTJ4dV9pVUJwWTJNZFBIVGZnd1JhZUNCYV9GaVdn?oc=5\" target=\"_blank\" rel=\"nofollow noopener\">Carolina Herrera pone a bailar a Madrid | Moda | S Moda<\/a>&nbsp;&nbsp;EL PA\u00cdS<\/li>\n<li><a href=\"https:\/\/news.google.com\/rss\/articles\/CBMikAFBVV95cUxOWDFva2xSR0ltRVZ1WXJIRnVQYkx1ZXNKWWNRT2otUVpYb0owTVpHbjJaaVZvM2RNakZOMm5kTXFjanNHWDQ5S1dVS3M4Si03cC1Zelh3YzFZSkpFVXlQNzcwdTRNb1U3Q1lyLTlkUnVJMVM2TWZQTC1NZERvVjlaLXlMWlJaZE9qaFN5d0tIRXg?oc=5\" target=\"_blank\" rel=\"nofollow noopener\">Carolina Adriana Herrera o el vestido de flores m\u00e1s elegante jam\u00e1s visto en Madrid<\/a>&nbsp;&nbsp;Glamour Espa\u00f1a<\/li>\n<li><a href=\"https:\/\/news.google.com\/rss\/articles\/CBMigAFBVV95cUxOUmk4dmNqbmJGVUxnbFNjODlXM1hfY0FPVUs4VGtxNkhlaktaNjdYaVZvTVF5SXNWczN3d0dDVkt5WXp3WThGMmN1QnNDU1lRN3g1NE53T0loeFRtcGZZaURrZ2NBYkktN3hrWWRBOTVldFE4UTJsRnJNaDRJSEJwMtIBgAFBVV95cUxNVmhadEpHSEE3YWdKOWJyUnhiLVU3bExfSWNnSXFfazl0Z3NQMnJISEJTaXd3aDJSci1fNlBJaE1RczlMSTVwSlJwR01URl80WG9taVpTTUdTQ2paOEdkWjJBQU5LbDJBR0hDMUlFSmdpbjNTX0l6YTlLX2VLMWszWQ?oc=5\" target=\"_blank\" rel=\"nofollow noopener\">Claveles, violetas y Movida madrile\u00f1a: Carolina Herrera convierte la Plaza Mayor en el centro del mundo con un desfile que rinde homenaje a la ciudad en su versi\u00f3n m\u00e1s lady<\/a>&nbsp;&nbsp;El Mundo<\/li>\n<li><a href=\"https:\/\/news.google.com\/rss\/articles\/CBMizgFBVV95cUxObTB5V2hzaDRWNWlGU0ZRcHpoX3gtWUg3WENfWXM0eTFrdDlKVVh0OEFGeW1FWWJsNHdQUld5YTBfZEhoMnRRUTVhTkRsSl9FYXZXNWswTEYxUU1ieTgtTWx3MjFTVFZpUE01NnJhY2JfR2dkanlLWjg2Mk5jNEN6d2R1SmREMWJwTnJPbXYzRnNVR1F4bXptTUlnSGlaZFZFbHFOczF6MXNkYlJIR0QwdXowX0tGV3Z6RENkQk0wRXA4MEZlRTZkZjZ3REN4d9IB0wFBVV95cUxPZHdaSXVXM2pKQnI3LWlzQ1FZOUdBRmtla0xILUpvdzQ5YVV1RHNvS2N5YXEtXzllMU04WHluVzRkMkp6MVg5MW14aWdiRWFXU0FlSk9mZkJ1blE0NmxDMk9VeDFHbnI2ZC1iTEFzNERmdkVWTExTc3ozek5OVTBPWjhwU3l1cXdTV3lfQjgwVENraWxqTVdzdV9TZFRjNmJOQm1BUkhLYXNBWTczRWF4ajJMTzI0Y0R0RmlRdHRPdll4SEhBYVRUd1d1RTJjUGFzT0hF?oc=5\" target=\"_blank\" rel=\"nofollow noopener\">De Nieves \u00c1lvarez y Aitana S\u00e1nchez-Gij\u00f3n a Karolina Kurkova: los 5 mejores looks de las invitadas al desfiles de Carolina Herrera en Madrid<\/a>&nbsp;&nbsp;Vanitatis<\/li>\n<\/ol>\n","protected":false},"excerpt":{"rendered":"De Aitana S\u00e1nchez-Gij\u00f3n a Pedro Almod\u00f3var: nadie se quiso perder el desfile de Carolina Herrera en Madrid&nbsp;&nbsp;EL PA\u00cdS&hellip;\n","protected":false},"author":2,"featured_media":124617,"comment_status":"","ping_status":"","sticky":false,"template":"","format":"standard","meta":{"footnotes":""},"categories":[174],"tags":[255,146,147,25,24,256,23],"class_list":{"0":"post-124616","1":"post","2":"type-post","3":"status-publish","4":"format-standard","5":"has-post-thumbnail","7":"category-famosos","8":"tag-celebrities","9":"tag-entertainment","10":"tag-entretenimiento","11":"tag-es","12":"tag-espana","13":"tag-famosos","14":"tag-spain"},"share_on_mastodon":{"url":"","error":""},"_links":{"self":[{"href":"https:\/\/www.europesays.com\/es\/wp-json\/wp\/v2\/posts\/124616","targetHints":{"allow":["GET"]}}],"collection":[{"href":"https:\/\/www.europesays.com\/es\/wp-json\/wp\/v2\/posts"}],"about":[{"href":"https:\/\/www.europesays.com\/es\/wp-json\/wp\/v2\/types\/post"}],"author":[{"embeddable":true,"href":"https:\/\/www.europesays.com\/es\/wp-json\/wp\/v2\/users\/2"}],"replies":[{"embeddable":true,"href":"https:\/\/www.europesays.com\/es\/wp-json\/wp\/v2\/comments?post=124616"}],"version-history":[{"count":0,"href":"https:\/\/www.europesays.com\/es\/wp-json\/wp\/v2\/posts\/124616\/revisions"}],"wp:featuredmedia":[{"embeddable":true,"href":"https:\/\/www.europesays.com\/es\/wp-json\/wp\/v2\/media\/124617"}],"wp:attachment":[{"href":"https:\/\/www.europesays.com\/es\/wp-json\/wp\/v2\/media?parent=124616"}],"wp:term":[{"taxonomy":"category","embeddable":true,"href":"https:\/\/www.europesays.com\/es\/wp-json\/wp\/v2\/categories?post=124616"},{"taxonomy":"post_tag","embeddable":true,"href":"https:\/\/www.europesays.com\/es\/wp-json\/wp\/v2\/tags?post=124616"}],"curies":[{"name":"wp","href":"https:\/\/api.w.org\/{rel}","templated":true}]}}