{"id":124626,"date":"2025-09-19T07:04:08","date_gmt":"2025-09-19T07:04:08","guid":{"rendered":"https:\/\/www.europesays.com\/es\/124626\/"},"modified":"2025-09-19T07:04:08","modified_gmt":"2025-09-19T07:04:08","slug":"isadora-la-explosiva-hija-de-24-anos-de-chayanne-que-ha-sido-nominada-al-grammy-mi-papa-es-mi-superheroe-el-mundo","status":"publish","type":"post","link":"https:\/\/www.europesays.com\/es\/124626\/","title":{"rendered":"Isadora, la explosiva hija de 24 a\u00f1os de Chayanne que ha sido nominada al Grammy: &quot;Mi pap\u00e1 es mi superh\u00e9roe&quot; &#8211; El Mundo"},"content":{"rendered":"<ol>\n<li><a href=\"https:\/\/news.google.com\/rss\/articles\/CBMigAFBVV95cUxPb3h6d1VDM29mZ0J2WmdXYnNYMFp0UU5wVFVrMnZVbGJkUVJIT0RGazNOX1VRSnFoWU91QWtWOWpqQ3N5SVlDcWJlZEJmZ3hEV28tU2lfVDhYSVVnZWRFU3E2eWZWNlFyNUM0UFRhUHhrejMyM3V4UDhtOGRxaTYxQdIBgAFBVV95cUxPQVlRWG8zc2ZnZTZXQkZyVkFQSW5pZTUtbmpuSVB5NURmaFFqUU5DdW5hdmxsMDZTMTVSRXNSR29COTQ0NjB6T0l4RTA5cEtHMEo4NUk5QWJvRUpWbUxZSWFTdW9WbXFJdXlWVktUWWRFRWlDbGJBUVZQRmxPc0JDaQ?oc=5\" target=\"_blank\" rel=\"nofollow noopener\">Isadora, la explosiva hija de 24 a\u00f1os de Chayanne que ha sido nominada al Grammy: \u00abMi pap\u00e1 es mi superh\u00e9roe\u00bb<\/a>&nbsp;&nbsp;El Mundo<\/li>\n<li><a href=\"https:\/\/news.google.com\/rss\/articles\/CBMiswFBVV95cUxOODM4WHV4Tl9aQjRTWjQxZDZ4alU0ZU8xT0JLYU5DOHhqN095V193SG9tWTh4Rk15cEN4SXBQNUFPY0d4aGNVVUU3akhDdVVPUXB0YWlKX0tkUUNweGhxeVlNM2lHWHQ4NDRReUV4U2dnYnliSHVhcjlxZjFzYTF4Zm5TYTVyNnh4aTM5UlhlWmRlTUM3OVBPd0luYUwyOTNGajZ2VVlwRUpBR3c1MENPM2M5TQ?oc=5\" target=\"_blank\" rel=\"nofollow noopener\">Chayanne, emocionad\u00edsimo por la nominaci\u00f3n de su hija Isadora al Grammy Latino<\/a>&nbsp;&nbsp;HOLA<\/li>\n<li><a href=\"https:\/\/news.google.com\/rss\/articles\/CBMi9wFBVV95cUxPcldMZGRBSmFod21velNrckNzc2xudC10WHFORlQyRmVob0lTdXVxZHdJR3l1c05rR2VfTVVpWlFBYjU5MlhlVVdsMVp3MVhpZ3dkWUtRVEYwUm0tTjIyeDZzQjR2V2lGcGZyTUVOUkZLdjRuMFJTdEY2V1dEczVRaFpWRFlrNWkwaGNOSmYtanNLVFBCTWJ1RmpGYVZHVXhVbTNSNHR2UUF2RXA1VEk3NEp5bXlNOFRaQ1VEMG14NlBpZHhkVkpfaU8xaHZmMlNpNVNCdWRQcFdLX3QzSjNiQWFUX1lySnJXTUtYaGhuWGQtWDFZT3lV?oc=5\" target=\"_blank\" rel=\"nofollow noopener\">Qui\u00e9n es la hija de Chayanne y artista revelaci\u00f3n que sigue los pasos de su padre en la m\u00fasica: \u201cNo me lo creo\u201d<\/a>&nbsp;&nbsp;La Naci\u00f3n<\/li>\n<li><a href=\"https:\/\/news.google.com\/rss\/articles\/CBMihAFBVV95cUxPSkNGSVFndzZ1VFFPZ2s1TUNZTkhVd2NjU21JM3FFU2hGZ18wSU4wUXlmbWxMTHowbTBGZjBMRWpPOVVpU05sOS1QS01lc0JmQWFVZ1R0My03NXYtRXRFQ2RvZWFnSmROMzRmVGVmbWpnenRwakhmckFhUVU3MlVkcUVXQTDSAYoBQVVfeXFMTmtxb1BxUjk5ZUtmNzlIQUIyNW1QcjRtUUN6MERWRjltRE9QeVNVWGpzOExmblIyV3VIU1RsY2VyeUh1bHBJb1JzYVdpVHVqa2FiaHdONEhERTlfZ0lQVkJSXzNPd3JFSm1zZl9xRi1OWTNEcWxYWUJfTEJPdVZjVXdxTUJoRFBVMTdB?oc=5\" target=\"_blank\" rel=\"nofollow noopener\">As\u00ed es Isadora Figueroa, la hija de Chayanne que ha sido nominada a un Grammy Latino<\/a>&nbsp;&nbsp;The Objective<\/li>\n<li><a href=\"https:\/\/news.google.com\/rss\/articles\/CBMiwAFBVV95cUxPd2d3bG5LVU5rZTRMdmdiOWtqZUtlZmxlZEhsWXRib0FoMnI3azY2aUVVUzZMeG45NFpQMmMxQjByRjl3c2U4Vko1SWsyU0oxQV9PNmtiM2g1XzRVRnRTeDVoa1FjT1VhWTd0LWNKbml1bEwwNVl4QnItcVdma3daeXFPYWN3dUNmaGttRnBtWktXaXRKTml5NHZpeW1POHo0SjZqZjdDRlVVeTJSQmswSFk3djd1c0tjelJlYnY5YTLSAcYBQVVfeXFMTld6OXBGT3g2MEJuRXY3Rm9GQ1dkSUNkR2FfZzVPV3ZNcUwwYlBRb2c1c1owUzZuQUpXckt5YTUwLWhnTXhiSlBsSVBicGt6YmxVeDdDZkxvQTctbXF4MzREU2xJNDdxYWpyRXdfMVExWXdMZnpFN3RJWWpyQ0J0cXlSUWhRVWxtbXRXeF9McEhmbE1HcUltcjJURzBHeEFzZ21heGc0RUJobXprSC1Fby1VandjRFVGaHZwd1RwSldHX2JrMmxR?oc=5\" target=\"_blank\" rel=\"nofollow noopener\">El lado m\u00e1s tierno de Chayanne: celebra el logro de su hija Isadora en los Latin Grammy 2025 | VIDEO<\/a>&nbsp;&nbsp;Exc\u00e9lsior<\/li>\n<\/ol>\n","protected":false},"excerpt":{"rendered":"Isadora, la explosiva hija de 24 a\u00f1os de Chayanne que ha sido nominada al Grammy: \u00abMi pap\u00e1 es&hellip;\n","protected":false},"author":2,"featured_media":124627,"comment_status":"","ping_status":"","sticky":false,"template":"","format":"standard","meta":{"footnotes":""},"categories":[91],"tags":[40707,146,147,25,24,721,720,23],"class_list":{"0":"post-124626","1":"post","2":"type-post","3":"status-publish","4":"format-standard","5":"has-post-thumbnail","7":"category-entretenimiento","8":"tag-chayanne-mx","9":"tag-entertainment","10":"tag-entretenimiento","11":"tag-es","12":"tag-espana","13":"tag-loc","14":"tag-loc-famosos","15":"tag-spain"},"share_on_mastodon":{"url":"","error":""},"_links":{"self":[{"href":"https:\/\/www.europesays.com\/es\/wp-json\/wp\/v2\/posts\/124626","targetHints":{"allow":["GET"]}}],"collection":[{"href":"https:\/\/www.europesays.com\/es\/wp-json\/wp\/v2\/posts"}],"about":[{"href":"https:\/\/www.europesays.com\/es\/wp-json\/wp\/v2\/types\/post"}],"author":[{"embeddable":true,"href":"https:\/\/www.europesays.com\/es\/wp-json\/wp\/v2\/users\/2"}],"replies":[{"embeddable":true,"href":"https:\/\/www.europesays.com\/es\/wp-json\/wp\/v2\/comments?post=124626"}],"version-history":[{"count":0,"href":"https:\/\/www.europesays.com\/es\/wp-json\/wp\/v2\/posts\/124626\/revisions"}],"wp:featuredmedia":[{"embeddable":true,"href":"https:\/\/www.europesays.com\/es\/wp-json\/wp\/v2\/media\/124627"}],"wp:attachment":[{"href":"https:\/\/www.europesays.com\/es\/wp-json\/wp\/v2\/media?parent=124626"}],"wp:term":[{"taxonomy":"category","embeddable":true,"href":"https:\/\/www.europesays.com\/es\/wp-json\/wp\/v2\/categories?post=124626"},{"taxonomy":"post_tag","embeddable":true,"href":"https:\/\/www.europesays.com\/es\/wp-json\/wp\/v2\/tags?post=124626"}],"curies":[{"name":"wp","href":"https:\/\/api.w.org\/{rel}","templated":true}]}}