{"id":124638,"date":"2025-09-19T07:10:21","date_gmt":"2025-09-19T07:10:21","guid":{"rendered":"https:\/\/www.europesays.com\/es\/124638\/"},"modified":"2025-09-19T07:10:21","modified_gmt":"2025-09-19T07:10:21","slug":"agenda-el-memorial-de-balonmano-manolo-lara-celebra-su-cuarta-edicion","status":"publish","type":"post","link":"https:\/\/www.europesays.com\/es\/124638\/","title":{"rendered":"AGENDA: El Memorial de Balonmano &#8216;Manolo Lara&#8217; celebra su cuarta edici\u00f3n"},"content":{"rendered":"<p>\t\t\t\t\t\t\t<img fetchpriority=\"high\" decoding=\"async\" src=\"https:\/\/www.europesays.com\/es\/wp-content\/uploads\/2025\/09\/dummy.png\" alt=\"\" title=\"banner construcciones enero 2025\" width=\"850\" height=\"300\" class=\"rev-slidebg tp-rs-img rs-lazyload\" data-lazyload=\"\/\/glamourlucena.es\/wp-content\/uploads\/2025\/01\/banner-construcciones-enero-2025.webp\" data-bg=\"p:center top;f:contain;\" data-no-retina=\"\"\/><\/p>\n<p>\t\t\t\t\t\t\t<img fetchpriority=\"high\" decoding=\"async\" src=\"https:\/\/www.europesays.com\/es\/wp-content\/uploads\/2025\/09\/dummy.png\" alt=\"\" title=\"banner construcciones enero 2025\" width=\"850\" height=\"300\" class=\"rev-slidebg tp-rs-img rs-lazyload\" data-lazyload=\"\/\/glamourlucena.es\/wp-content\/uploads\/2025\/01\/banner-construcciones-enero-2025.webp\" data-bg=\"p:center top;f:contain;\" data-no-retina=\"\"\/><\/p>\n<p>\u00a0<\/p>\n<p>Lucena se prepara para la gran fiesta del balonmano con el cuarto Memorial \u2018Manolo Lara\u2019<\/p>\n<p>Esta ma\u00f1ana se ha anunciado la celebraci\u00f3n de la <b>cuarta edici\u00f3n del Memorial de Balonmano \u2018Manolo Lara\u2019<\/b>, un torneo que rinde homenaje a la figura de Manolo Lara, un referente del balonmano local. El evento tendr\u00e1 lugar el <b>pr\u00f3ximo s\u00e1bado, 20 de septiembre<\/b>, en la Ciudad Deportiva de Lucena, con partidos que se disputar\u00e1n en las pistas 1, 2, 3 y 4.<\/p>\n<p>El concejal de Deportes, <b>\u00c1ngel Novillo<\/b>, destac\u00f3 la importancia de este torneo no solo como un acto conmemorativo, sino tambi\u00e9n como una herramienta para fomentar el deporte base en la localidad.<strong> \u00abDesde el Servicio Deportivo Municipal, estamos muy orgullosos de apoyar iniciativas como esta que promueven el trabajo en equipo y la difusi\u00f3n del balonmano en todas sus categor\u00edas, tanto masculinas como femeninas\u00bb<\/strong>, afirm\u00f3 Novillo. <strong>\u00abInvitamos a todos los aficionados a que se acerquen a disfrutar de este gran espect\u00e1culo deportivo\u00bb.<\/strong><\/p>\n<p>\t\t\t\t\t\t\t<img loading=\"lazy\" decoding=\"async\" src=\"https:\/\/www.europesays.com\/es\/wp-content\/uploads\/2025\/09\/dummy.png\" alt=\"Slide\" title=\"glamour lucena (1)\" width=\"750\" height=\"200\" class=\"rev-slidebg tp-rs-img rs-lazyload\" data-lazyload=\"\/\/glamourlucena.es\/wp-content\/plugins\/revslider\/sr6\/assets\/assets\/transparent.png\" data-bg=\"p:center top;f:contain;\" data-parallax=\"off\" data-no-retina=\"\"\/><br \/>\n<a id=\"slider-32-slide-265-layer-2\" class=\"rs-layer\" href=\"https:\/\/tienda.glamourlucena.es\/categoria-producto\/ropa-de-mujer\/\" target=\"_self\" data-type=\"image\" data-rsp_ch=\"on\" data-xy=\"xo:1px,1px,1px,0;yo:-4px,-4px,-4px,-1px;\" data-text=\"w:normal;\" data-dim=\"w:849px,849px,849px,399px;h:400px,400px,400px,188px;\" data-vbility=\"t,t,f,f\" data-frame_999=\"o:0;st:w;\" style=\"z-index:6;\" rel=\"nofollow noopener\"><img loading=\"lazy\" decoding=\"async\" src=\"https:\/\/www.europesays.com\/es\/wp-content\/uploads\/2025\/09\/dummy.png\" alt=\"\" class=\"tp-rs-img rs-lazyload\" width=\"850\" height=\"400\" data-lazyload=\"\/\/glamourlucena.es\/wp-content\/uploads\/2025\/07\/MODA-MUJER-PC-MEDIA-PAGINA.webp\" data-no-retina=\"\"\/><br \/>\n\t\t\t\t\t\t\t<\/a><a id=\"slider-32-slide-265-layer-3\" class=\"rs-layer\" href=\"https:\/\/tienda.glamourlucena.es\/categoria-producto\/ropa-de-mujer\/\" target=\"_self\" data-type=\"image\" data-rsp_ch=\"on\" data-xy=\"xo:50px,50px,50px,13px;yo:50px,50px,50px,-10px;\" data-text=\"w:normal;\" data-dim=\"w:300px,300px,300px,382px;h:180px,180px,180px,509px;\" data-vbility=\"f,f,t,t\" data-frame_999=\"y:bottom;sX:2;sY:2;o:0;rZ:70deg;st:w;sp:1000;\" style=\"z-index:7;\" rel=\"nofollow noopener\"><img loading=\"lazy\" decoding=\"async\" src=\"https:\/\/www.europesays.com\/es\/wp-content\/uploads\/2025\/09\/dummy.png\" alt=\"\" class=\"tp-rs-img rs-lazyload\" width=\"450\" height=\"600\" data-lazyload=\"\/\/glamourlucena.es\/wp-content\/uploads\/2025\/07\/MODA-MUJER-850-400.webp\" data-no-retina=\"\"\/><br \/>\n\t\t\t\t\t\t\t<\/a>\t\t\t\t\t<\/p>\n<p>\t\t\t\t\t\t\t<img loading=\"lazy\" decoding=\"async\" src=\"https:\/\/www.europesays.com\/es\/wp-content\/uploads\/2025\/09\/dummy.png\" alt=\"Slide\" title=\"glamour lucena (1)\" width=\"750\" height=\"200\" class=\"rev-slidebg tp-rs-img rs-lazyload\" data-lazyload=\"\/\/glamourlucena.es\/wp-content\/plugins\/revslider\/sr6\/assets\/assets\/transparent.png\" data-bg=\"p:center top;f:contain;\" data-parallax=\"off\" data-no-retina=\"\"\/><br \/>\n<a id=\"slider-32-slide-531-layer-5\" class=\"rs-layer\" href=\"https:\/\/tienda.glamourlucena.es\/categoria-producto\/ropa-de-bebes-y-ninos\/\" target=\"_self\" data-type=\"image\" data-rsp_ch=\"on\" data-xy=\"xo:-1px,-1px,-1px,0;\" data-text=\"w:normal;\" data-dim=\"w:850px,850px,850px,400px;h:400px,400px,400px,188px;\" data-vbility=\"t,t,f,f\" data-frame_999=\"o:0;st:w;\" style=\"z-index:11;\" rel=\"nofollow noopener\"><img loading=\"lazy\" decoding=\"async\" src=\"https:\/\/www.europesays.com\/es\/wp-content\/uploads\/2025\/09\/dummy.png\" alt=\"\" class=\"tp-rs-img rs-lazyload\" width=\"850\" height=\"400\" data-lazyload=\"\/\/glamourlucena.es\/wp-content\/uploads\/2025\/07\/MODA-INFANTIL-MEDIA-PAGINA.webp\" data-no-retina=\"\"\/><br \/>\n\t\t\t\t\t\t\t<\/a><a id=\"slider-32-slide-531-layer-6\" class=\"rs-layer\" href=\"https:\/\/tienda.glamourlucena.es\/categoria-producto\/ropa-de-bebes-y-ninos\/\" target=\"_self\" data-type=\"image\" data-rsp_ch=\"on\" data-xy=\"xo:50px,50px,50px,9px;yo:50px,50px,50px,-2px;\" data-text=\"w:normal;\" data-dim=\"w:300px,300px,300px,380px;h:180px,180px,180px,507px;\" data-vbility=\"f,f,t,t\" data-frame_999=\"o:0;st:w;\" style=\"z-index:12;\" rel=\"nofollow noopener\"><img loading=\"lazy\" decoding=\"async\" src=\"https:\/\/www.europesays.com\/es\/wp-content\/uploads\/2025\/09\/dummy.png\" alt=\"\" class=\"tp-rs-img rs-lazyload\" width=\"450\" height=\"600\" data-lazyload=\"\/\/glamourlucena.es\/wp-content\/uploads\/2025\/07\/MODA-INFANTIL-850-400.webp\" data-no-retina=\"\"\/><br \/>\n\t\t\t\t\t\t\t<\/a>\t\t\t\t\t<\/p>\n<p>\t\t\t\t\t\t\t<img loading=\"lazy\" decoding=\"async\" src=\"https:\/\/www.europesays.com\/es\/wp-content\/uploads\/2025\/09\/dummy.png\" alt=\"Slide\" title=\"glamour lucena (1)\" width=\"750\" height=\"200\" class=\"rev-slidebg tp-rs-img rs-lazyload\" data-lazyload=\"\/\/glamourlucena.es\/wp-content\/plugins\/revslider\/sr6\/assets\/assets\/transparent.png\" data-bg=\"p:center top;f:contain;\" data-parallax=\"off\" data-no-retina=\"\"\/><br \/>\n<a id=\"slider-32-slide-532-layer-7\" class=\"rs-layer\" href=\"https:\/\/tienda.glamourlucena.es\/categoria-producto\/ropa-de-hombre\/\" target=\"_self\" data-type=\"image\" data-rsp_ch=\"on\" data-xy=\"xo:50px,50px,50px,11px;yo:50px,50px,50px,-1px;\" data-text=\"w:normal;\" data-dim=\"w:300px,300px,300px,378px;h:180px,180px,180px,504px;\" data-vbility=\"f,f,t,t\" data-frame_999=\"o:0;st:w;\" style=\"z-index:12;\" rel=\"nofollow noopener\"><img loading=\"lazy\" decoding=\"async\" src=\"https:\/\/www.europesays.com\/es\/wp-content\/uploads\/2025\/09\/dummy.png\" alt=\"\" class=\"tp-rs-img rs-lazyload\" width=\"450\" height=\"600\" data-lazyload=\"\/\/glamourlucena.es\/wp-content\/uploads\/2025\/07\/MODA-HOMBRE-850-400.webp\" data-no-retina=\"\"\/><br \/>\n\t\t\t\t\t\t\t<\/a><a id=\"slider-32-slide-532-layer-8\" class=\"rs-layer\" href=\"https:\/\/tienda.glamourlucena.es\/categoria-producto\/ropa-de-hombre\/\" target=\"_self\" data-type=\"image\" data-rsp_ch=\"on\" data-xy=\"yo:2px,2px,2px,0;\" data-text=\"w:normal;\" data-dim=\"w:850px,850px,850px,400px;h:400px,400px,400px,188px;\" data-vbility=\"t,t,f,f\" data-frame_999=\"o:0;st:w;\" style=\"z-index:13;\" rel=\"nofollow noopener\"><img loading=\"lazy\" decoding=\"async\" src=\"https:\/\/www.europesays.com\/es\/wp-content\/uploads\/2025\/09\/dummy.png\" alt=\"\" class=\"tp-rs-img rs-lazyload\" width=\"850\" height=\"400\" data-lazyload=\"\/\/glamourlucena.es\/wp-content\/uploads\/2025\/07\/MODA-HOMBRE-PC-MEDIAPAGINA.webp\" data-no-retina=\"\"\/><br \/>\n\t\t\t\t\t\t\t<\/a>\t\t\t\t\t<\/p>\n<p>\t\t\t\t\t\t\t<img loading=\"lazy\" decoding=\"async\" src=\"https:\/\/www.europesays.com\/es\/wp-content\/uploads\/2025\/09\/dummy.png\" alt=\"Slide\" title=\"glamour lucena (1)\" width=\"750\" height=\"200\" class=\"rev-slidebg tp-rs-img rs-lazyload\" data-lazyload=\"\/\/glamourlucena.es\/wp-content\/plugins\/revslider\/sr6\/assets\/assets\/transparent.png\" data-bg=\"p:center top;f:contain;\" data-parallax=\"off\" data-no-retina=\"\"\/><br \/>\n<a id=\"slider-32-slide-533-layer-10\" class=\"rs-layer\" href=\"https:\/\/tienda.glamourlucena.es\/categoria-producto\/ropa-de-hombre\/\" target=\"_self\" data-type=\"image\" data-rsp_ch=\"on\" data-xy=\"xo:50px,50px,50px,14px;yo:50px,50px,50px,-1px;\" data-text=\"w:normal;\" data-dim=\"w:300px,300px,300px,376px;h:180px,180px,180px,501px;\" data-vbility=\"f,f,t,t\" data-frame_999=\"o:0;st:w;\" style=\"z-index:5;\" rel=\"nofollow noopener\"><img loading=\"lazy\" decoding=\"async\" src=\"https:\/\/www.europesays.com\/es\/wp-content\/uploads\/2025\/09\/dummy.png\" alt=\"\" class=\"tp-rs-img rs-lazyload\" width=\"450\" height=\"600\" data-lazyload=\"\/\/glamourlucena.es\/wp-content\/uploads\/2025\/07\/MODA-DEPORTIVA.webp\" data-no-retina=\"\"\/><br \/>\n\t\t\t\t\t\t\t<\/a><a id=\"slider-32-slide-533-layer-11\" class=\"rs-layer\" href=\"https:\/\/tienda.glamourlucena.es\/categoria-producto\/ropa-de-hombre\/\" target=\"_self\" data-type=\"image\" data-rsp_ch=\"on\" data-xy=\"xo:3px,3px,3px,1px;\" data-text=\"w:normal;\" data-dim=\"w:850px,850px,850px,400px;h:400px,400px,400px,188px;\" data-vbility=\"t,t,f,f\" data-frame_999=\"o:0;st:w;\" style=\"z-index:6;\" rel=\"nofollow noopener\"><img loading=\"lazy\" decoding=\"async\" src=\"https:\/\/www.europesays.com\/es\/wp-content\/uploads\/2025\/09\/dummy.png\" alt=\"\" class=\"tp-rs-img rs-lazyload\" width=\"850\" height=\"400\" data-lazyload=\"\/\/glamourlucena.es\/wp-content\/uploads\/2025\/07\/MODA-DEPORTIVA-PC-MEDIAPAGINA.webp\" data-no-retina=\"\"\/><br \/>\n\t\t\t\t\t\t\t<\/a>\t\t\t\t\t<\/p>\n<p>\t\t\t\t\t\t\t<img loading=\"lazy\" decoding=\"async\" src=\"https:\/\/www.europesays.com\/es\/wp-content\/uploads\/2025\/09\/dummy.png\" alt=\"Slide\" title=\"glamour lucena (1)\" width=\"750\" height=\"200\" class=\"rev-slidebg tp-rs-img rs-lazyload\" data-lazyload=\"\/\/glamourlucena.es\/wp-content\/plugins\/revslider\/sr6\/assets\/assets\/transparent.png\" data-bg=\"p:center top;f:contain;\" data-parallax=\"off\" data-no-retina=\"\"\/><br \/>\n<a id=\"slider-32-slide-534-layer-12\" class=\"rs-layer\" href=\"https:\/\/tienda.glamourlucena.es\/categoria-producto\/ropa-de-hogar\/\" target=\"_self\" data-type=\"image\" data-rsp_ch=\"on\" data-xy=\"xo:1px,1px,1px,0;yo:3px,3px,3px,1px;\" data-text=\"w:normal;\" data-dim=\"w:850px,850px,850px,400px;h:400px,400px,400px,188px;\" data-vbility=\"t,t,f,f\" data-frame_999=\"o:0;st:w;\" style=\"z-index:7;\" rel=\"nofollow noopener\"><img loading=\"lazy\" decoding=\"async\" src=\"https:\/\/www.europesays.com\/es\/wp-content\/uploads\/2025\/09\/dummy.png\" alt=\"\" class=\"tp-rs-img rs-lazyload\" width=\"850\" height=\"400\" data-lazyload=\"\/\/glamourlucena.es\/wp-content\/uploads\/2025\/07\/ROPA-DE-HOGAR-MEDIA-PAGINA.webp\" data-no-retina=\"\"\/><br \/>\n\t\t\t\t\t\t\t<\/a><a id=\"slider-32-slide-534-layer-13\" class=\"rs-layer\" href=\"https:\/\/tienda.glamourlucena.es\/categoria-producto\/ropa-de-hogar\/\" target=\"_self\" data-type=\"image\" data-rsp_ch=\"on\" data-xy=\"xo:50px,50px,50px,12px;yo:50px,50px,50px,-3px;\" data-text=\"w:normal;\" data-dim=\"w:300px,300px,300px,378px;h:180px,180px,180px,504px;\" data-vbility=\"f,f,t,t\" data-frame_999=\"o:0;st:w;\" style=\"z-index:8;\" rel=\"nofollow noopener\"><img loading=\"lazy\" decoding=\"async\" src=\"https:\/\/www.europesays.com\/es\/wp-content\/uploads\/2025\/09\/dummy.png\" alt=\"\" class=\"tp-rs-img rs-lazyload\" width=\"450\" height=\"600\" data-lazyload=\"\/\/glamourlucena.es\/wp-content\/uploads\/2025\/07\/ROPA-DE-HOGAR-850-400.webp\" data-no-retina=\"\"\/><br \/>\n\t\t\t\t\t\t\t<\/a>\t\t\t\t\t<\/p>\n<p>\t\t\t\t\t\t\t<img loading=\"lazy\" decoding=\"async\" src=\"https:\/\/www.europesays.com\/es\/wp-content\/uploads\/2025\/09\/dummy.png\" alt=\"Slide\" title=\"glamour lucena (1)\" width=\"750\" height=\"200\" class=\"rev-slidebg tp-rs-img rs-lazyload\" data-lazyload=\"\/\/glamourlucena.es\/wp-content\/plugins\/revslider\/sr6\/assets\/assets\/transparent.png\" data-bg=\"p:center top;f:contain;\" data-parallax=\"off\" data-no-retina=\"\"\/><br \/>\n<a id=\"slider-32-slide-535-layer-14\" class=\"rs-layer\" href=\"https:\/\/tienda.glamourlucena.es\/categoria-producto\/personalizados\/\" target=\"_self\" data-type=\"image\" data-rsp_ch=\"on\" data-xy=\"xo:50px,50px,50px,12px;yo:50px,50px,50px,-4px;\" data-text=\"w:normal;\" data-dim=\"w:300px,300px,300px,377px;h:180px,180px,180px,503px;\" data-vbility=\"f,f,t,t\" data-frame_999=\"o:0;st:w;\" style=\"z-index:9;\" rel=\"nofollow noopener\"><img loading=\"lazy\" decoding=\"async\" src=\"https:\/\/www.europesays.com\/es\/wp-content\/uploads\/2025\/09\/dummy.png\" alt=\"\" class=\"tp-rs-img rs-lazyload\" width=\"450\" height=\"600\" data-lazyload=\"\/\/glamourlucena.es\/wp-content\/uploads\/2025\/07\/PERSONALIZADOS-850-400.webp\" data-no-retina=\"\"\/><br \/>\n\t\t\t\t\t\t\t<\/a><a id=\"slider-32-slide-535-layer-15\" class=\"rs-layer\" href=\"https:\/\/tienda.glamourlucena.es\/categoria-producto\/personalizados\/\" target=\"_self\" data-type=\"image\" data-rsp_ch=\"on\" data-xy=\"xo:2px,2px,2px,0;yo:-2px,-2px,-2px,0;\" data-text=\"w:normal;\" data-dim=\"w:850px,850px,850px,400px;h:400px,400px,400px,188px;\" data-vbility=\"t,t,f,f\" data-frame_999=\"o:0;st:w;\" style=\"z-index:10;\" rel=\"nofollow noopener\"><img loading=\"lazy\" decoding=\"async\" src=\"https:\/\/www.europesays.com\/es\/wp-content\/uploads\/2025\/09\/dummy.png\" alt=\"\" class=\"tp-rs-img rs-lazyload\" width=\"850\" height=\"400\" data-lazyload=\"\/\/glamourlucena.es\/wp-content\/uploads\/2025\/07\/HORIZONTAL-TIENDA-MOVIL-PERSONALIZADAS.webp\" data-no-retina=\"\"\/><br \/>\n\t\t\t\t\t\t\t<\/a>\t\t\t\t\t<\/p>\n<p>\u00a0<\/p>\n<p>En la presentaci\u00f3n, la presidenta del Club Balonmano Lucena, <b>Sonia Mora<\/b>, resalt\u00f3 el crecimiento del torneo, que se ha consolidado como un referente a nivel andaluz para la pretemporada. <strong>\u00abEstamos muy contentos de la acogida que tiene el Memorial Manolo Lara, prueba de ello es la participaci\u00f3n de clubes de casi todas las provincias de Andaluc\u00eda\u00bb<\/strong>, explic\u00f3 Mora.<\/p>\n<p>Este a\u00f1o, el torneo contar\u00e1 con una participaci\u00f3n estimada de <b>m\u00e1s de 500 j\u00f3venes deportistas<\/b> en categor\u00edas que van desde Benjam\u00edn hasta Juvenil, tanto en masculino como en femenino. Entre los equipos invitados, se encuentran nuevos participantes como un club de Jerez, as\u00ed como equipos de Huelva y M\u00e1laga, lo que demuestra la relevancia del evento fuera de la provincia de C\u00f3rdoba.<\/p>\n<p>\t\t\t\t\t\t\t<img loading=\"lazy\" decoding=\"async\" src=\"https:\/\/www.europesays.com\/es\/wp-content\/uploads\/2025\/09\/dummy.png\" alt=\"Slide\" title=\"BANNER CONSTRUCCIONES_3\" width=\"850\" height=\"300\" class=\"rev-slidebg tp-rs-img rs-lazyload\" data-lazyload=\"\/\/glamourlucena.es\/wp-content\/plugins\/revslider\/sr6\/assets\/assets\/transparent.png\" data-bg=\"p:center top;f:contain;\" data-no-retina=\"\"\/><br \/>\n<a id=\"slider-5-slide-536-layer-1\" class=\"rs-layer\" href=\"https:\/\/lucena.es\/septiembre-sefardi\/\" target=\"_self\" data-type=\"image\" data-rsp_ch=\"on\" data-xy=\"xo:5px,4px,1px,1px;\" data-text=\"w:normal;\" data-dim=\"w:850px,750px,300px,300px;h:300px,264px,105px,105px;\" data-vbility=\"t,t,f,f\" data-frame_999=\"o:0;st:w;\" style=\"z-index:5;\" rel=\"nofollow noopener\"><img loading=\"lazy\" decoding=\"async\" src=\"https:\/\/www.europesays.com\/es\/wp-content\/uploads\/2025\/09\/dummy.png\" alt=\"\" class=\"tp-rs-img rs-lazyload\" width=\"850\" height=\"300\" data-lazyload=\"\/\/glamourlucena.es\/wp-content\/uploads\/2025\/09\/banner-mediapagina-sefardi.webp\" data-no-retina=\"\"\/><br \/>\n\t\t\t\t\t\t\t<\/a><a id=\"slider-5-slide-536-layer-3\" class=\"rs-layer\" href=\"https:\/\/lucena.es\/septiembre-sefardi\/\" target=\"_self\" data-type=\"image\" data-rsp_ch=\"on\" data-xy=\"xo:50px,44px,17px,-2px;yo:50px,44px,17px,6px;\" data-text=\"w:normal;\" data-dim=\"w:300px,264px,105px,304px;h:180px,158px,63px,107px;\" data-vbility=\"f,f,t,t\" data-frame_999=\"o:0;st:w;\" style=\"z-index:6;\" rel=\"nofollow noopener\"><img loading=\"lazy\" decoding=\"async\" src=\"https:\/\/www.europesays.com\/es\/wp-content\/uploads\/2025\/09\/dummy.png\" alt=\"\" class=\"tp-rs-img rs-lazyload\" width=\"850\" height=\"300\" data-lazyload=\"\/\/glamourlucena.es\/wp-content\/uploads\/2025\/09\/banner-mediapagina-sefardi.webp\" data-no-retina=\"\"\/><br \/>\n\t\t\t\t\t\t\t<\/a>\t\t\t\t\t<\/p>\n<p>\t\t\t\t\t\t\t<img loading=\"lazy\" decoding=\"async\" src=\"https:\/\/www.europesays.com\/es\/wp-content\/uploads\/2025\/09\/dummy.png\" alt=\"Slide\" title=\"BANNER CONSTRUCCIONES_3\" width=\"850\" height=\"300\" class=\"rev-slidebg tp-rs-img rs-lazyload\" data-lazyload=\"\/\/glamourlucena.es\/wp-content\/plugins\/revslider\/sr6\/assets\/assets\/transparent.png\" data-bg=\"p:center top;f:contain;\" data-no-retina=\"\"\/><br \/>\n<a id=\"slider-5-slide-539-layer-2\" class=\"rs-layer\" href=\"https:\/\/lucena.es\/guitar-fest-2025\/\" target=\"_self\" data-type=\"image\" data-rsp_ch=\"on\" data-xy=\"xo:6px,5px,2px,2px;yo:1px,0,0,0;\" data-text=\"w:normal;\" data-dim=\"w:850px,750px,300px,300px;h:300px,264px,105px,105px;\" data-frame_999=\"o:0;st:w;\" style=\"z-index:6;\" rel=\"nofollow noopener\"><img loading=\"lazy\" decoding=\"async\" src=\"https:\/\/www.europesays.com\/es\/wp-content\/uploads\/2025\/09\/dummy.png\" alt=\"\" class=\"tp-rs-img rs-lazyload\" width=\"850\" height=\"300\" data-lazyload=\"\/\/glamourlucena.es\/wp-content\/uploads\/2025\/09\/banner-mediapagina-guitar.webp\" data-no-retina=\"\"\/><br \/>\n\t\t\t\t\t\t\t<\/a>\t\t\t\t\t<\/p>\n<p>\t\t\t\t\t\t\t<img loading=\"lazy\" decoding=\"async\" src=\"https:\/\/www.europesays.com\/es\/wp-content\/uploads\/2025\/09\/dummy.png\" alt=\"Slide\" title=\"BANNER CONSTRUCCIONES_3\" width=\"850\" height=\"300\" class=\"rev-slidebg tp-rs-img rs-lazyload\" data-lazyload=\"\/\/glamourlucena.es\/wp-content\/plugins\/revslider\/sr6\/assets\/assets\/transparent.png\" data-bg=\"p:center top;f:contain;\" data-no-retina=\"\"\/><br \/>\n<a id=\"slider-5-slide-541-layer-4\" class=\"rs-layer\" href=\"https:\/\/lucena.es\/semana-del-teatro-lucena-2025\/\" target=\"_self\" data-type=\"image\" data-rsp_ch=\"on\" data-xy=\"xo:5px,4px,1px,1px;yo:-4px,-3px,-1px,-1px;\" data-text=\"w:normal;\" data-dim=\"w:850px,750px,300px,300px;h:300px,264px,105px,105px;\" data-vbility=\"t,t,f,f\" data-frame_999=\"o:0;st:w;\" style=\"z-index:7;\" rel=\"nofollow noopener\"><img loading=\"lazy\" decoding=\"async\" src=\"https:\/\/www.europesays.com\/es\/wp-content\/uploads\/2025\/09\/dummy.png\" alt=\"\" class=\"tp-rs-img rs-lazyload\" width=\"850\" height=\"300\" data-lazyload=\"\/\/glamourlucena.es\/wp-content\/uploads\/2025\/09\/banner-mediapagina-teatro-copia.webp\" data-no-retina=\"\"\/><br \/>\n\t\t\t\t\t\t\t<\/a><a id=\"slider-5-slide-541-layer-5\" class=\"rs-layer\" href=\"https:\/\/lucena.es\/semana-del-teatro-lucena-2025\/\" target=\"_self\" data-type=\"image\" data-rsp_ch=\"on\" data-xy=\"xo:50px,44px,17px,-29px;yo:50px,44px,17px,1px;\" data-text=\"w:normal;\" data-dim=\"w:300px,264px,105px,333px;h:180px,158px,63px,118px;\" data-vbility=\"f,f,t,t\" data-frame_999=\"o:0;st:w;\" style=\"z-index:8;\" rel=\"nofollow noopener\"><img loading=\"lazy\" decoding=\"async\" src=\"https:\/\/www.europesays.com\/es\/wp-content\/uploads\/2025\/09\/dummy.png\" alt=\"\" class=\"tp-rs-img rs-lazyload\" width=\"850\" height=\"300\" data-lazyload=\"\/\/glamourlucena.es\/wp-content\/uploads\/2025\/09\/banner-mediapagina-teatro-copia.webp\" data-no-retina=\"\"\/><br \/>\n\t\t\t\t\t\t\t<\/a>\t\t\t\t\t<\/p>\n<p>\t\t\t\t\t\t\t<img loading=\"lazy\" decoding=\"async\" src=\"https:\/\/www.europesays.com\/es\/wp-content\/uploads\/2025\/09\/dummy.png\" alt=\"Slide\" title=\"BANNER CONSTRUCCIONES_3\" width=\"850\" height=\"300\" class=\"rev-slidebg tp-rs-img rs-lazyload\" data-lazyload=\"\/\/glamourlucena.es\/wp-content\/plugins\/revslider\/sr6\/assets\/assets\/transparent.png\" data-bg=\"p:center top;f:contain;\" data-no-retina=\"\"\/><br \/>\n<a id=\"slider-5-slide-543-layer-0\" class=\"rs-layer\" href=\"https:\/\/lucena.es\/obra-el-tempranillo-fiestas-patronales-jauja-2025\/\" target=\"_self\" data-type=\"image\" data-rsp_ch=\"on\" data-xy=\"xo:6px,5px,2px,2px;yo:2px,1px,7px,7px;\" data-text=\"w:normal;\" data-dim=\"w:850px,750px,300px,300px;h:300px,264px,105px,105px;\" data-vbility=\"t,t,f,f\" data-frame_999=\"o:0;st:w;\" style=\"z-index:7;\" rel=\"nofollow noopener\"><img loading=\"lazy\" decoding=\"async\" src=\"https:\/\/www.europesays.com\/es\/wp-content\/uploads\/2025\/09\/dummy.png\" alt=\"\" class=\"tp-rs-img rs-lazyload\" width=\"850\" height=\"300\" data-lazyload=\"\/\/glamourlucena.es\/wp-content\/uploads\/2025\/09\/BANNER-MEDIA-PAGINA-ROSARIO.webp\" data-no-retina=\"\"\/><br \/>\n\t\t\t\t\t\t\t<\/a><a id=\"slider-5-slide-543-layer-6\" class=\"rs-layer\" href=\"https:\/\/lucena.es\/obra-el-tempranillo-fiestas-patronales-jauja-2025\/\" target=\"_self\" data-type=\"image\" data-rsp_ch=\"on\" data-xy=\"xo:50px,44px,-4px,-4px;yo:50px,44px,8px,8px;\" data-text=\"w:normal;\" data-dim=\"w:300px,264px,305px,303px;h:180px,158px,108px,107px;\" data-vbility=\"f,f,t,t\" data-frame_999=\"o:0;st:w;\" style=\"z-index:8;\" rel=\"nofollow noopener\"><img loading=\"lazy\" decoding=\"async\" src=\"https:\/\/www.europesays.com\/es\/wp-content\/uploads\/2025\/09\/dummy.png\" alt=\"\" class=\"tp-rs-img rs-lazyload\" width=\"850\" height=\"300\" data-lazyload=\"\/\/glamourlucena.es\/wp-content\/uploads\/2025\/09\/BANNER-MEDIA-PAGINA-ROSARIO.webp\" data-no-retina=\"\"\/><br \/>\n\t\t\t\t\t\t\t<\/a>\t\t\t\t\t<\/p>\n<p>\u00a0<\/p>\n<p>La jornada deportiva promete ser una fiesta del balonmano, reuniendo a j\u00f3venes promesas de este deporte y a sus familias, que se dar\u00e1n cita en Lucena para honrar el legado de Manolo Lara y disfrutar de una competici\u00f3n de alto nivel.<\/p>\n","protected":false},"excerpt":{"rendered":"\u00a0 Lucena se prepara para la gran fiesta del balonmano con el cuarto Memorial \u2018Manolo Lara\u2019 Esta ma\u00f1ana&hellip;\n","protected":false},"author":2,"featured_media":124639,"comment_status":"","ping_status":"","sticky":false,"template":"","format":"standard","meta":{"footnotes":""},"categories":[278],"tags":[40710,376,40711,40712,40713,40714,8916,168,25,24,375,40715,40716,23,167,40717],"class_list":{"0":"post-124638","1":"post","2":"type-post","3":"status-publish","4":"format-standard","5":"has-post-thumbnail","7":"category-balonmano","8":"tag-angel-novillo","9":"tag-balonmano","10":"tag-balonmano-andalucia","11":"tag-balonmano-lucena","12":"tag-ciudad-deportiva-lucena","13":"tag-club-balonmano-lucena","14":"tag-deporte-base","15":"tag-deportes","16":"tag-es","17":"tag-espana","18":"tag-handball","19":"tag-memorial-manolo-lara","20":"tag-sonia-mora","21":"tag-spain","22":"tag-sports","23":"tag-torneo-balonmano"},"share_on_mastodon":{"url":"","error":""},"_links":{"self":[{"href":"https:\/\/www.europesays.com\/es\/wp-json\/wp\/v2\/posts\/124638","targetHints":{"allow":["GET"]}}],"collection":[{"href":"https:\/\/www.europesays.com\/es\/wp-json\/wp\/v2\/posts"}],"about":[{"href":"https:\/\/www.europesays.com\/es\/wp-json\/wp\/v2\/types\/post"}],"author":[{"embeddable":true,"href":"https:\/\/www.europesays.com\/es\/wp-json\/wp\/v2\/users\/2"}],"replies":[{"embeddable":true,"href":"https:\/\/www.europesays.com\/es\/wp-json\/wp\/v2\/comments?post=124638"}],"version-history":[{"count":0,"href":"https:\/\/www.europesays.com\/es\/wp-json\/wp\/v2\/posts\/124638\/revisions"}],"wp:featuredmedia":[{"embeddable":true,"href":"https:\/\/www.europesays.com\/es\/wp-json\/wp\/v2\/media\/124639"}],"wp:attachment":[{"href":"https:\/\/www.europesays.com\/es\/wp-json\/wp\/v2\/media?parent=124638"}],"wp:term":[{"taxonomy":"category","embeddable":true,"href":"https:\/\/www.europesays.com\/es\/wp-json\/wp\/v2\/categories?post=124638"},{"taxonomy":"post_tag","embeddable":true,"href":"https:\/\/www.europesays.com\/es\/wp-json\/wp\/v2\/tags?post=124638"}],"curies":[{"name":"wp","href":"https:\/\/api.w.org\/{rel}","templated":true}]}}