{"id":124680,"date":"2025-09-19T07:42:11","date_gmt":"2025-09-19T07:42:11","guid":{"rendered":"https:\/\/www.europesays.com\/es\/124680\/"},"modified":"2025-09-19T07:42:11","modified_gmt":"2025-09-19T07:42:11","slug":"yo-fumaba-tres-paquetes-al-dia-y-por-eso-tuve-lo-que-tuve","status":"publish","type":"post","link":"https:\/\/www.europesays.com\/es\/124680\/","title":{"rendered":"Yo fumaba tres paquetes al d\u00eda y por eso tuve lo que tuve"},"content":{"rendered":"<p class=\"paragraph\" id=\"paragraph_1\"><a cmp-ltrk=\"links-parrafos\" cmp-ltrk-idx=\"0\" data-mrf-link=\"https:\/\/www.elespanol.com\/bluper\/20241124\/anos-belen-rodriguez-comentando-realities-ganado-pieza-clave-debates-gran-hermano\/901909871_0.html\" href=\"https:\/\/www.elespanol.com\/bluper\/20241124\/anos-belen-rodriguez-comentando-realities-ganado-pieza-clave-debates-gran-hermano-kw\/901909871_0.html?utm_cmp_rs=linksinline\" mrfobservableid=\"39f5ee61-4fc3-4661-8fb8-0101630bc41c\" rel=\"nofollow noopener\" target=\"_blank\"><strong>Bel\u00e9n Rodr\u00edguez<\/strong><\/a> (59 a\u00f1os) pas\u00f3 en noviembre de 2024 los d\u00edas m\u00e1s duros de su vida. Un diagn\u00f3stico zarande\u00f3 su existencia y la cambi\u00f3 para siempre: <strong>c\u00e1ncer de garganta<\/strong>. Ella, valiente y sincera, lo comparti\u00f3 en una revista del coraz\u00f3n. <strong>Ven\u00edan tiempos dif\u00edciles<\/strong>. <\/p>\n<p class=\"paragraph\" id=\"paragraph_2\">\u00abMe esperan unos meses muy duros,<strong> pero har\u00e9 lo que humanamente est\u00e9 en mi mano<\/strong>\u00ab, manifest\u00f3 entonces. \u00abYo no quiero dramatizar esto, ni quiero, ni viene con mi personalidad. <strong>Esto lo hago porque yo siempre doy la cara y esto es lo que estoy viviendo y ya est\u00e1<\/strong>\u00ab, agreg\u00f3. <\/p>\n<p class=\"paragraph\" id=\"paragraph_3\">Vino el tratamiento: \u00abRecib\u00ed 35 sesiones de radioterapia, me intoxiqu\u00e9 con morfina y fentanilo\u00bb. Pero todo qued\u00f3 atr\u00e1s, afortunadamente: Bel\u00e9n puede decir que el tumor ya no est\u00e1. Ahora le queda <strong>recuperarse al cien por cien<\/strong>: un camino que est\u00e1 resultando pedregoso.<\/p>\n<p><img loading=\"lazy\" decoding=\"async\" alt=\"Bel\u00e9n Rodr\u00edguez habla de las secuelas de su c\u00e1ncer de garganta en su regreso a la televisi\u00f3n: Estoy triste, me han dado 35 sesiones de radioterapia\" height=\"180\" src=\"https:\/\/www.europesays.com\/es\/wp-content\/uploads\/2025\/09\/1003743701468_254523771_320x180.png\" width=\"320\" data-lazy-status=\"processed\" data-lazy-info=\"remove loading item 1\"\/><\/p>\n<p><img decoding=\"async\" alt=\"Bel\u00e9n Rodr\u00edguez, este pasado mi\u00e9rcoles, en el cumplea\u00f1os de Terelu.\" data-imgm=\"true\" height=\"180\" loading=\"lazy\"  src=\"https:\/\/www.europesays.com\/es\/wp-content\/uploads\/2025\/09\/1003743931327_258817170_1024x576.jpg\"  width=\"320\"\/><\/p>\n<p>                                                            Bel\u00e9n Rodr\u00edguez, este pasado mi\u00e9rcoles, en el cumplea\u00f1os de Terelu.<\/p>\n<p>                    Gtres<\/p>\n<p class=\"paragraph\" id=\"paragraph_4\">Cuenta Rodr\u00edguez a <strong>EL ESPA\u00d1OL<\/strong>, en el marco de la fiesta del 60\u00ba cumplea\u00f1os de <strong>Terelu Campos<\/strong>, que est\u00e1 afrontando \u00ab<strong>efectos secundarios<\/strong>\u00ab. Se muestra muy positiva y anima a todo el mundo que transita por la enfermedad a cuidarse y a hacer caso a los m\u00e9dicos.<\/p>\n<p class=\"paragraph\" id=\"paragraph_5\"><strong>Bel\u00e9n<\/strong>,<strong> \u00bfc\u00f3mo se encuentra?<\/strong><\/p>\n<p class=\"paragraph\" id=\"paragraph_6\">Estoy bien. De salud, bueno, pues <strong>estoy recuper\u00e1ndome<\/strong>. Es m\u00e1s dif\u00edcil de lo que pensaba, porque cre\u00eda que se acaba el tratamiento y que ya todo acababa. Y no: todo tiene su proceso, pero estoy bien. Las pruebas est\u00e1n saliendo bien, todo sale bien, pero <strong>tiene una serie de efectos secundarios y de secuelas que voy superando poco a poco<\/strong>.<\/p>\n<p class=\"paragraph\" id=\"paragraph_7\"><strong>Esto es largo<\/strong>&#8230;<\/p>\n<p class=\"paragraph\" id=\"paragraph_8\">S\u00ed, largo. Estoy en ello.<\/p>\n<p class=\"paragraph\" id=\"paragraph_9\"><strong>\u00bfSentimentalmente c\u00f3mo est\u00e1?<\/strong><\/p>\n<p class=\"paragraph\" id=\"paragraph_10\">Nada, sentimentalmente nada.<strong> No quiero pareja ni la quiero<\/strong>. Estoy libre y fenomenal. Estoy feliz. Siempre he defendido que los solteros vivamos mejor. Yo, adem\u00e1s, me he vuelto s\u00faper ego\u00edsta porque llevo muchos a\u00f1os viviendo sola. Es la costumbre de vivir sola.<\/p>\n<p class=\"paragraph\" id=\"paragraph_11\"><strong>Hablando de cumplea\u00f1os<\/strong>, <strong>\u00bfc\u00f3mo desea usted celebrar el pr\u00f3ximo?<\/strong><\/p>\n<p class=\"paragraph\" id=\"paragraph_12\">En el del a\u00f1o pasado justo acababa de acabar el tratamiento. \u00bfSabes lo que me pasa? Que <strong>no hago planes de futuro<\/strong>, porque yo tengo controles cada mes y medio. Todo va bien, pero prefiero ir viviendo d\u00eda a d\u00eda, en el presente.<\/p>\n<p><img decoding=\"async\" alt=\"Bel\u00e9n Rodr\u00edguez en la boda de un amigo en 2021.\" data-imgm=\"true\" height=\"1152\" loading=\"lazy\"  src=\"https:\/\/www.europesays.com\/es\/wp-content\/uploads\/2025\/09\/904420592_251243914_960x1706.jpg\"  width=\"648\"\/><\/p>\n<p>                                                            Bel\u00e9n Rodr\u00edguez en la boda de un amigo en 2021.<\/p>\n<p>                    Gtres<\/p>\n<p class=\"paragraph\" id=\"paragraph_13\"><strong>Usted<\/strong>,<strong> por ejemplo<\/strong>, <strong>es de esas personas que ha dejado de fumar<\/strong>..<\/p>\n<p class=\"paragraph\" id=\"paragraph_14\">Cuesta mucho quitarse. Yo fumaba tres paquetes al d\u00eda. Por eso tuve lo que tuve. Cuesta, pero es que hay que superarlo.<\/p>\n<p class=\"paragraph\" id=\"paragraph_15\"><strong>Hablando de enfermedad<\/strong>,<strong> no s\u00e9 si conoce a Antonia San Juan<\/strong>.<strong> Acaba de anunciar su c\u00e1ncer<\/strong>.<\/p>\n<p class=\"paragraph\" id=\"paragraph_16\">A Antonia claro que la conozco. Bueno, no personalmente, pero soy admiradora de ella. Pues mira,<strong> cada persona es un mundo<\/strong>. A m\u00ed cuando me diagnosticaron y ven\u00eda todo el mundo a hablar de su c\u00e1ncer yo dec\u00eda &#8216;yo no quiero saber nada&#8217;. Si a ella le sirve de algo mi experiencia, yo estoy aqu\u00ed para contarle lo que sea. Pero \u00fanicamente mi experiencia. No puedo hablar de m\u00e1s.<\/p>\n<p class=\"paragraph\" id=\"paragraph_17\"><strong>Un mensaje de \u00e1nimo siempre ayuda<\/strong>&#8230;<\/p>\n<p class=\"paragraph\" id=\"paragraph_18\">Le puedo decir que ten\u00eda un c\u00e1ncer s\u00faper avanzado, que lo super\u00e9 y que, por supuesto, se puede superar. Que se ponga en manos de los m\u00e9dicos, que es lo m\u00e1s importante.<strong> Que sea s\u00faper obediente<\/strong>,<strong> que es lo que hice yo<\/strong>.<\/p>\n<p class=\"paragraph\" id=\"paragraph_19\">Casi un a\u00f1o despu\u00e9s aqu\u00ed estoy, y <strong>sin tumor<\/strong>. El c\u00e1ncer es una enfermedad que nos afecta a una de cada tres mujeres y a uno de cada dos hombres. Es una bestialidad.<\/p>\n<p class=\"paragraph\" id=\"paragraph_20\"><strong>La Sanidad P\u00fablica de este pa\u00eds tiene que ponerse en valor<\/strong>.<\/p>\n<p class=\"paragraph\" id=\"paragraph_21\">Hay que luchar y si las cosas se hacen bien se sale. Afortunadamente, la ciencia ha avanzado much\u00edsimo, que tenemos unos onc\u00f3logos maravillosos. Y s\u00ed, por supuesto que hay que apoyar la Sanidad P\u00fablica.<\/p>\n<p class=\"paragraph\" id=\"paragraph_22\"><strong>Yo me trat\u00e9 y me sigo tratando en la Jim\u00e9nez D\u00edaz<\/strong>, <strong>que tiene una unidad oncol\u00f3gica incre\u00edble<\/strong>. Nos tratan con un mimo incre\u00edble. Es una enfermedad dura, que despu\u00e9s llega la historia an\u00edmica, que es complicada de digerir. Pero adelante: <strong>siempre se puede<\/strong>.<\/p>\n","protected":false},"excerpt":{"rendered":"Bel\u00e9n Rodr\u00edguez (59 a\u00f1os) pas\u00f3 en noviembre de 2024 los d\u00edas m\u00e1s duros de su vida. Un diagn\u00f3stico&hellip;\n","protected":false},"author":2,"featured_media":124681,"comment_status":"","ping_status":"","sticky":false,"template":"","format":"standard","meta":{"footnotes":""},"categories":[174],"tags":[1733,1066,255,146,147,25,24,256,23,1145],"class_list":{"0":"post-124680","1":"post","2":"type-post","3":"status-publish","4":"format-standard","5":"has-post-thumbnail","7":"category-famosos","8":"tag-amor","9":"tag-cancer","10":"tag-celebrities","11":"tag-entertainment","12":"tag-entretenimiento","13":"tag-es","14":"tag-espana","15":"tag-famosos","16":"tag-spain","17":"tag-terelu-campos"},"share_on_mastodon":{"url":"","error":""},"_links":{"self":[{"href":"https:\/\/www.europesays.com\/es\/wp-json\/wp\/v2\/posts\/124680","targetHints":{"allow":["GET"]}}],"collection":[{"href":"https:\/\/www.europesays.com\/es\/wp-json\/wp\/v2\/posts"}],"about":[{"href":"https:\/\/www.europesays.com\/es\/wp-json\/wp\/v2\/types\/post"}],"author":[{"embeddable":true,"href":"https:\/\/www.europesays.com\/es\/wp-json\/wp\/v2\/users\/2"}],"replies":[{"embeddable":true,"href":"https:\/\/www.europesays.com\/es\/wp-json\/wp\/v2\/comments?post=124680"}],"version-history":[{"count":0,"href":"https:\/\/www.europesays.com\/es\/wp-json\/wp\/v2\/posts\/124680\/revisions"}],"wp:featuredmedia":[{"embeddable":true,"href":"https:\/\/www.europesays.com\/es\/wp-json\/wp\/v2\/media\/124681"}],"wp:attachment":[{"href":"https:\/\/www.europesays.com\/es\/wp-json\/wp\/v2\/media?parent=124680"}],"wp:term":[{"taxonomy":"category","embeddable":true,"href":"https:\/\/www.europesays.com\/es\/wp-json\/wp\/v2\/categories?post=124680"},{"taxonomy":"post_tag","embeddable":true,"href":"https:\/\/www.europesays.com\/es\/wp-json\/wp\/v2\/tags?post=124680"}],"curies":[{"name":"wp","href":"https:\/\/api.w.org\/{rel}","templated":true}]}}