{"id":124710,"date":"2025-09-19T08:02:13","date_gmt":"2025-09-19T08:02:13","guid":{"rendered":"https:\/\/www.europesays.com\/es\/124710\/"},"modified":"2025-09-19T08:02:13","modified_gmt":"2025-09-19T08:02:13","slug":"agradezco-que-siga-significa-que-es-mayor-que-yo","status":"publish","type":"post","link":"https:\/\/www.europesays.com\/es\/124710\/","title":{"rendered":"\u201cAgradezco que siga, significa que es mayor que yo\u201d"},"content":{"rendered":"<p><b>Lewis Hamilton<\/b>, piloto de <b>Ferrari<\/b> en la F\u00f3rmula 1, ha vuelto a mostrar su car\u00e1cter cercano y sentido del humor al referirse a su veterano compa\u00f1ero de parrilla, Fernando Alonso. Durante una reciente entrevista, Hamilton coment\u00f3 con una sonrisa que aprecia profundamente que Alonso siga compitiendo, destacando la experiencia y longevidad del piloto asturiano en un deporte tan exigente.<\/p>\n<p>\u201cNo pienso parar pronto, y agradezco mucho que Fernando siga, porque significa que es mayor que yo. S\u00ed, voy a seguir hasta que cumpla 50\u201d, afirm\u00f3 Hamilton, dejando ver su ambici\u00f3n de prolongar su carrera mientras reconoce el esfuerzo que implica mantenerse competitivo a nivel profesional. Estas palabras reflejan no solo el respeto entre ambos pilotos, sino tambi\u00e9n la camarader\u00eda que se ha desarrollado a lo largo de m\u00e1s de una d\u00e9cada compartiendo pista.<\/p>\n<p>Fernando Alonso, quien recientemente cumpli\u00f3 44 a\u00f1os, contin\u00faa demostrando una forma f\u00edsica excepcional y una motivaci\u00f3n que lo mantiene entre los mejores del campeonato. Su perseverancia y dedicaci\u00f3n se reflejan en cada carrera, consolid\u00e1ndolo como uno de los pilotos m\u00e1s longevos y consistentes de la F\u00f3rmula 1 moderna. Su capacidad para mantenerse al m\u00e1s alto nivel ha sido un ejemplo de disciplina y pasi\u00f3n por el automovilismo, inspirando tanto a compa\u00f1eros como a j\u00f3venes promesas del deporte.<\/p>\n<p>Por su parte, <b>Lewis Hamilton<\/b> se enfrenta a nuevos retos tras su traslado a Ferrari desde <b>Mercedes<\/b>, buscando adaptarse a un equipo distinto y a un coche con caracter\u00edsticas diferentes. Actualmente, el brit\u00e1nico se encuentra por detr\u00e1s de su compa\u00f1ero de equipo, Charles Leclerc, lo que ha generado cr\u00edticas y presi\u00f3n medi\u00e1tica. Sin embargo, Hamilton mantiene su determinaci\u00f3n y compromiso con el campeonato, dispuesto a luchar por cada punto y a seguir aprendiendo en su nueva etapa.<\/p>\n<p>El pr\u00f3ximo Gran Premio de Azerbaiy\u00e1n en Bak\u00fa ser\u00e1 una oportunidad clave para Hamilton de demostrar su val\u00eda y continuar acerc\u00e1ndose a sus objetivos con Ferrari. Mientras tanto, la interacci\u00f3n entre <b>Hamilton y Alonso <\/b>recuerda a los aficionados la dimensi\u00f3n humana del deporte: la competencia no est\u00e1 re\u00f1ida con el respeto y la admiraci\u00f3n mutua entre pilotos que han dedicado su vida a la F\u00f3rmula 1.<\/p>\n<p>Con declaraciones como estas, Hamilton muestra que la pasi\u00f3n por correr y el compa\u00f1erismo pueden coexistir, y que la edad, lejos de ser un impedimento, se convierte en un motivo de reconocimiento hacia quienes siguen demostrando su talento y compromiso en la pista.<\/p>\n","protected":false},"excerpt":{"rendered":"Lewis Hamilton, piloto de Ferrari en la F\u00f3rmula 1, ha vuelto a mostrar su car\u00e1cter cercano y sentido&hellip;\n","protected":false},"author":2,"featured_media":124711,"comment_status":"","ping_status":"","sticky":false,"template":"","format":"standard","meta":{"footnotes":""},"categories":[270],"tags":[168,25,24,306,271,272,23,167],"class_list":{"0":"post-124710","1":"post","2":"type-post","3":"status-publish","4":"format-standard","5":"has-post-thumbnail","7":"category-formula-1","8":"tag-deportes","9":"tag-es","10":"tag-espana","11":"tag-f1","12":"tag-formula-1","13":"tag-formula1","14":"tag-spain","15":"tag-sports"},"share_on_mastodon":{"url":"","error":""},"_links":{"self":[{"href":"https:\/\/www.europesays.com\/es\/wp-json\/wp\/v2\/posts\/124710","targetHints":{"allow":["GET"]}}],"collection":[{"href":"https:\/\/www.europesays.com\/es\/wp-json\/wp\/v2\/posts"}],"about":[{"href":"https:\/\/www.europesays.com\/es\/wp-json\/wp\/v2\/types\/post"}],"author":[{"embeddable":true,"href":"https:\/\/www.europesays.com\/es\/wp-json\/wp\/v2\/users\/2"}],"replies":[{"embeddable":true,"href":"https:\/\/www.europesays.com\/es\/wp-json\/wp\/v2\/comments?post=124710"}],"version-history":[{"count":0,"href":"https:\/\/www.europesays.com\/es\/wp-json\/wp\/v2\/posts\/124710\/revisions"}],"wp:featuredmedia":[{"embeddable":true,"href":"https:\/\/www.europesays.com\/es\/wp-json\/wp\/v2\/media\/124711"}],"wp:attachment":[{"href":"https:\/\/www.europesays.com\/es\/wp-json\/wp\/v2\/media?parent=124710"}],"wp:term":[{"taxonomy":"category","embeddable":true,"href":"https:\/\/www.europesays.com\/es\/wp-json\/wp\/v2\/categories?post=124710"},{"taxonomy":"post_tag","embeddable":true,"href":"https:\/\/www.europesays.com\/es\/wp-json\/wp\/v2\/tags?post=124710"}],"curies":[{"name":"wp","href":"https:\/\/api.w.org\/{rel}","templated":true}]}}