{"id":124712,"date":"2025-09-19T08:03:09","date_gmt":"2025-09-19T08:03:09","guid":{"rendered":"https:\/\/www.europesays.com\/es\/124712\/"},"modified":"2025-09-19T08:03:09","modified_gmt":"2025-09-19T08:03:09","slug":"test-final-del-madrid-con-el-efecto-okeke-el-debut-de-lyles-y-un-fichaje-mas-adelante","status":"publish","type":"post","link":"https:\/\/www.europesays.com\/es\/124712\/","title":{"rendered":"Test final del Madrid con el efecto Okeke, el debut de Lyles y un fichaje m\u00e1s adelante"},"content":{"rendered":"<p class=\"\">El <b>Real Madrid<\/b>, acostumbrado a pretemporadas expr\u00e9s, afrontaba este verano una preparaci\u00f3n at\u00edpica, con m\u00e1s tiempo de lo habitual con sus jugadores principales y al final tambi\u00e9n con <b>Scariolo <\/b>por la eliminaci\u00f3n de <b>Espa\u00f1a <\/b>en el <b>Eurobasket<\/b>. La puesta a punto, a\u00fan a ocho d\u00edas de la Supercopa, se ha visto algo enturbiada por las lesiones. <b>Kramer <\/b>se recuper\u00f3 de una rotura fibrilar que lo dej\u00f3 sin Europeo, pero <b>Abalde <\/b>encadena problemas y sigue fuera, como <b>Hezonja <\/b>(lesi\u00f3n muscular con Croacia en agosto) y <b>Deck <\/b>(operado de la cadera el 3 de junio), que evolucionan bien. A esta triple baja se uni\u00f3 este jueves la de <a href=\"https:\/\/as.com\/baloncesto\/mas_baloncesto\/maledon-transparente-n\/\" target=\"_self\" rel=\"nofollow noopener\" title=\"https:\/\/as.com\/baloncesto\/mas_baloncesto\/maledon-transparente-n\/\"><b>Maledon<\/b><\/a>, con una lesi\u00f3n en el aductor corto del muslo izquierdo que complica bastante su concurso en la <b>Supercopa<\/b> de M\u00e1laga (27 y 28 de septiembre) y deja al Madrid con <b>Campazzo <\/b>y <b>Feliz<\/b>, m\u00e1s la ayuda de <b>Llull<\/b>, como \u00fanicos generadores exteriores con bote. Un perfil clave para aspirar a todo en la <b>Euroliga<\/b>. <\/p>\n<p>Posible refuerzo m\u00e1s adelante<\/p>\n<p class=\"\">La plantilla es de <b>15 jugadores <\/b>y ahora hay <b>11 disponibles<\/b>, algo que puede ser recurrente durante un curso que se puede alargar hasta cerca de 100 partidos. Por eso en la <b>hoja de ruta<\/b> aparece la opci\u00f3n de un <b>\u00faltimo refuerzo<\/b>, un \u00adescolta o base-\u00adescolta. Ha existido inter\u00e9s en <a href=\"https:\/\/as.com\/baloncesto\/euroliga\/jordan-loyd-gran-objetivo-del-real-madrid-n\/\" target=\"_self\" rel=\"nofollow noopener\" title=\"https:\/\/as.com\/baloncesto\/euroliga\/jordan-loyd-gran-objetivo-del-real-madrid-n\/\">algunos nombres<\/a> cuyos fichajes no han cuajado y parece que el equipo comenzar\u00e1 la temporada con las 15 fichas actuales y <b>esa contrataci\u00f3n podr\u00eda llegar m\u00e1s adelante<\/b>. En n\u00f3mina hay tres extracomunitarios, pero Deck anda en tr\u00e1mites para lograr el pasaporte espa\u00f1ol. <\/p>\n<p class=\"\">En este escenario, el Madrid afronta el \u00faltimo test de pretemporada este viernes y s\u00e1bado en el <b>Torneo EncestaR\u00edas<\/b>, que devolvi\u00f3 a los blancos a <b>Pontevedra <\/b>el curso pasado tres d\u00e9cadas y media despu\u00e9s y que repiten en esta edici\u00f3n. Un trofeo que gana peso. Esta tarde, <b>Valencia Basket-Baskonia <\/b>(18:45) y <b>Breog\u00e1n-Madrid<\/b> (21:15, <b>RM TV<\/b>). Ma\u00f1ana, tercer puesto (18:00) y final (20:30). <\/p>\n<p>Los debuts de Lyles y Procida<\/p>\n<p class=\"\">Dos de los seis fichajes, <b>Trey Lyles y Procida<\/b>, pueden debutar esta noche, los otros cuatro ya lo hicieron (Maledon, Kramer, Almansa y Okeke). Precisamente este \u00faltimo, el estadounidense <b>Chuma Okeke,<\/b> es la sensaci\u00f3n de la pretemporada, m\u00e1s all\u00e1 del buen nivel de siempre de <b>Campazzo <\/b>(incluyan la alta carga t\u00e1ctica que supone ser base con el nuevo <b>libretto <\/b>de Scariolo) y de <b>Tavares<\/b>, y de otro paso adelante del combo Andr\u00e9s Feliz, ahora en el tiro de tres. <\/p>\n<p>Los n\u00fameros de Okeke y las sensaciones<\/p>\n<p class=\"\">En las victorias ante el <a href=\"https:\/\/as.com\/baloncesto\/acb\/el-madrid-arranca-buen-debut-de-okeke-y-almansa-con-scariolo-en-la-grada-n\/\" target=\"_self\" rel=\"nofollow noopener\" title=\"https:\/\/as.com\/baloncesto\/acb\/el-madrid-arranca-buen-debut-de-okeke-y-almansa-con-scariolo-en-la-grada-n\/\">Alba<\/a>, el <a href=\"https:\/\/as.com\/baloncesto\/acb\/remontada-con-llull-y-trofeo-del-madrid-ante-la-duartemania-n\/\" target=\"_self\" rel=\"nofollow noopener\" title=\"https:\/\/as.com\/baloncesto\/acb\/remontada-con-llull-y-trofeo-del-madrid-ante-la-duartemania-n\/\">Unicaja<\/a> y el <a href=\"https:\/\/as.com\/baloncesto\/acb\/scariolo-arranca-con-un-paseo-n\/\" target=\"_self\" rel=\"nofollow noopener\" title=\"https:\/\/as.com\/baloncesto\/acb\/scariolo-arranca-con-un-paseo-n\/\">Zaragoza<\/a>, Okeke promedi\u00f3 <b>11,7 puntos, 6,7 rebotes y 2,3 asistencias<\/b> (Campazzo, 14,7 tantos y 4,3 pases y Feliz, 11,3 y 4). Y m\u00e1s que n\u00fameros,<b> notables sensaciones<\/b> por su defensa, velocidad para rectificar e ir al rebote, su buena mentalidad de equipo, sus pases, su capacidad para subir el bal\u00f3n y su polivalencia para alternar el tres y el cuatro. En el \u00faltimo amistoso incluso, arregl\u00f3 su porcentaje de triples previo (1\/9 en los dos primeros duelos) con un 4\/5. Hoy, m\u00e1s ante <b>el Breog\u00e1n de Luis Casimiro<\/b> con seis caras nuevas: DeWayne <b>Russell<\/b>, Francis <b>Alonso<\/b>; Keandre <b>Cook<\/b>; Dario <b>Dreznjak<\/b>, Bakary <b>Dibba <\/b>y el gigante Danko <b>Brankovic<\/b>.<\/p>\n<p>Noticias relacionadas<a href=\"https:\/\/as.com\/baloncesto\/acb\/ricky-sobre-dabone-a-cierta-edad-uno-no-esta-preparado-para-debutar-con-un-equipo-profesional-n\/\" class=\"s_m_w\" title=\"El jugador del Joventut y leyenda del baloncesto espa\u00f1ol habla con el medio Jijantes y da su opini\u00f3n sobre el \u2018caso Dabone\u2019.\" data-tb-link=\"\" rel=\"nofollow noopener\" target=\"_blank\"><img decoding=\"async\" src=\"https:\/\/www.europesays.com\/es\/wp-content\/uploads\/2025\/09\/1758268988_19_DMHGYKKSJZFLFGVXBOOUXYZCKY.JPG\" alt=\"Ricky, sobre Dabone: \u201cA cierta edad uno no est\u00e1 preparado para debutar con un equipo profesional\u201d\" class=\"\" height=\"1\" width=\"1\"   loading=\"lazy\" data-tb-thumbnail=\"\"\/><\/a><a href=\"https:\/\/as.com\/baloncesto\/acb\/reves-para-el-real-madrid-maledon-lesionado-n\/\" class=\"s_m_w\" title=\"El club blanco anuncia que su flamante fichaje pone rumbo a la enfermer\u00eda al sufrir una lesi\u00f3n en el m\u00fasculo aductor corto del muslo izquierdo.\" data-tb-link=\"\" rel=\"nofollow noopener\" target=\"_blank\"><img decoding=\"async\" src=\"https:\/\/www.europesays.com\/es\/wp-content\/uploads\/2025\/09\/1758268989_495_TPLT3FCOSQYX5FYGV4TTFODVCI.JPG\" alt=\"Rev\u00e9s para el Real Madrid: Maledon, lesionado\" class=\"\" height=\"1\" width=\"1\"   loading=\"lazy\" data-tb-thumbnail=\"\"\/><\/a><\/p>\n<p class=\"\"><b>\u00a1Tus opiniones importan!<\/b> <\/p>\n<p class=\"\">Comenta en los art\u00edculos y suscr\u00edbete gratis a nuestra <a href=\"https:\/\/asfan.as.com\/newsletters\/\" target=\"_blank\" rel=\"nofollow noopener\" title=\"https:\/\/asfan.as.com\/newsletters\/\">newsletter<\/a> y a las alertas informativas en la <a href=\"https:\/\/as.com\/aplicacion-de-as-n\/\" target=\"_blank\" rel=\"nofollow noopener\" title=\"https:\/\/as.com\/aplicacion-de-as-n\/\">App<\/a> o el canal de <a href=\"https:\/\/www.whatsapp.com\/channel\/0029VaAasdA7j6g745nz9M10\" target=\"_blank\" rel=\"nofollow noopener\" title=\"https:\/\/www.whatsapp.com\/channel\/0029VaAasdA7j6g745nz9M10\">WhatsApp<\/a>. \u00bfBuscas licenciar contenido? Haz clic <a href=\"https:\/\/profesional.elpais.com\/soluciones-sindicacion?utm_medium=interno&amp;utm_source=crosslinking&amp;utm_campaign=sindicacion_as_pie_articulos\" target=\"_blank\" rel=\"nofollow noopener\" title=\"https:\/\/profesional.elpais.com\/soluciones-sindicacion?utm_medium=interno&amp;utm_source=crosslinking&amp;utm_campaign=sindicacion_as_pie_articulos\">aqu\u00ed<\/a><\/p>\n","protected":false},"excerpt":{"rendered":"El Real Madrid, acostumbrado a pretemporadas expr\u00e9s, afrontaba este verano una preparaci\u00f3n at\u00edpica, con m\u00e1s tiempo de lo&hellip;\n","protected":false},"author":2,"featured_media":124713,"comment_status":"","ping_status":"","sticky":false,"template":"","format":"standard","meta":{"footnotes":""},"categories":[269],"tags":[299,298,168,25,24,23,167],"class_list":{"0":"post-124712","1":"post","2":"type-post","3":"status-publish","4":"format-standard","5":"has-post-thumbnail","7":"category-baloncesto","8":"tag-baloncesto","9":"tag-basketball","10":"tag-deportes","11":"tag-es","12":"tag-espana","13":"tag-spain","14":"tag-sports"},"share_on_mastodon":{"url":"","error":""},"_links":{"self":[{"href":"https:\/\/www.europesays.com\/es\/wp-json\/wp\/v2\/posts\/124712","targetHints":{"allow":["GET"]}}],"collection":[{"href":"https:\/\/www.europesays.com\/es\/wp-json\/wp\/v2\/posts"}],"about":[{"href":"https:\/\/www.europesays.com\/es\/wp-json\/wp\/v2\/types\/post"}],"author":[{"embeddable":true,"href":"https:\/\/www.europesays.com\/es\/wp-json\/wp\/v2\/users\/2"}],"replies":[{"embeddable":true,"href":"https:\/\/www.europesays.com\/es\/wp-json\/wp\/v2\/comments?post=124712"}],"version-history":[{"count":0,"href":"https:\/\/www.europesays.com\/es\/wp-json\/wp\/v2\/posts\/124712\/revisions"}],"wp:featuredmedia":[{"embeddable":true,"href":"https:\/\/www.europesays.com\/es\/wp-json\/wp\/v2\/media\/124713"}],"wp:attachment":[{"href":"https:\/\/www.europesays.com\/es\/wp-json\/wp\/v2\/media?parent=124712"}],"wp:term":[{"taxonomy":"category","embeddable":true,"href":"https:\/\/www.europesays.com\/es\/wp-json\/wp\/v2\/categories?post=124712"},{"taxonomy":"post_tag","embeddable":true,"href":"https:\/\/www.europesays.com\/es\/wp-json\/wp\/v2\/tags?post=124712"}],"curies":[{"name":"wp","href":"https:\/\/api.w.org\/{rel}","templated":true}]}}