{"id":124720,"date":"2025-09-19T08:07:19","date_gmt":"2025-09-19T08:07:19","guid":{"rendered":"https:\/\/www.europesays.com\/es\/124720\/"},"modified":"2025-09-19T08:07:19","modified_gmt":"2025-09-19T08:07:19","slug":"un-libro-con-vision-cenital-y-raices-en-la-editora-granma-cultura-granma","status":"publish","type":"post","link":"https:\/\/www.europesays.com\/es\/124720\/","title":{"rendered":"Un libro con visi\u00f3n cenital, y ra\u00edces en la editora Granma \u203a Cultura \u203a Granma"},"content":{"rendered":"<p><img decoding=\"async\" class=\"media-viewer-candidate\" src=\"https:\/\/www.granma.cu\/file\/img\/2025\/09\/medium\/f0435615.jpg\" alt=\"\"\/><br \/>\nOmar Vali\u00f1o explic\u00f3 que las razones editoriales aconsejaron distribuir la obra en cinco cuadernos.  <strong>Foto: <\/strong>Jos\u00e9 Manuel Correa<\/p>\n<p class=\"MsoNormal\">Justo en el centro de la redacci\u00f3n del peri\u00f3dico Granma, el cr\u00edtico teatral, ensayista, profesor y editor cubano Omar Vali\u00f1o Cedr\u00e9 \u2013tambi\u00e9n director de la Biblioteca Nacional de Cuba\u2013 present\u00f3 este jueves el libro en serie Cenital: Un quinquenio de rese\u00f1as cr\u00edticas (2019-2023); que re\u00fane alrededor de un centenar de textos period\u00edsticos de su autor\u00eda, publicados en la secci\u00f3n cultural de la editora, sobre el \u00e1mbito teatral.<\/p>\n<p class=\"MsoNormal\">All\u00ed, en presencia de directivos, periodistas, editores, fot\u00f3grafos, dise\u00f1adores, correctores y otros trabajadores del medio de prensa, as\u00ed como de colaboradores habituales del diario, Vali\u00f1o narr\u00f3 las experiencias en el proceso creativo de este producto literario, y ponder\u00f3 la importancia de compartir la presentaci\u00f3n justamente en Granma; una editora en la que afirm\u00f3 sentirse como en casa, y en cuyas p\u00e1ginas ha podido encontrar un espacio sistem\u00e1tico la cr\u00edtica cultural y especializada sobre el arte de las tablas.<\/p>\n<p class=\"MsoNormal\">En el intercambio, explic\u00f3 que tras la versi\u00f3n digital surgi\u00f3 el empe\u00f1o de la impresi\u00f3n, y las razones editoriales aconsejaron distribuir la obra en cinco cuadernos; cada uno de ellos con textos escritos en un a\u00f1o espec\u00edfico de aquel lustro.<\/p>\n<p class=\"MsoNormal\">El autor de Cenital&#8230; tambi\u00e9n coment\u00f3 c\u00f3mo la propagaci\u00f3n de la covid-19, casi un a\u00f1o despu\u00e9s del surgimiento de su columna en Granma, con la consiguiente reducci\u00f3n de las puestas en escena teatrales, lo ret\u00f3 a buscar variantes con el fin de mantener su propuesta peri\u00f3dica, y acudi\u00f3 a evocaciones, salutaciones de grandes grupos y figuras en la historia de las tablas, sobre todo de la Isla.<\/p>\n<p class=\"MsoNormal\">En su secci\u00f3n tambi\u00e9n le ha dado seguimiento a espect\u00e1culos, estrenos, dramaturgias y actividades de pensamiento, mientras reserva un espacio, por igual, a reflexiones en torno a las artes esc\u00e9nicas, agreg\u00f3.<\/p>\n<p class=\"MsoNormal\">Luis Enrique Rodr\u00edguez Ortega \u2013director del Centro Hermanos Loynaz en Pinar del R\u00edo, y de su editorial, encargada de la recopilaci\u00f3n del texto\u2013 resalt\u00f3 la importancia del capital humano, formado por la Revoluci\u00f3n, en el vertimiento al papel de la vida de Cenital, en una situaci\u00f3n desfavorable para la impresi\u00f3n.<\/p>\n<p class=\"MsoNormal\">Para nosotros fue una gran responsabilidad asumir la publicaci\u00f3n de este libro, porque se trataba de un autor como Omar Vali\u00f1o y la compilaci\u00f3n de sus textos escritos en el rotativo; eso nos exig\u00eda el doble, apunt\u00f3 Rodr\u00edguez Ortega.<\/p>\n<p class=\"MsoNormal\">Asimismo, Enrique Villuendas, funcionario del Departamento Ideol\u00f3gico del Comit\u00e9 Central del Partido, presente tambi\u00e9n en el emotivo encuentro, destac\u00f3 la relevancia de los espacios que hoy mantienen los colaboradores como Vali\u00f1o en las p\u00e1ginas del diario, cuyas prestigiosas firmas contribuyen a enfrentar las campa\u00f1as de colonizaci\u00f3n cultural contra Cuba.<\/p>\n<p><img decoding=\"async\" class=\"media-viewer-candidate\" src=\"https:\/\/www.europesays.com\/es\/wp-content\/uploads\/2025\/09\/f0435612.jpg\" alt=\"\"\/><br \/>\nFOmar Vali\u00f1o don\u00f3 algunos de sus libros para la lectura en el Peri\u00f3dico Granma.<strong> Foto: <\/strong>Tahimi Mart\u00ednez Toledo<\/p>\n","protected":false},"excerpt":{"rendered":"Omar Vali\u00f1o explic\u00f3 que las razones editoriales aconsejaron distribuir la obra en cinco cuadernos. Foto: Jos\u00e9 Manuel Correa&hellip;\n","protected":false},"author":2,"featured_media":124721,"comment_status":"","ping_status":"","sticky":false,"template":"","format":"standard","meta":{"footnotes":""},"categories":[172],"tags":[224,1164,24073,146,147,25,24,24076,6326,225,10,24074,24077,24075,23],"class_list":{"0":"post-124720","1":"post","2":"type-post","3":"status-publish","4":"format-standard","5":"has-post-thumbnail","7":"category-libros","8":"tag-books","9":"tag-cuba","10":"tag-diario-granma","11":"tag-entertainment","12":"tag-entretenimiento","13":"tag-es","14":"tag-espana","15":"tag-fidel-castro","16":"tag-izquierda","17":"tag-libros","18":"tag-noticias","19":"tag-organo-oficial","20":"tag-raul-castro","21":"tag-revolucion-cubana","22":"tag-spain"},"share_on_mastodon":{"url":"","error":""},"_links":{"self":[{"href":"https:\/\/www.europesays.com\/es\/wp-json\/wp\/v2\/posts\/124720","targetHints":{"allow":["GET"]}}],"collection":[{"href":"https:\/\/www.europesays.com\/es\/wp-json\/wp\/v2\/posts"}],"about":[{"href":"https:\/\/www.europesays.com\/es\/wp-json\/wp\/v2\/types\/post"}],"author":[{"embeddable":true,"href":"https:\/\/www.europesays.com\/es\/wp-json\/wp\/v2\/users\/2"}],"replies":[{"embeddable":true,"href":"https:\/\/www.europesays.com\/es\/wp-json\/wp\/v2\/comments?post=124720"}],"version-history":[{"count":0,"href":"https:\/\/www.europesays.com\/es\/wp-json\/wp\/v2\/posts\/124720\/revisions"}],"wp:featuredmedia":[{"embeddable":true,"href":"https:\/\/www.europesays.com\/es\/wp-json\/wp\/v2\/media\/124721"}],"wp:attachment":[{"href":"https:\/\/www.europesays.com\/es\/wp-json\/wp\/v2\/media?parent=124720"}],"wp:term":[{"taxonomy":"category","embeddable":true,"href":"https:\/\/www.europesays.com\/es\/wp-json\/wp\/v2\/categories?post=124720"},{"taxonomy":"post_tag","embeddable":true,"href":"https:\/\/www.europesays.com\/es\/wp-json\/wp\/v2\/tags?post=124720"}],"curies":[{"name":"wp","href":"https:\/\/api.w.org\/{rel}","templated":true}]}}