{"id":124726,"date":"2025-09-19T08:10:09","date_gmt":"2025-09-19T08:10:09","guid":{"rendered":"https:\/\/www.europesays.com\/es\/124726\/"},"modified":"2025-09-19T08:10:09","modified_gmt":"2025-09-19T08:10:09","slug":"el-actor-de-luke-skywalker-desvela-la-frase-eliminada-de-star-wars-que-nunca-quiso-pronunciar-gracias-a-dios-se-la-cargaron","status":"publish","type":"post","link":"https:\/\/www.europesays.com\/es\/124726\/","title":{"rendered":"El actor de Luke Skywalker desvela la frase eliminada de \u2018Star Wars\u2019 que nunca quiso pronunciar: \u201cGracias a dios se la cargaron\u201d"},"content":{"rendered":"<p class=\"\">Han pasado casi cinco d\u00e9cadas desde que <a href=\"https:\/\/as.com\/meristation\/noticias\/mark-hamill-se-saca-un-as-de-la-manga-para-justificar-un-gracioso-gazapo-de-el-retorno-del-jedi-n\/\" target=\"_self\" rel=\"nofollow noopener\" title=\"https:\/\/as.com\/meristation\/noticias\/mark-hamill-se-saca-un-as-de-la-manga-para-justificar-un-gracioso-gazapo-de-el-retorno-del-jedi-n\/\">Mark Hamill<\/a> encarn\u00f3 a Luke Skywalker por primera vez. El actor de 73 a\u00f1os todav\u00eda recuerda una frase del guion que <b>nunca lleg\u00f3 a rodarse para la pel\u00edcula<\/b>, pero que s\u00ed estuvo presente en las pruebas de c\u00e1mara. En entrevista con <a href=\"https:\/\/www.hollywoodreporter.com\/movies\/movie-features\/mark-hamill-interview-the-long-walk-career-star-wars-1236366094\/\" target=\"_blank\" rel=\"nofollow noopener\" title=\"https:\/\/www.hollywoodreporter.com\/movies\/movie-features\/mark-hamill-interview-the-long-walk-career-star-wars-1236366094\/\">The Hollywood Reporter<\/a>, el int\u00e9rprete a reconocido que le alegr\u00f3 que fuera eliminada.<\/p>\n<p class=\"\">El periodista le ha preguntado si hubo alguna frase que le gustara y que fuera eliminada, pero Hamill ha respondido lo contrario: \u201c<b>Hab\u00eda una l\u00ednea [de di\u00e1logo] en la prueba de c\u00e1mara que gracias a dios fue cortada<\/b> y que nunca he olvidado. La puedo decir ahora mismo\u201d.<\/p>\n<p class=\"\">Y contin\u00faa: \u201cEstamos en el Halc\u00f3n Milenario, no est\u00e1 el Wookiee, solo Han Solo y yo. [Han] dice, mientras se dirige hacia la Estrella de la Muerte: \u2018Ok, es suficiente. Nos vamos. <b>He cumplido con mi parte del trato<\/b>\u2019\u201d, ha recordado Hamill. <\/p>\n<p><img decoding=\"async\" src=\"https:\/\/www.europesays.com\/es\/wp-content\/uploads\/2025\/09\/TVLRIW6H75EYPNO3KBHXFTISDA.jpg\" alt=\"Star Wars Luke Skywalker\" class=\"mm__img\"   width=\"1920\" height=\"1080\" loading=\"lazy\"\/><\/p>\n<p>Ampliar<\/p>\n<p>La respuesta de Luke Skywalker<\/p>\n<p class=\"\">\u201cY entonces yo respondo: \u2018Pero no podemos echarnos atr\u00e1s. <b>El miedo es la mayor defensa<\/b>. Tengo mis dudas de que la seguridad aqu\u00ed sea mejor que la que hay en Aquilea o Sullust. Y lo que hay es seguramente un asalto a gran escala\u2019\u201d.<\/p>\n<p class=\"\">El Mark Hamill de la \u00e9poca se dio cuenta de que<b> era una respuesta poco natural<\/b>. Para el actor, \u201cla frase tiene sentido\u201d en s\u00ed misma, pero le parece muy complicado que suene como si fuera un pensamiento genuino. <\/p>\n<p class=\"\">\u201cComo digo,<b> George Lucas no es un director centrado en los actores<\/b>, en el sentido de que no quiere escuchar sobre el trasfondo del personaje, la motivaci\u00f3n ni nada de eso. \u00c9l elige actores que se acercan mucho a lo que desea, as\u00ed que no tiene que trabajar demasiado en ese aspecto\u201d.<\/p>\n<p class=\"\">Hamill confirm\u00f3 en la misma entrevista<a href=\"https:\/\/as.com\/meristation\/cine\/mark-hamill-revela-por-que-acepto-volver-a-ser-luke-skywalker-en-star-wars-the-mandalorian-no-lo-habiamos-visto-en-la-cima-de-su-poder-n\/\" target=\"_self\" rel=\"nofollow noopener\" title=\"https:\/\/as.com\/meristation\/cine\/mark-hamill-revela-por-que-acepto-volver-a-ser-luke-skywalker-en-star-wars-the-mandalorian-no-lo-habiamos-visto-en-la-cima-de-su-poder-n\/\"> los motivos<\/a> que le llevaron a <b>volver a interpretar a Luke Skywalker en \u2018The Mandalorian\u2019<\/b><\/p>\n<p>Noticias relacionadas<\/p>\n<p class=\"\">Suscr\u00edbete al <a href=\"https:\/\/www.youtube.com\/@meristation\" target=\"_self\" rel=\"nofollow noopener\" title=\"https:\/\/www.youtube.com\/@meristation\">canal de MeriStation en YouTube<\/a>, tu web de videojuegos y entretenimiento para conocer todas las noticias y novedades sobre el mundo del videojuego, cine, series, manga y anime. An\u00e1lisis, entrevistas, tr\u00e1ileres, gameplays, p\u00f3dcast y mucho m\u00e1s. Tambi\u00e9n te animamos a seguir <a href=\"https:\/\/www.tiktok.com\/@meristation\" rel=\"nofollow noopener\" title=\"https:\/\/www.tiktok.com\/@meristation\" target=\"_blank\">nuestra cuenta de TikTok<\/a>. <\/p>\n<p class=\"\">\u00a1S\u00edguenos en ambas y, si est\u00e1s interesado en licenciar este contenido, pincha <a href=\"https:\/\/profesional.elpais.com\/soluciones-sindicacion?utm_medium=interno&amp;utm_source=crosslinking&amp;utm_campaign=sindicacion_as_pie_articulos\" target=\"_blank\" rel=\"nofollow noopener\" title=\"https:\/\/profesional.elpais.com\/soluciones-sindicacion?utm_medium=interno&amp;utm_source=crosslinking&amp;utm_campaign=sindicacion_as_pie_articulos\">aqu\u00ed<\/a>!<\/p>\n<p><script async src=\"\/\/www.tiktok.com\/embed.js\"><\/script><\/p>\n","protected":false},"excerpt":{"rendered":"Han pasado casi cinco d\u00e9cadas desde que Mark Hamill encarn\u00f3 a Luke Skywalker por primera vez. El actor&hellip;\n","protected":false},"author":2,"featured_media":124727,"comment_status":"","ping_status":"","sticky":false,"template":"","format":"standard","meta":{"footnotes":""},"categories":[169],"tags":[177,146,147,25,24,176,175,23],"class_list":{"0":"post-124726","1":"post","2":"type-post","3":"status-publish","4":"format-standard","5":"has-post-thumbnail","7":"category-cine","8":"tag-cine","9":"tag-entertainment","10":"tag-entretenimiento","11":"tag-es","12":"tag-espana","13":"tag-film","14":"tag-movies","15":"tag-spain"},"share_on_mastodon":{"url":"","error":""},"_links":{"self":[{"href":"https:\/\/www.europesays.com\/es\/wp-json\/wp\/v2\/posts\/124726","targetHints":{"allow":["GET"]}}],"collection":[{"href":"https:\/\/www.europesays.com\/es\/wp-json\/wp\/v2\/posts"}],"about":[{"href":"https:\/\/www.europesays.com\/es\/wp-json\/wp\/v2\/types\/post"}],"author":[{"embeddable":true,"href":"https:\/\/www.europesays.com\/es\/wp-json\/wp\/v2\/users\/2"}],"replies":[{"embeddable":true,"href":"https:\/\/www.europesays.com\/es\/wp-json\/wp\/v2\/comments?post=124726"}],"version-history":[{"count":0,"href":"https:\/\/www.europesays.com\/es\/wp-json\/wp\/v2\/posts\/124726\/revisions"}],"wp:featuredmedia":[{"embeddable":true,"href":"https:\/\/www.europesays.com\/es\/wp-json\/wp\/v2\/media\/124727"}],"wp:attachment":[{"href":"https:\/\/www.europesays.com\/es\/wp-json\/wp\/v2\/media?parent=124726"}],"wp:term":[{"taxonomy":"category","embeddable":true,"href":"https:\/\/www.europesays.com\/es\/wp-json\/wp\/v2\/categories?post=124726"},{"taxonomy":"post_tag","embeddable":true,"href":"https:\/\/www.europesays.com\/es\/wp-json\/wp\/v2\/tags?post=124726"}],"curies":[{"name":"wp","href":"https:\/\/api.w.org\/{rel}","templated":true}]}}