{"id":124728,"date":"2025-09-19T08:11:06","date_gmt":"2025-09-19T08:11:06","guid":{"rendered":"https:\/\/www.europesays.com\/es\/124728\/"},"modified":"2025-09-19T08:11:06","modified_gmt":"2025-09-19T08:11:06","slug":"movistar-team-incorpora-a-pavel-novak-hasta-2028","status":"publish","type":"post","link":"https:\/\/www.europesays.com\/es\/124728\/","title":{"rendered":"Movistar Team incorpora a Pavel Nov\u00e1k hasta 2028"},"content":{"rendered":"<p class=\"news_body-excerpt\">Movistar Team anuncia la incorporaci\u00f3n del joven ciclista checo Pavel Nov\u00e1k (20 a\u00f1os), quien defender\u00e1 los colores del conjunto telef\u00f3nico a partir de la temporada 2026 y hasta 2028.<\/p>\n<p><img fetchpriority=\"high\" decoding=\"async\" width=\"736\" height=\"920\" src=\"https:\/\/www.europesays.com\/es\/wp-content\/uploads\/2025\/09\/FICHAJE-PAVEL-FINAL-1-736x920.jpg\" alt=\"\" class=\"wp-image-145381\"  \/><\/p>\n<p><strong>Nov\u00e1k<\/strong> llega como una de las grandes promesas del ciclismo europeo tras firmar un brillante 2025. Este a\u00f1o finaliz\u00f3\u00a03\u00ba en la clasificaci\u00f3n general del Giro d\u2019Italia Next Gen, fue\u00a02\u00ba en la clasificaci\u00f3n de la monta\u00f1a\u00a0y se adjudic\u00f3 la\u00a0victoria en la 7\u00aa etapa, con final en\u00a0Prato Nevoso\u00a0tras partir de\u00a0Bra.<\/p>\n<p><strong>Declaraciones de Pavel Nov\u00e1k<\/strong>:<\/p>\n<p>\u201c<strong>Para m\u00ed, fichar por Movistar Team es un sue\u00f1o hecho realidad. Es uno de los equipos m\u00e1s ic\u00f3nicos y respetados de la historia del ciclismo, y formar parte de este proyecto es un gran honor y una enorme motivaci\u00f3n.<\/strong>\u00ab<\/p>\n<p>\u201c<strong>Para mi carrera significa un paso muy importante hacia adelante. Voy a poder crecer y aprender dentro de una estructura WorldTour, rodeado de ciclistas experimentados, y estoy seguro de que me ayudar\u00e1 a desarrollarme y progresar como corredor. Tengo muchas ganas de empezar esta nueva etapa.<\/strong>\u00ab<\/p>\n","protected":false},"excerpt":{"rendered":"Movistar Team anuncia la incorporaci\u00f3n del joven ciclista checo Pavel Nov\u00e1k (20 a\u00f1os), quien defender\u00e1 los colores del&hellip;\n","protected":false},"author":2,"featured_media":124729,"comment_status":"","ping_status":"","sticky":false,"template":"","format":"standard","meta":{"footnotes":""},"categories":[93],"tags":[5168,313,1757,168,622,25,24,14861,699,303,8660,3013,23,167,1826,462,11214,5411,14860],"class_list":{"0":"post-124728","1":"post","2":"type-post","3":"status-publish","4":"format-standard","5":"has-post-thumbnail","7":"category-deportes","8":"tag-bicicletas","9":"tag-ciclismo","10":"tag-ciclista","11":"tag-deportes","12":"tag-equipo","13":"tag-es","14":"tag-espana","15":"tag-eusebio-unzue","16":"tag-grande","17":"tag-movistar","18":"tag-movistar-team","19":"tag-mundo","20":"tag-spain","21":"tag-sports","22":"tag-telefonica","23":"tag-tour-de-francia","24":"tag-uci","25":"tag-vuelta-a-espana","26":"tag-world-tour"},"share_on_mastodon":{"url":"","error":""},"_links":{"self":[{"href":"https:\/\/www.europesays.com\/es\/wp-json\/wp\/v2\/posts\/124728","targetHints":{"allow":["GET"]}}],"collection":[{"href":"https:\/\/www.europesays.com\/es\/wp-json\/wp\/v2\/posts"}],"about":[{"href":"https:\/\/www.europesays.com\/es\/wp-json\/wp\/v2\/types\/post"}],"author":[{"embeddable":true,"href":"https:\/\/www.europesays.com\/es\/wp-json\/wp\/v2\/users\/2"}],"replies":[{"embeddable":true,"href":"https:\/\/www.europesays.com\/es\/wp-json\/wp\/v2\/comments?post=124728"}],"version-history":[{"count":0,"href":"https:\/\/www.europesays.com\/es\/wp-json\/wp\/v2\/posts\/124728\/revisions"}],"wp:featuredmedia":[{"embeddable":true,"href":"https:\/\/www.europesays.com\/es\/wp-json\/wp\/v2\/media\/124729"}],"wp:attachment":[{"href":"https:\/\/www.europesays.com\/es\/wp-json\/wp\/v2\/media?parent=124728"}],"wp:term":[{"taxonomy":"category","embeddable":true,"href":"https:\/\/www.europesays.com\/es\/wp-json\/wp\/v2\/categories?post=124728"},{"taxonomy":"post_tag","embeddable":true,"href":"https:\/\/www.europesays.com\/es\/wp-json\/wp\/v2\/tags?post=124728"}],"curies":[{"name":"wp","href":"https:\/\/api.w.org\/{rel}","templated":true}]}}