{"id":124741,"date":"2025-09-19T08:19:04","date_gmt":"2025-09-19T08:19:04","guid":{"rendered":"https:\/\/www.europesays.com\/es\/124741\/"},"modified":"2025-09-19T08:19:04","modified_gmt":"2025-09-19T08:19:04","slug":"dificil-salida-del-trops-a-santander","status":"publish","type":"post","link":"https:\/\/www.europesays.com\/es\/124741\/","title":{"rendered":"Dif\u00edcil salida del Trops a Santander"},"content":{"rendered":"<p><a href=\"https:\/\/www.merchanendirecto.es\/wp-content\/uploads\/2025\/09\/AGUDO_FOTO-EMILIO-DUARTE-1-scaled.webp\" data-caption=\"\" rel=\"nofollow noopener\" target=\"_blank\"><img loading=\"lazy\" decoding=\"async\" width=\"696\" height=\"464\" class=\"entry-thumb td-modal-image\" src=\"https:\/\/www.europesays.com\/es\/wp-content\/uploads\/2025\/09\/AGUDO_FOTO-EMILIO-DUARTE-1-696x464.webp.webp\"   alt=\"\" title=\"AGUDO_FOTO EMILIO DUARTE\"\/><\/a><\/p>\n<p><strong>El equipo malague\u00f1o se mide el s\u00e1bado al Sinf\u00edn santanderino, uno de los aspirantes al ascenso<\/strong><\/p>\n<p>Segunda jornada en la Divisi\u00f3n de Honor Plata de balonmano y primera salida para el Trops M\u00e1laga, que este s\u00e1bado visitar\u00e1 Cantabria para enfrentarse al Blendio Sinf\u00edn Santander en el pabell\u00f3n de La Albericia, a partir de las 19 horas.<\/p>\n<p>El conjunto santanderino, uno de los claros favoritos al ascenso y con pasado reciente en la liga Asobal, llega al duelo con un punto en su casillero, cosechado la semana pasada en la cancha del Oviedo (30-30), que se ha estrenado esta temporada en la categor\u00eda.<\/p>\n<p>Por su parte, el Trops ca\u00eda derrotado el pasado s\u00e1bado en su feudo, el pabell\u00f3n Fray Francisco Ba\u00f1os del colegio Los Olivos, por el resultado de 30-36 ante el filial del F. C. Barcelona.<\/p>\n<p>Aunque la competici\u00f3n acaba de arrancar, lo cierto es que el cuadro de M\u00e1laga quiere corregir el error de la primera jornada puntuando este s\u00e1bado en Santander. Sin embargo, su capit\u00e1n, Adri\u00e1n Portela ha advertido en la previa del choque que no ser\u00e1 nada f\u00e1cil traerse un resultado positivo para la capital costasole\u00f1a. As\u00ed lo ha expresado el defensor argentino: \u201cEl Santander es un equipo que ha mantenido gran parte de la plantilla del a\u00f1o pasado que los llev\u00f3 al \u2018play-off\u2019. As\u00ed que, nos vamos a encontrar a un equipo muy fuerte. Tienen grandes jugadores en ataque y cuenta con una defensa con una gran talla y magn\u00edfica porter\u00eda\u201d, ha se\u00f1alado Portela. \u201cSabemos que va a ser un encuentro dif\u00edcil. Tenemos que evitar cometer los errores de la semana pasada contra el Bar\u00e7a Atl\u00e8tic si queremos traernos los puntos para M\u00e1laga\u201d, ha explicado el especialista defensivo del cuadro malague\u00f1o.<\/p>\n<p>El Sinf\u00edn se ha estrenado esta temporada con un nuevo entrenador, el ex jugador Jos\u00e9 Manuel Herrero, y con una plantilla que mantiene la mayor parte de sus jugadores que el pasado curso llevaron al equipo a disputar la fase de ascenso, aunque tambi\u00e9n ha incorporado a algunos efectivos, como son los casos del portero canterano del Bar\u00e7a Pol Quiroga, o el lateral derecho argentino Federico Saud Sulak, que procede del Club Atl\u00e9tico Lan\u00fas. Y tambi\u00e9n en sus filas se encuentra el central Mat\u00edas Paya, ex del Trops.<\/p>\n<p>El encuentro ser\u00e1 dirigido por los colegiados Pablo San Emeterio de la Fuente y Javier Ari\u00f1o Saiz, de la Federaci\u00f3n Territorial de Madrid. Los aficionados podr\u00e1n seguir este envite en directo a trav\u00e9s del canal de YouTube de Simancas Sport.<\/p>\n","protected":false},"excerpt":{"rendered":"El equipo malague\u00f1o se mide el s\u00e1bado al Sinf\u00edn santanderino, uno de los aspirantes al ascenso Segunda jornada&hellip;\n","protected":false},"author":2,"featured_media":124742,"comment_status":"","ping_status":"","sticky":false,"template":"","format":"standard","meta":{"footnotes":""},"categories":[278],"tags":[376,168,25,24,375,744,23,167,11716],"class_list":{"0":"post-124741","1":"post","2":"type-post","3":"status-publish","4":"format-standard","5":"has-post-thumbnail","7":"category-balonmano","8":"tag-balonmano","9":"tag-deportes","10":"tag-es","11":"tag-espana","12":"tag-handball","13":"tag-polideportivo","14":"tag-spain","15":"tag-sports","16":"tag-trops-malaga"},"share_on_mastodon":{"url":"","error":""},"_links":{"self":[{"href":"https:\/\/www.europesays.com\/es\/wp-json\/wp\/v2\/posts\/124741","targetHints":{"allow":["GET"]}}],"collection":[{"href":"https:\/\/www.europesays.com\/es\/wp-json\/wp\/v2\/posts"}],"about":[{"href":"https:\/\/www.europesays.com\/es\/wp-json\/wp\/v2\/types\/post"}],"author":[{"embeddable":true,"href":"https:\/\/www.europesays.com\/es\/wp-json\/wp\/v2\/users\/2"}],"replies":[{"embeddable":true,"href":"https:\/\/www.europesays.com\/es\/wp-json\/wp\/v2\/comments?post=124741"}],"version-history":[{"count":0,"href":"https:\/\/www.europesays.com\/es\/wp-json\/wp\/v2\/posts\/124741\/revisions"}],"wp:featuredmedia":[{"embeddable":true,"href":"https:\/\/www.europesays.com\/es\/wp-json\/wp\/v2\/media\/124742"}],"wp:attachment":[{"href":"https:\/\/www.europesays.com\/es\/wp-json\/wp\/v2\/media?parent=124741"}],"wp:term":[{"taxonomy":"category","embeddable":true,"href":"https:\/\/www.europesays.com\/es\/wp-json\/wp\/v2\/categories?post=124741"},{"taxonomy":"post_tag","embeddable":true,"href":"https:\/\/www.europesays.com\/es\/wp-json\/wp\/v2\/tags?post=124741"}],"curies":[{"name":"wp","href":"https:\/\/api.w.org\/{rel}","templated":true}]}}