{"id":124743,"date":"2025-09-19T08:20:08","date_gmt":"2025-09-19T08:20:08","guid":{"rendered":"https:\/\/www.europesays.com\/es\/124743\/"},"modified":"2025-09-19T08:20:08","modified_gmt":"2025-09-19T08:20:08","slug":"de-carcelero-a-despertador-trece-anos-despues-y-sin-miedo-a-la-mala-suerte","status":"publish","type":"post","link":"https:\/\/www.europesays.com\/es\/124743\/","title":{"rendered":"De Carcelero a Despertador, trece a\u00f1os despu\u00e9s y sin miedo a la mala suerte"},"content":{"rendered":"<p><a class=\"v-mdl-ath__fig-a\" href=\"https:\/\/www.lagacetadesalamanca.es\/autor\/javier-lorenzo-5975.html\" title=\"Javier Lorenzo\" rel=\"nofollow noopener\" target=\"_blank\"><br \/>\n<img decoding=\"async\" class=\"v-mdl-ath__img\" src=\"https:\/\/s1.ppllstatics.com\/comun\/img\/2014\/autor\/autor-5975-foto-1.png\" alt=\"Javier Lorenzo\"\/><br \/>\n<\/a><\/p>\n<p class=\"v-mdl-ath__p v-mdl-ath__p--6\">\nViernes, 19 de septiembre 2025, 07:49<\/p>\n<p class=\"v-p\">Al toro Carcelero le cort\u00f3 las dos orejas Javier Valverde en La Glorieta el 9 de septiembre de 2002, que fue la fecha en la que lidi\u00f3 su primera corrida de toros la divisa de Hermanos Garc\u00eda Jim\u00e9nez. Hoy vuelve con un encierro completo despu\u00e9s de que el a\u00f1o pasado estuviera con dos astados en la corrida concurso y de que en 2023 protagonizara su Feria m\u00e1s rotunda: entre aquellos ocho toros, <strong>dos de ellos fueron premiados con el pa\u00f1uelo azul<\/strong><strong>que otorga los honores de la vuelta al<\/strong> ruedo, <strong>Caramelo y Ateo.<\/strong> Al primero lo desorej\u00f3 Castella y con el segundo se despidi\u00f3 de La Glorieta cort\u00e1ndole un rabo El Juli. Su \u00e9xito m\u00e1s reconocido fue el Toro de Oro que gan\u00f3 con Raleo en 2008. Los dos del a\u00f1o pasado en la Feria no fueron los \u00faltimos porque Garc\u00eda Jim\u00e9nez tambi\u00e9n solt\u00f3 dos astados el pasado 14 de junio y a uno de ellos, Despertador, le cort\u00f3 las dos orejas Marco P\u00e9rez.<\/p>\n<p class=\"v-p\">Desde aquella primera corrida de toros de 2002 la ganader\u00eda de la casa <strong>Matilla no ha sido regular su presencia en La Glorieta<\/strong>. No en vano solo fueron sus tres primeras apariciones (2002, 2003 y 2004) en las que lidi\u00f3 de manera consecutiva, luego ya sus apariciones se fueron salpicando hasta certificar las siete corridas de toros completas que ha lidiado en la Feria y las dos apariciones m\u00e1s con dos toros en la concurso del a\u00f1o pasado en la extraordinaria del \u00faltimo 14J.<\/p>\n<p class=\"v-p\">Esta fue uno de los \u00e9xitos de una temporada de gran regularidad en el triunfo de Garc\u00eda Jim\u00e9nez siempre en carteles de figuras. En <strong>Sevilla<\/strong> le cortaron tres orejas Morante, Talavante y Manzanares; el alicantino protagoniz\u00f3 una de sus tardes m\u00e1s felices en <strong>Nimes (Francia)<\/strong> cortando tres de las cinco orejas de aquella funci\u00f3n; en Granada, Morante, Roca y Aguado salieron a hombros, el propio Morante triunf\u00f3 con El Fandi en <strong>Le\u00f3n<\/strong>; Talavante le cort\u00f3 un rabo a uno en <strong>Estepona<\/strong> en noche de \u00e9xito con Morante y Manzanares, que enlot\u00f3 un toro de vuelta al ruedo; tambi\u00e9n Manzanares y Roca salieron a hombros en <strong>El Puerto de Santa Mar\u00eda <\/strong> con una prodigiosa faena de un Aguado sin espada. Un a\u00f1o de \u00e9xitos en el que llega a Salamanca para escalar una de sus grandes cimas.<\/p>\n<p>Los datos<\/p>\n<p class=\"v-p\">\u2014FAENAS DE DOS OREJAS. <strong>Javier Valverde<\/strong> con el toro Carcerlero en 2002,<strong> El Juli<\/strong> con Zarrabando y <strong>Miguel \u00c1ngel Perera<\/strong> con Raleo en 2008; <strong>Alejandro Talavante<\/strong> con Despensero en 2017; <strong>El Juli<\/strong> con Ateo y <strong>Sebasti\u00e1n Castella<\/strong> con Caramelo en 2023; adem\u00e1s de <strong>Marco P\u00e9rez<\/strong> el 14 de junio con Despertador, son las siete faenas de dos orejas en La Glorieta con reses de la casa Matilla.<\/p>\n<p class=\"v-p\">\u2014MANZANARES, EL QUE M\u00c1S TORE\u00d3. De los veinte toreros que se anunciaron con los toros de Garc\u00eda Jim\u00e9nez en La Glorieta es <strong>Jos\u00e9 Mar\u00eda Manzanares<\/strong> quien m\u00e1s reses tore\u00f3 (7), le siguen Juli\u00e1n L\u00f3pez &#8216;El Juli&#8217; (5) y Morante de la Puebla (3).   <\/p>\n<p class=\"v-p\">\u2014LOS N\u00daMEROS. La divisa de <strong>Hermanos Garc\u00eda Jim\u00e9nez<\/strong> ha estado presente en siete ferias con un encierro completo (2002, 2003, 2004, 2008, 2010, 2017 y 2023) y en tres corridas de toros m\u00e1s lidiado dos toros (2023, 2024 y 2025). En total han sido 47 toros, 21 orejas y 8 puertas grandes.<\/p>\n<p class=\"v-p\">\u2014LA TARDE M\u00c1S REDONDA. El 18 de septiembre de 2008 la divisa de Garc\u00eda Jim\u00e9nez lidi\u00f3 su festejo m\u00e1s completo, en el que los tres toreros, <strong>El Juli<\/strong> (dos orejas), <strong>Miguel \u00c1ngel Perera<\/strong> (tres orejas) y <strong>Eduardo Gallo<\/strong> (oreja y oreja) salieron por la puerta grande.<\/p>\n<p>Comenta<\/p>\n<p>Reporta un error<\/p>\n","protected":false},"excerpt":{"rendered":"Viernes, 19 de septiembre 2025, 07:49 Al toro Carcelero le cort\u00f3 las dos orejas Javier Valverde en La&hellip;\n","protected":false},"author":2,"featured_media":124744,"comment_status":"","ping_status":"","sticky":false,"template":"","format":"standard","meta":{"footnotes":""},"categories":[277],"tags":[988,373,40739,168,40740,987,25,24,4879,5486,23,167,11057,374,13144],"class_list":{"0":"post-124743","1":"post","2":"type-post","3":"status-publish","4":"format-standard","5":"has-post-thumbnail","7":"category-toreo","8":"tag-anos","9":"tag-bullfighting","10":"tag-carcelero","11":"tag-deportes","12":"tag-despertador","13":"tag-despues","14":"tag-es","15":"tag-espana","16":"tag-mala","17":"tag-miedo","18":"tag-spain","19":"tag-sports","20":"tag-suerte","21":"tag-toreo","22":"tag-trece"},"share_on_mastodon":{"url":"","error":""},"_links":{"self":[{"href":"https:\/\/www.europesays.com\/es\/wp-json\/wp\/v2\/posts\/124743","targetHints":{"allow":["GET"]}}],"collection":[{"href":"https:\/\/www.europesays.com\/es\/wp-json\/wp\/v2\/posts"}],"about":[{"href":"https:\/\/www.europesays.com\/es\/wp-json\/wp\/v2\/types\/post"}],"author":[{"embeddable":true,"href":"https:\/\/www.europesays.com\/es\/wp-json\/wp\/v2\/users\/2"}],"replies":[{"embeddable":true,"href":"https:\/\/www.europesays.com\/es\/wp-json\/wp\/v2\/comments?post=124743"}],"version-history":[{"count":0,"href":"https:\/\/www.europesays.com\/es\/wp-json\/wp\/v2\/posts\/124743\/revisions"}],"wp:featuredmedia":[{"embeddable":true,"href":"https:\/\/www.europesays.com\/es\/wp-json\/wp\/v2\/media\/124744"}],"wp:attachment":[{"href":"https:\/\/www.europesays.com\/es\/wp-json\/wp\/v2\/media?parent=124743"}],"wp:term":[{"taxonomy":"category","embeddable":true,"href":"https:\/\/www.europesays.com\/es\/wp-json\/wp\/v2\/categories?post=124743"},{"taxonomy":"post_tag","embeddable":true,"href":"https:\/\/www.europesays.com\/es\/wp-json\/wp\/v2\/tags?post=124743"}],"curies":[{"name":"wp","href":"https:\/\/api.w.org\/{rel}","templated":true}]}}