{"id":124756,"date":"2025-09-19T08:29:10","date_gmt":"2025-09-19T08:29:10","guid":{"rendered":"https:\/\/www.europesays.com\/es\/124756\/"},"modified":"2025-09-19T08:29:10","modified_gmt":"2025-09-19T08:29:10","slug":"mi-hijo-murio-y-quise-irme-con-el","status":"publish","type":"post","link":"https:\/\/www.europesays.com\/es\/124756\/","title":{"rendered":"\u201cMi hijo muri\u00f3 y quise irme con \u00e9l\u201d"},"content":{"rendered":"<p data-gtm-element-container=\"modulo-texto-link\" class=\"paragraph\">El d\u00eda en que Miguel \u00c1ngel Cabrera decidi\u00f3 apartarse de Camela cambi\u00f3 por completo su vida. Lo que en ese momento sinti\u00f3 como un paso l\u00f3gico acab\u00f3 transform\u00e1ndose en un recuerdo que, con el tiempo, le dol\u00eda cada vez m\u00e1s.<\/p>\n<p data-gtm-element-container=\"modulo-texto-link\" class=\"paragraph\">El teclista y letrista del grupo, que estuvo desde el principio junto a Dioni y \u00c1ngeles, ha contado en varias ocasiones que aquella marcha no fue sencilla. Se trataba de abandonar a sus compa\u00f1eros y, de alguna manera, tambi\u00e9n a una parte de s\u00ed mismo, despu\u00e9s de dos d\u00e9cadas de canciones que siguen sonando hoy.<\/p>\n<p>Cansado<br \/>\nUna charla con Dioni acab\u00f3 en ruptura y en una herida que tard\u00f3 mucho en cerrarse<\/p>\n<p data-gtm-element-container=\"modulo-texto-link\" class=\"paragraph\">En una entrevista en el programa\u00a0El tiempo justo\u00a0de Telecinco explic\u00f3 c\u00f3mo fue aquel momento: \u201cMe dijo Dioni que las cosas ten\u00edan que cambiar, que eran los cantantes y le dije que me iba y que continuaran\u201d. Asegur\u00f3 que se fue convencido de que era la decisi\u00f3n adecuada, pero admiti\u00f3 que \u201cahora me arrepiento bastante\u201d.\u00a0<\/p>\n<p data-gtm-element-container=\"modulo-texto-link\" class=\"paragraph\">El desgaste acumulado por los viajes y la exigencia de los conciertos fue otra de las razones que lo empujaron a marcharse. Record\u00f3 en televisi\u00f3n que \u201cestaba yo tambi\u00e9n un poquito quemado, todo no era tan bonito. Viajes, hoteles&#8230; mis ni\u00f1os eran chiquititos y me apart\u00e9\u201d. Esa confesi\u00f3n dej\u00f3 ver que su decisi\u00f3n estuvo ligada tanto al cansancio como a la necesidad de estar m\u00e1s cerca de su familia.<\/p>\n<p>                <img loading=\"lazy\" decoding=\"async\" data-full-src=\"https:\/\/www.lavanguardia.com\/uploads\/2025\/05\/02\/68146f05ac26e.jpeg\" alt=\"Camela.\" width=\"449\" height=\"299\" src=\"https:\/\/www.europesays.com\/es\/wp-content\/uploads\/2025\/09\/68146f05ac26e.r_d.1970-1067.jpeg\" class=\"lazy\"\/><\/p>\n<p class=\"caption-title \">Camela.<\/p>\n<p>                    PEDRO WALTER \/ Europa Press<\/p>\n<p data-gtm-element-container=\"modulo-texto-link\" class=\"paragraph\">La ruptura dej\u00f3 un vac\u00edo que tard\u00f3 en cicatrizar, sobre todo porque su relaci\u00f3n con los otros dos integrantes se enfri\u00f3 durante a\u00f1os: \u201cMe doli\u00f3 que se public\u00f3 un libro de Camela y a m\u00ed no se me nombr\u00f3, siendo tres como fuimos durante tanto tiempo\u201d.<\/p>\n<p>Nueva etapa<br \/>\nLa tragedia personal que supuso la muerte de su hijo acerc\u00f3 de nuevo a los tres m\u00fasicos<\/p>\n<p data-gtm-element-container=\"modulo-texto-link\" class=\"paragraph\">La situaci\u00f3n dio un giro tras la muerte de su hijo en un accidente de tr\u00e1fico con solamente 18 a\u00f1os. \u201cQuise irme con \u00e9l\u201d, asegur\u00f3. En ese instante tan duro volvieron a encontrarse y, seg\u00fan relat\u00f3, la visita de Dioni y \u00c1ngeles al tanatorio marc\u00f3 un punto de uni\u00f3n.<\/p>\n<p data-gtm-element-container=\"modulo-texto-link\" class=\"paragraph\">Cabrera reconoci\u00f3 que \u201csi mi hijo estuviese vivo, le pedir\u00eda volver, pero hoy en d\u00eda no\u201d. Ese dolor personal le llev\u00f3 a retomar la escritura de canciones, entre ellas una dedicada a su hijo bajo el t\u00edtulo\u00a0Tu coraz\u00f3n lo regalaste.<\/p>\n<p>        Lee tambi\u00e9n<\/p>\n<p>    Carla Mi\u00f1arro Rey<\/p>\n<p>             <img loading=\"lazy\" decoding=\"async\" data-full-src=\"https:\/\/www.lavanguardia.com\/uploads\/2025\/08\/19\/68a484ae04100.jpeg\" alt=\"La inesperada colaboraci\u00f3n de Rosal\u00eda con Camela que nunca saldr\u00e1 a la luz.\" width=\"104\" height=\"108\" src=\"https:\/\/www.europesays.com\/es\/wp-content\/uploads\/2025\/09\/68a484ae04100.jpeg\" class=\"lazy\"\/><\/p>\n<p data-gtm-element-container=\"modulo-texto-link\" class=\"paragraph\">Hoy, aunque no contempla volver como miembro fijo de Camela, mantiene contacto con el d\u00fao y se muestra dispuesto a colaborar con ellos en nuevas canciones. Su historia refleja c\u00f3mo aquella despedida sigue marcando su trayectoria y c\u00f3mo la relaci\u00f3n con Dioni y \u00c1ngeles, a pesar de las heridas, permanece.<\/p>\n","protected":false},"excerpt":{"rendered":"El d\u00eda en que Miguel \u00c1ngel Cabrera decidi\u00f3 apartarse de Camela cambi\u00f3 por completo su vida. Lo que&hellip;\n","protected":false},"author":2,"featured_media":124757,"comment_status":"","ping_status":"","sticky":false,"template":"","format":"standard","meta":{"footnotes":""},"categories":[174],"tags":[255,146,147,25,24,256,23],"class_list":{"0":"post-124756","1":"post","2":"type-post","3":"status-publish","4":"format-standard","5":"has-post-thumbnail","7":"category-famosos","8":"tag-celebrities","9":"tag-entertainment","10":"tag-entretenimiento","11":"tag-es","12":"tag-espana","13":"tag-famosos","14":"tag-spain"},"share_on_mastodon":{"url":"","error":""},"_links":{"self":[{"href":"https:\/\/www.europesays.com\/es\/wp-json\/wp\/v2\/posts\/124756","targetHints":{"allow":["GET"]}}],"collection":[{"href":"https:\/\/www.europesays.com\/es\/wp-json\/wp\/v2\/posts"}],"about":[{"href":"https:\/\/www.europesays.com\/es\/wp-json\/wp\/v2\/types\/post"}],"author":[{"embeddable":true,"href":"https:\/\/www.europesays.com\/es\/wp-json\/wp\/v2\/users\/2"}],"replies":[{"embeddable":true,"href":"https:\/\/www.europesays.com\/es\/wp-json\/wp\/v2\/comments?post=124756"}],"version-history":[{"count":0,"href":"https:\/\/www.europesays.com\/es\/wp-json\/wp\/v2\/posts\/124756\/revisions"}],"wp:featuredmedia":[{"embeddable":true,"href":"https:\/\/www.europesays.com\/es\/wp-json\/wp\/v2\/media\/124757"}],"wp:attachment":[{"href":"https:\/\/www.europesays.com\/es\/wp-json\/wp\/v2\/media?parent=124756"}],"wp:term":[{"taxonomy":"category","embeddable":true,"href":"https:\/\/www.europesays.com\/es\/wp-json\/wp\/v2\/categories?post=124756"},{"taxonomy":"post_tag","embeddable":true,"href":"https:\/\/www.europesays.com\/es\/wp-json\/wp\/v2\/tags?post=124756"}],"curies":[{"name":"wp","href":"https:\/\/api.w.org\/{rel}","templated":true}]}}