{"id":124760,"date":"2025-09-19T08:32:09","date_gmt":"2025-09-19T08:32:09","guid":{"rendered":"https:\/\/www.europesays.com\/es\/124760\/"},"modified":"2025-09-19T08:32:09","modified_gmt":"2025-09-19T08:32:09","slug":"avance-del-capitulo-55-de-una-nueva-vida-la-serie-turca-de-antena-3","status":"publish","type":"post","link":"https:\/\/www.europesays.com\/es\/124760\/","title":{"rendered":"Avance del cap\u00edtulo 55 de &#8216;Una nueva vida&#8217;, la serie turca de Antena 3"},"content":{"rendered":"<p data-journey-content=\"true\" data-node-id=\"4\" class=\"css-6wxqfj emevuu60\">Tras lo ocurrido en <a href=\"https:\/\/www.diezminutos.es\/telenovela\/turcas\/a66098298\/una-nueva-vida-capitulo-54-resumen-serie-turca-antena-3\/\" target=\"_blank\" data-vars-ga-outbound-link=\"https:\/\/www.diezminutos.es\/telenovela\/turcas\/a66098298\/una-nueva-vida-capitulo-54-resumen-serie-turca-antena-3\/\" data-vars-ga-ux-element=\"Hyperlink\" data-vars-ga-call-to-action=\"el cap\u00edtulo 54 de &#039;Una nueva vida&#039;\" data-node-id=\"4.1\" class=\"body-link css-177bzfx emevuu60\" rel=\"nofollow noopener\">el cap\u00edtulo 54 de &#8216;Una nueva vida&#8217;<\/a>, Orhan urde un plan temerario, guiado por la rabia que le quema las entra\u00f1as. Contrata a un grupo de hombres violentos para que asalten a Kazim; quiere que sienta cada golpe como un castigo merecido. La ciudad parece contener la respiraci\u00f3n, como si supiera que la tormenta est\u00e1 por estallar.<\/p>\n<p data-journey-content=\"true\" data-node-id=\"7\" class=\"css-6wxqfj emevuu60\">Kaya se abre con Halis, dejando caer un secreto que marca cada fibra de su infancia: su madre vive atrapada en un trastorno de doble personalidad. \u00abCuando era ni\u00f1o, era imposible predecirla. Me amaba, y al instante siguiente me odiaba. A veces se enfrenta a s\u00ed misma\u00bb, confiesa con voz quebrada. Halis, abatido, reconoce que, de haberlo sabido, habr\u00eda buscado ayuda profesional para Nuket. Pero Kaya, con un filo de resentimiento en la mirada, apunta hacia su abuelo. \u00abMi madre necesitaba a su padre, yo necesitaba a mi abuelo. T\u00fa nunca est\u00e1s, as\u00ed que ahora ser\u00e9 yo quien cuide de ella\u00bb, sentencia, con la determinaci\u00f3n de quien carga con la culpa y el deber al mismo tiempo.<\/p>\n<p><img draggable=\"true\" alt=\"una nueva vida avance sermanal 23 septiembre 2025 antena 3\" title=\"una nueva vida avance sermanal 23 septiembre 2025 antena 3\" loading=\"lazy\" width=\"2048\" height=\"1555\" decoding=\"async\" data-nimg=\"1\" style=\"color:transparent;width:100%;height:auto;\"   src=\"https:\/\/www.europesays.com\/es\/wp-content\/uploads\/2025\/09\/vida-2-68cbc70a44c19.jpg\" class=\"css-0 e1g79fud0\"\/><\/p>\n<p>Productora<\/p>\n<p>Seyran encuentra trabajo en \u2018Una nueva vida\u2019<\/p>\n<p data-journey-content=\"true\" data-node-id=\"11\" class=\"css-6wxqfj emevuu60\">Seyran, por fin, encuentra trabajo como animadora en fiestas infantiles, y su sonrisa brilla, aunque ef\u00edmera. Suna, sin embargo, sufre la traici\u00f3n en silencio: escucha a escondidas la conversaci\u00f3n de Ifakat y Orhan y descubre que la planean expulsar de la mansi\u00f3n. Corre a cont\u00e1rselo a Kaya, y \u00e9l enfrenta a Orhan con fr\u00eda certeza: \u00ab\u00bfQu\u00e9 pensar\u00e1 tu padre si se entera de que quer\u00e9is arrebatarle sus derechos? Os conviene que nos llevemos bien\u00bb.<\/p>\n<p>Ferit salva al padre de Seyran en \u2018Una nueva vida\u2019<\/p>\n<p data-journey-content=\"true\" data-node-id=\"16\" class=\"css-6wxqfj emevuu60\">Esta semana en &#8216;<a href=\"https:\/\/www.diezminutos.es\/una-nueva-vida-telenovela-turca\/\" target=\"_blank\" data-vars-ga-outbound-link=\"https:\/\/www.diezminutos.es\/una-nueva-vida-telenovela-turca\/\" data-vars-ga-ux-element=\"Hyperlink\" data-vars-ga-call-to-action=\"Una nueva vida\" data-node-id=\"16.1\" class=\"body-link css-177bzfx emevuu60\" rel=\"nofollow noopener\">Una nueva vida<\/a>&#8216;, en un centro comercial, Ferit y Nevra almuerzan entre risas y negocios. Ferit sue\u00f1a con abrir su primera tienda all\u00ed, pero Pelin irrumpe como un vendaval. \u00abComp\u00f3rtate como un hombre, vas a tener un hijo\u00bb, le reprocha con furia contenida. \u00c9l se aleja, firme: \u00abJam\u00e1s volveremos a estar juntos\u00bb. Pelin siente un pinchazo en el abdomen; Seyran, disfrazada de payasa, se apresura a ayudarla. \u00abGracias por darme la mano cuando todos los dem\u00e1s me abandonan\u00bb, susurra Pelin, sellando un silencio que antes era dolor.<\/p>\n<p data-journey-content=\"true\" data-node-id=\"18\" class=\"css-6wxqfj emevuu60\">Ferit se adentra en el bosque, guiado por la urgencia y la intuici\u00f3n. Encuentra a Kazim atado a un \u00e1rbol, inconsciente, y la desesperaci\u00f3n le quema los dedos. De pronto, Sehmuz aparece con una ambulancia; Kazim es trasladado al hospital, vivo, mientras el bosque guarda secretos de traici\u00f3n, lealtad y redenci\u00f3n en su penumbra silenciosa.<\/p>\n<p><img src=\"https:\/\/www.europesays.com\/es\/wp-content\/uploads\/2025\/09\/1758270729_993_43af9b8f-983e-4e74-8e74-9a7479b0966b_1681831601.file\" alt=\"Headshot of Pilar Mart\u00ednez\" title=\"Headshot of Pilar Mart\u00ednez\" width=\"100%\" height=\"100%\" decoding=\"async\" loading=\"lazy\" class=\"css-o0wq4v ev8dhu53\"\/><\/p>\n<p>Pilar Mart\u00ednez es periodista especializada en contenidos de televisi\u00f3n y cultura, se gradu\u00f3 en la carrera en Periodismo en la Facultad de Ciencias de la Informaci\u00f3n (Universidad Complutense de Madrid) en el a\u00f1o 2018. Desde entonces ha pasado por las redacciones de Ecoteuve (El Economista), donde realiz\u00f3 sus primeras pr\u00e1cticas durante el verano del 2016.<\/p>\n<p>Posteriormente, concretamente, en el a\u00f1o 2017 se pas\u00f3 al grupo Hearst Espa\u00f1a, donde comenz\u00f3 su andadura en las revistas de televisi\u00f3n: Supertele, Teleprograma, Telenovela. Ahora colabora con Diez Minutos, en su versi\u00f3n web, donde se encarga de realizar los avances semanales de las ficciones diarias de moda, as\u00ed como entrevistas y art\u00edculos sobre los melodramas o telenovelas que aterrizan en nuestro pa\u00eds y aquellos que est\u00e1n por venir.<\/p>\n<p>Toda una cazadora de exclusivas. A esto, se suma su puesto como redactora jefe de la secci\u00f3n de novela narrativa en la revista Culturamas, medio digital de alto impacto al que lleva unida desde el a\u00f1o 2013. \u00c1vida lectora, cin\u00e9fila y seri\u00e9fila de primer nivel, ha hecho de su vocaci\u00f3n su oficio. \u00a0<\/p>\n","protected":false},"excerpt":{"rendered":"Tras lo ocurrido en el cap\u00edtulo 54 de &#8216;Una nueva vida&#8217;, Orhan urde un plan temerario, guiado por&hellip;\n","protected":false},"author":2,"featured_media":124761,"comment_status":"","ping_status":"","sticky":false,"template":"","format":"standard","meta":{"footnotes":""},"categories":[171],"tags":[253,146,147,25,24,23,214],"class_list":{"0":"post-124760","1":"post","2":"type-post","3":"status-publish","4":"format-standard","5":"has-post-thumbnail","7":"category-tv","8":"tag-discover","9":"tag-entertainment","10":"tag-entretenimiento","11":"tag-es","12":"tag-espana","13":"tag-spain","14":"tag-tv"},"share_on_mastodon":{"url":"","error":""},"_links":{"self":[{"href":"https:\/\/www.europesays.com\/es\/wp-json\/wp\/v2\/posts\/124760","targetHints":{"allow":["GET"]}}],"collection":[{"href":"https:\/\/www.europesays.com\/es\/wp-json\/wp\/v2\/posts"}],"about":[{"href":"https:\/\/www.europesays.com\/es\/wp-json\/wp\/v2\/types\/post"}],"author":[{"embeddable":true,"href":"https:\/\/www.europesays.com\/es\/wp-json\/wp\/v2\/users\/2"}],"replies":[{"embeddable":true,"href":"https:\/\/www.europesays.com\/es\/wp-json\/wp\/v2\/comments?post=124760"}],"version-history":[{"count":0,"href":"https:\/\/www.europesays.com\/es\/wp-json\/wp\/v2\/posts\/124760\/revisions"}],"wp:featuredmedia":[{"embeddable":true,"href":"https:\/\/www.europesays.com\/es\/wp-json\/wp\/v2\/media\/124761"}],"wp:attachment":[{"href":"https:\/\/www.europesays.com\/es\/wp-json\/wp\/v2\/media?parent=124760"}],"wp:term":[{"taxonomy":"category","embeddable":true,"href":"https:\/\/www.europesays.com\/es\/wp-json\/wp\/v2\/categories?post=124760"},{"taxonomy":"post_tag","embeddable":true,"href":"https:\/\/www.europesays.com\/es\/wp-json\/wp\/v2\/tags?post=124760"}],"curies":[{"name":"wp","href":"https:\/\/api.w.org\/{rel}","templated":true}]}}