{"id":124781,"date":"2025-09-19T08:43:07","date_gmt":"2025-09-19T08:43:07","guid":{"rendered":"https:\/\/www.europesays.com\/es\/124781\/"},"modified":"2025-09-19T08:43:07","modified_gmt":"2025-09-19T08:43:07","slug":"baja-de-larga-duracion-y-reemplazo-de-urgencia-bajo-palos-lobas-global-atac-oviedo","status":"publish","type":"post","link":"https:\/\/www.europesays.com\/es\/124781\/","title":{"rendered":"BAJA DE LARGA DURACI\u00d3N Y REEMPLAZO DE URGENCIA BAJO PALOS | Lobas Global Atac Oviedo"},"content":{"rendered":"<p>Relevo forzoso en la porter\u00eda del Lobas Global Atac Oviedo. La confirmaci\u00f3n de la gravedad de la lesi\u00f3n de Bego\u00f1a Otero ha obligado al conjunto ovetense a buscar de urgencia una sustituta y as\u00ed ha cerrado la incorporaci\u00f3n de Raquel \u00c1lvarez, guardameta que milit\u00f3 en el Balonmano La Calzada las \u00faltimas siete campa\u00f1as.<\/p>\n<p><a href=\"https:\/\/lobasglobalatacoviedo.com\/wp-content\/uploads\/2025\/09\/20250919-bego.jpg\" rel=\"nofollow noopener\" target=\"_blank\"><img loading=\"lazy\" decoding=\"async\" data-attachment-id=\"10495\" data-permalink=\"https:\/\/lobasglobalatacoviedo.com\/2025\/09\/19\/baja-de-larga-duracion-y-reemplazo-de-urgencia-bajo-palos\/20250919-bego\/\" data-orig-file=\"https:\/\/lobasglobalatacoviedo.com\/wp-content\/uploads\/2025\/09\/20250919-bego.jpg\" data-orig-size=\"1024,688\" data-comments-opened=\"0\" data-image-meta=\"{&quot;aperture&quot;:&quot;5&quot;,&quot;credit&quot;:&quot;&quot;,&quot;camera&quot;:&quot;Canon EOS 1200D&quot;,&quot;caption&quot;:&quot;&quot;,&quot;created_timestamp&quot;:&quot;1756495123&quot;,&quot;copyright&quot;:&quot;&quot;,&quot;focal_length&quot;:&quot;190&quot;,&quot;iso&quot;:&quot;3200&quot;,&quot;shutter_speed&quot;:&quot;0.001&quot;,&quot;title&quot;:&quot;&quot;,&quot;orientation&quot;:&quot;1&quot;}\" data-image-title=\"20250919-bego\" data-image-description=\"\" data-image-caption=\"\" data-medium-file=\"https:\/\/lobasglobalatacoviedo.com\/wp-content\/uploads\/2025\/09\/20250919-bego.jpg?w=300\" data-large-file=\"https:\/\/lobasglobalatacoviedo.com\/wp-content\/uploads\/2025\/09\/20250919-bego.jpg?w=604\" width=\"1024\" height=\"688\" src=\"https:\/\/www.europesays.com\/es\/wp-content\/uploads\/2025\/09\/20250919-bego.jpg\" alt=\"\" class=\"wp-image-10495\"\/><\/a><\/p>\n<p>Esta inesperada situaci\u00f3n tuvo su inicio el pasado s\u00e1bado en el partido contra el Ikasa Boadilla correspondiente al XXV Open San Mateo. Bego\u00f1a Otero se lesionaba al intentar detener un lanzamiento y desde el primer instante los augurios no eran buenos. Finalmente las pruebas m\u00e9dicas han confirmado lo que se tem\u00eda, que la portera gallega tiene afectado el ligamento cruzado anterior de su rodilla derecha, motivo por el que pasar\u00e1 pr\u00f3ximamente por el quir\u00f3fano y por el que ser\u00e1 baja de larga duraci\u00f3n.<\/p>\n<p>Ante este importante contratiempo el Lobas Global Atac Oviedo ha tenido que buscar apresuradamente una guardameta que supla a la lesionada Bego\u00f1a Otero. La elegida es Raquel \u00c1lvarez, con una trayectoria de garant\u00edas a sus espaldas. La veterana portera gijonesa ha sido toda una referencia en las porter\u00edas de la Liga Guerreras Iberdrola, donde ha competido con el Balonmano Gij\u00f3n, el desaparecido Sagunto y sobre todo con el Balonmano La Calzada, cuya camiseta visti\u00f3 las \u00faltimas siete temporadas. Adem\u00e1s tiene incluso experiencia internacional tras su paso por Francia (Merignac y Nantes) y Eslovaquia (Iuventa Mihalovce).<\/p>\n<p>Raquel \u00c1lvarez se pondr\u00e1 de inmediato a las \u00f3rdenes de Manolo D\u00edaz. De hecho hoy mismo podr\u00eda jugar sus primeros minutos con el Lobas Global Atac Oviedo ya que estar\u00e1 en la convocatoria del encuentro de la Copa Principado contra el Balonmano Gij\u00f3n que se disputar\u00e1 a las 19:00 horas en el Palacio de los Deportes Juan Carlos Beiro de Langreo.<\/p>\n","protected":false},"excerpt":{"rendered":"Relevo forzoso en la porter\u00eda del Lobas Global Atac Oviedo. La confirmaci\u00f3n de la gravedad de la lesi\u00f3n&hellip;\n","protected":false},"author":2,"featured_media":124782,"comment_status":"","ping_status":"","sticky":false,"template":"","format":"standard","meta":{"footnotes":""},"categories":[278],"tags":[376,168,25,24,375,23,167],"class_list":{"0":"post-124781","1":"post","2":"type-post","3":"status-publish","4":"format-standard","5":"has-post-thumbnail","7":"category-balonmano","8":"tag-balonmano","9":"tag-deportes","10":"tag-es","11":"tag-espana","12":"tag-handball","13":"tag-spain","14":"tag-sports"},"share_on_mastodon":{"url":"","error":""},"_links":{"self":[{"href":"https:\/\/www.europesays.com\/es\/wp-json\/wp\/v2\/posts\/124781","targetHints":{"allow":["GET"]}}],"collection":[{"href":"https:\/\/www.europesays.com\/es\/wp-json\/wp\/v2\/posts"}],"about":[{"href":"https:\/\/www.europesays.com\/es\/wp-json\/wp\/v2\/types\/post"}],"author":[{"embeddable":true,"href":"https:\/\/www.europesays.com\/es\/wp-json\/wp\/v2\/users\/2"}],"replies":[{"embeddable":true,"href":"https:\/\/www.europesays.com\/es\/wp-json\/wp\/v2\/comments?post=124781"}],"version-history":[{"count":0,"href":"https:\/\/www.europesays.com\/es\/wp-json\/wp\/v2\/posts\/124781\/revisions"}],"wp:featuredmedia":[{"embeddable":true,"href":"https:\/\/www.europesays.com\/es\/wp-json\/wp\/v2\/media\/124782"}],"wp:attachment":[{"href":"https:\/\/www.europesays.com\/es\/wp-json\/wp\/v2\/media?parent=124781"}],"wp:term":[{"taxonomy":"category","embeddable":true,"href":"https:\/\/www.europesays.com\/es\/wp-json\/wp\/v2\/categories?post=124781"},{"taxonomy":"post_tag","embeddable":true,"href":"https:\/\/www.europesays.com\/es\/wp-json\/wp\/v2\/tags?post=124781"}],"curies":[{"name":"wp","href":"https:\/\/api.w.org\/{rel}","templated":true}]}}