{"id":124783,"date":"2025-09-19T08:44:11","date_gmt":"2025-09-19T08:44:11","guid":{"rendered":"https:\/\/www.europesays.com\/es\/124783\/"},"modified":"2025-09-19T08:44:11","modified_gmt":"2025-09-19T08:44:11","slug":"pablo-lozano-me-decia-que-un-triunfo-en-cualquier-plaza-te-puede-encumbrar-avance-taurino","status":"publish","type":"post","link":"https:\/\/www.europesays.com\/es\/124783\/","title":{"rendered":"\u201cPablo Lozano me dec\u00eda que un triunfo en cualquier plaza te puede encumbrar\u201d \u2013 Avance Taurino"},"content":{"rendered":"<p class=\"yiv8219719071ydp4ec097e4yiv7819630050ydp86e1b742msonormal\">\u00c1lvaro Lorenzo firm\u00f3 una excelente tarde en la plaza de toros de Requena. La gente todav\u00eda habla y no para de aquella tarde, en la que exhibi\u00f3 un excelente nivel. Todo un aldabonazo de un torero que en su momento estuvo las ferias y quiere volver a ellas.<\/p>\n<p><img loading=\"lazy\" decoding=\"async\" class=\"alignleft size-full wp-image-18471\" src=\"https:\/\/www.europesays.com\/es\/wp-content\/uploads\/2025\/07\/enrique_amat-1.jpg\" alt=\"\" width=\"153\" height=\"198\"\/><\/p>\n<p><strong><br \/>Enrique Amat<\/strong><\/p>\n<p><strong>\u00a0<\/strong><\/p>\n<p class=\"yiv8219719071ydp4ec097e4yiv7819630050ydp86e1b742msonormal\">\u201cTuve\u00a0que matar tres toros por el percance de Rom\u00e1n. La verdad es que fue una tarde muy bonita, aunque empez\u00f3 mal por la cogida de mi compa\u00f1ero y amigo y por eso\u00a0tuve que matar un toro de Luis Algarra y dos de Adolfo Mart\u00edn. La tarde\u00a0me permiti\u00f3 disfrutar, tener unas magn\u00edficas\u00a0sensaciones como torero y encima\u00a0emocionar al p\u00fablico. Y\u00a0es bueno que la gente siga comentando todo aquello. Que la\u00a0tarde haya tenido tanta\u00a0trascendencia. Yo estoy muy satisfecho por el reconocimiento profesional y la confianza que\u00a0esto me ha dado.\u201d<\/p>\n<p class=\"yiv8219719071ydp4ec097e4yiv7819630050ydp86e1b742msonormal\">Todo un\u00a0golpe de atenci\u00f3n. De un torero capaz. De\u00a0quien\u00a0la gente se preguntaba d\u00f3nde estaba.<\/p>\n<p class=\"yiv8219719071ydp4ec097e4yiv7819630050ydp86e1b742msonormal\">\u201cBueno, yo\u00a0tambi\u00e9n. El a\u00f1o pasado fue dif\u00edcil. Es muy duro cuando uno no se ve\u00a0anunciado en\u00a0los carteles. Pero eso tiene que utilizarse\u00a0para hacerse fuerte, y cuando a uno le den\u00a0oportunidades, apretar para que luego cuenten de nuevo\u00a0nosotros. Mi ilusi\u00f3n es abrirme paso y ocupar un hueco en las ferias, que me llamen\u00a0las empresas. Y ayudar a mi apoderado Manuel Campuzano. Yo ya\u00a0he estado en las ferias y luego verte sentado\u00a0no es lo m\u00e1s bonito, pero todo eso te curte.\u201d<\/p>\n<p>\u00a0<\/p>\n<p class=\"yiv8219719071ydp4ec097e4yiv7819630050ydp86e1b742msonormal\">Algo tendr\u00eda usted cuando Pablo Lozano, con la edad que ten\u00eda y\u00a0cuando era usted\u00a0novillero, le apoderaba y le\u00a0segu\u00eda por todas las plazas.<\/p>\n<p class=\"yiv8219719071ydp4ec097e4yiv7819630050ydp86e1b742msonormal\">\u00a0\u201cAquello\u00a0fue incre\u00edble. Qu\u00e9 afici\u00f3n y qu\u00e9 dedicaci\u00f3n tuvo conmigo. Cada d\u00eda que pasa me acuerdo de \u00e9l, no lo puedo olvidar y valoro sus consejos y\u00a0sus lecciones, que las tengo muy presentes y que me a\u00fan me\u00a0sirven para seguir creciendo como torero.\u00a0La entrega y la\u00a0confianza que tuvo en m\u00ed fue un privilegio. Y no le quiero fallar. \u00c9l,\u00a0desde el cielo, quiero que me vea y que lo que la adivinaba en m\u00ed\u00a0al final se pueda consolidar.\u201d<\/p>\n<p>\u00a0<\/p>\n<p class=\"yiv8219719071ydp4ec097e4yiv7819630050ydp86e1b742msonormal\">Estar con Pablo Lozano\u00a0fue como hacer un m\u00e1ster en Estados Unidos.<\/p>\n<p class=\"yiv8219719071ydp4ec097e4yiv7819630050ydp86e1b742msonormal\">\u00a0\u201cLa verdad es que s\u00ed. Que un aficionado y un profesional como \u00e9l, al que le podemos considerar como el n\u00famero uno de los taurinos, y adem\u00e1s un excelente aficionado y un gran torero, se volcase tanto conmigo, fue algo incre\u00edble. \u00c9l se dedic\u00f3 plenamente a m\u00ed, en invierno, en verano, en los tentaderos, en la plaza, toreando de sal\u00f3n, d\u00eda tras d\u00eda. Me llamaba por tel\u00e9fono con frecuencia,\u00a0ten\u00eda mucha ilusi\u00f3n y afici\u00f3n, y cada d\u00eda que pasa valoro m\u00e1s todo aquello que me transmiti\u00f3. Le doy un gran valor e importancia. Hab\u00eda\u00a0cosas que me dec\u00eda y que yo no entend\u00eda en aquel momento. Y\u00a0ahora s\u00ed. Una\u00a0vez alcanzada ya una cierta madurez personal y profesional, me doy cuenta de que\u00a0en todo lo que me dec\u00eda ten\u00eda\u00a0raz\u00f3n. Por ejemplo, me comentaba\u00a0que un triunfo en cualquier plaza, aunque fuera de tercera, te encumbraba. Yo aquello no lo ve\u00eda claro, \u00e9l me dec\u00eda que un triunfo fuera donde fuera, no necesariamente en una plaza de primera, te pod\u00eda poner en boca de los aficionados. Y lo de Requena no ha dejado de darle la raz\u00f3n. Si cuajas un toro, todo el mundo acaba hablando de t\u00ed.\u201d<\/p>\n<p class=\"yiv8219719071ydp4ec097e4yiv7819630050ydp86e1b742msonormal\">\u00a0<\/p>\n<p class=\"yiv8219719071ydp4ec097e4yiv7819630050ydp86e1b742msonormal\">Uno siempre piensa que los toros tambi\u00e9n tienen que tener suerte en el sorteo, no solo los toreros.<\/p>\n<p class=\"yiv8219719071ydp4ec097e4yiv7819630050ydp86e1b742msonormal\">\u201cAl final todos tenemos que tener suerte. Los toros de Adolfo Mart\u00edn, por ejemplo, piden un trato con suavidad, sin tirones, dejarles\u00a0la muleta puesta, despacio, para\u00a0que se enganchen, consentirles y que pasen cerca de las piernas. Tacto y mu\u00f1ecas engrasadas, sin tirones. Y eso les ayuda a sacar su buen fondo con ese\u00a0buen trato. Cuando lo haces, son agradecidos. Yo disfrut\u00e9 mucho con estos toros, y quiz\u00e1 les\u00a0supe sacar todo lo que ten\u00edan dentro. \u201c<\/p>\n<p>\u00a0<\/p>\n<p class=\"yiv8219719071ydp4ec097e4yiv7819630050ydp86e1b742msonormal\">Valor, firmeza, temple. No dice usted nada.<\/p>\n<p class=\"yiv8219719071ydp4ec097e4yiv7819630050ydp86e1b742msonormal\">\u201cPara\u00a0estar bien con un toro, hay que tener muchas cosas. El tacto tambi\u00e9n, y\u00a0utilizar\u00a0los toques, la confianza y\u00a0el valor para ser capaz de que se te vengan despacio, aguantarles. Yo me encuentro en un buen momento, con mucha seguridad,\u00a0confianza y compromiso. Es un trabajo de mucho tiempo de preparaci\u00f3n y que al final acaba dando sus frutos. Aunque hay veces que uno tiene que entrenar sin ver horizonte, pero no se tiene uno que aburrir.\u00a0\u201c<\/p>\n<p class=\"yiv8219719071ydp4ec097e4yiv7819630050ydp86e1b742msonormal\">Siendo\u00a0un torero joven, el a\u00f1o que viene se cumplir\u00e1n ya diez\u00a0a\u00f1os de alternativa. Aquel\u00a014 de mayo de 2016,\u00a0cuando en Nimes\u00a0se hizo doctor en tauromaquia de manos de El Juli con Castella de testigo.<\/p>\n<p class=\"yiv8219719071ydp4ec097e4yiv7819630050ydp86e1b742msonormal\">\u201cPues algo de eso hay, porque uno se cree joven y se ve joven, pero cuando se da cuenta ya lleva diez\u00a0a\u00f1os de matador. Es una efem\u00e9ride bonita. Y ser\u00e1 una temporada importante. Yo me siento joven, pero tambi\u00e9n estoy maduro. Tengo seguridad, confianza y el\u00a0cuajo y el poso que dan el paso de los a\u00f1os. Estoy en un momento bueno y perfecto para romper y dar un gran paso adelante en mi carrera y volver por donde empec\u00e9.\u201d<\/p>\n<p class=\"yiv8219719071ydp4ec097e4yiv7819630050ydp86e1b742msonormal\">El Juli hizo con usted como hac\u00eda Antonio Ordo\u00f1ez. Quiso ser su padrino de alternativa y tambi\u00e9n de la confirmaci\u00f3n.<\/p>\n<p class=\"yiv8219719071ydp4ec097e4yiv7819630050ydp86e1b742msonormal\">\u201cPara m\u00ed fue un placer y un privilegio. Adem\u00e1s, compart\u00edamos apoderamiento, toreaba mucho con \u00e9l en el campo, y tenerle de padrino fue\u00a0para m\u00ed un lujo. Siempre me he fijado en \u00e9l\u00a0y le he admirado.\u00a0Es de los tres toreros de los que m\u00e1s he aprendido, uno\u00a0de mis referentes. Para m\u00ed fue un sue\u00f1o, y me siento privilegiado de que \u00e9l me diera la alternativa.\u201d<\/p>\n<p class=\"yiv8219719071ydp4ec097e4yiv7819630050ydp86e1b742msonormal\">\u00a0<\/p>\n<p class=\"yiv8219719071ydp4ec097e4yiv7819630050ydp86e1b742msonormal\">Y yendo un poco para atr\u00e1s, qu\u00e9 bonita etapa de novillero\u00a0con toreros como sus amigos\u00a0Rom\u00e1n y Gin\u00e9s Marin.<\/p>\n<p class=\"yiv8219719071ydp4ec097e4yiv7819630050ydp86e1b742msonormal\">\u201cPues s\u00ed, tore\u00e1bamos mucho y fuimos los l\u00edderes del escalaf\u00f3n. Tambi\u00e9n estaban por ah\u00ed Roca Rey y Varea entre otros. Hab\u00eda\u00a0gente muy\u00a0buena. Funcionamos. Es lo bonito de esto. Y luego est\u00e1n\u00a0los momentos que atravesamos los toreros. Hay rachas y dientes de sierra, subidas y bajadas. Todos los pasamos. Pero hay que estar al pie del ca\u00f1\u00f3n. Nosotros vivimos\u00a0una bonita etapa en una \u00e9poca en la que hab\u00eda una gran baraja de novilleros. Muy importante. Ojal\u00e1 todos sigamos muchos a\u00f1os toreando por esas plazas y nos sigamos viendo en las ferias.\u00a0\u201c<\/p>\n<p class=\"yiv8219719071ydp4ec097e4yiv7819630050ydp86e1b742msonormal\">Es importante no aburrirse.<\/p>\n<p class=\"yiv8219719071ydp4ec097e4yiv7819630050ydp86e1b742msonormal\">\u201cY no es f\u00e1cil. Porque cuando uno se ve olvidado, hay que tener una fuerza interior muy importante. Entrenar como si se\u00a0torease al d\u00eda siguiente, y que le pille a uno preparado. Porque si uno se aburre y se deja, cuando llega la oportunidad no le coge bien preparado. A veces, y a m\u00ed me pas\u00f3 y lo tengo que reconocer, pierdes la confianza en ti mismo, pero no te puedes aburrir. Porque, como pas\u00f3 el otro d\u00eda en Requena, luego viene el triunfo y el reconocimiento tan bonito que te dan los profesionales y los aficionados.\u00a0\u201c<\/p>\n","protected":false},"excerpt":{"rendered":"\u00c1lvaro Lorenzo firm\u00f3 una excelente tarde en la plaza de toros de Requena. La gente todav\u00eda habla y&hellip;\n","protected":false},"author":2,"featured_media":124784,"comment_status":"","ping_status":"","sticky":false,"template":"","format":"standard","meta":{"footnotes":""},"categories":[277],"tags":[373,168,25,24,23,167,374],"class_list":{"0":"post-124783","1":"post","2":"type-post","3":"status-publish","4":"format-standard","5":"has-post-thumbnail","7":"category-toreo","8":"tag-bullfighting","9":"tag-deportes","10":"tag-es","11":"tag-espana","12":"tag-spain","13":"tag-sports","14":"tag-toreo"},"share_on_mastodon":{"url":"","error":""},"_links":{"self":[{"href":"https:\/\/www.europesays.com\/es\/wp-json\/wp\/v2\/posts\/124783","targetHints":{"allow":["GET"]}}],"collection":[{"href":"https:\/\/www.europesays.com\/es\/wp-json\/wp\/v2\/posts"}],"about":[{"href":"https:\/\/www.europesays.com\/es\/wp-json\/wp\/v2\/types\/post"}],"author":[{"embeddable":true,"href":"https:\/\/www.europesays.com\/es\/wp-json\/wp\/v2\/users\/2"}],"replies":[{"embeddable":true,"href":"https:\/\/www.europesays.com\/es\/wp-json\/wp\/v2\/comments?post=124783"}],"version-history":[{"count":0,"href":"https:\/\/www.europesays.com\/es\/wp-json\/wp\/v2\/posts\/124783\/revisions"}],"wp:featuredmedia":[{"embeddable":true,"href":"https:\/\/www.europesays.com\/es\/wp-json\/wp\/v2\/media\/124784"}],"wp:attachment":[{"href":"https:\/\/www.europesays.com\/es\/wp-json\/wp\/v2\/media?parent=124783"}],"wp:term":[{"taxonomy":"category","embeddable":true,"href":"https:\/\/www.europesays.com\/es\/wp-json\/wp\/v2\/categories?post=124783"},{"taxonomy":"post_tag","embeddable":true,"href":"https:\/\/www.europesays.com\/es\/wp-json\/wp\/v2\/tags?post=124783"}],"curies":[{"name":"wp","href":"https:\/\/api.w.org\/{rel}","templated":true}]}}