{"id":124785,"date":"2025-09-19T08:45:15","date_gmt":"2025-09-19T08:45:15","guid":{"rendered":"https:\/\/www.europesays.com\/es\/124785\/"},"modified":"2025-09-19T08:45:15","modified_gmt":"2025-09-19T08:45:15","slug":"el-pionero-que-abrio-las-puertas-de-la-ufc-en-argentina-quiero-seguir-dando-guerra","status":"publish","type":"post","link":"https:\/\/www.europesays.com\/es\/124785\/","title":{"rendered":"El pionero que abri\u00f3 las puertas de la UFC en Argentina: \u201cQuiero seguir dando guerra\u201d"},"content":{"rendered":"<p><strong>Santiago Ponzinibbio<\/strong> es todo mesura: lo contrario del deporte que practica. Ejemplo: \u201cTuve un problema de salud\u201d, menciona al pasar, como quien cuenta un baj\u00f3n de presi\u00f3n una tarde de 40 grados. Y no: resulta que el \u201cproblema de salud\u201d fue una seguidilla de infecciones en una pierna y dem\u00e1s cuestiones espantosas que lo dejaron al borde de no volver a entrar a una jaula de artes marciales mixtas. Habl\u00f3 con <strong>Rolling Stone <\/strong>en 2018, antes de la pelea que le gan\u00f3 por KO a <strong>Neil Magny <\/strong>en el UFC Fight Night 140, en su \u00fanica velada de local (se hizo en el Estadio Mary Ter\u00e1n de Weiss del Parque Roca). <\/p>\n<p>\u201cQuiz\u00e1s tenga que hacer una pelea m\u00e1s o ir\u00e9 directo por el t\u00edtulo, pero no tiene que pasar de mitad de a\u00f1o que yo pelee por el t\u00edtulo de la categor\u00eda\u201d, dijo aquella vez. Pero todo lo que pod\u00eda salir mal, sali\u00f3 mal: la infecci\u00f3n salt\u00f3 antes del combate que ten\u00eda programado con <strong>Robbie Lawler <\/strong>para diciembre de 2019, y Santiago, el Rasta, la Daga Argentina, no volvi\u00f3 a subirse al oct\u00e1gono hasta el 16 de enero de 2021, cuando perdi\u00f3 con<strong> Li Jingliang<\/strong> en Abu Dabi. La pas\u00f3 p\u00e9simo, pero lo cuenta con calma.<\/p>\n<p>Hay m\u00e1s muestras de que el tipo es siempre as\u00ed de tranquilo. \u201c<strong>Antes de la pelea\u2026 te cag\u00e1s de risa, pero duermo todo el d\u00eda<\/strong>\u201d, dice. El pionero que abri\u00f3 la puerta para los argentinos en el <strong>Ultimate Fighting Championship<\/strong>, la m\u00e1xima empresa de las MMA, el mismo que despu\u00e9s sube a masacrarse mutuamente con alguna otra m\u00e1quina de matar como \u00e9l, se pasa el d\u00eda en la cama con la luz apagada, come su plato de pastas, se arma el bolsito y sale para el estadio como quien tiene entradas para ver Intensa Mente 2.<\/p>\n<p>Este a\u00f1o lo empez\u00f3 noqueando: el 11 de enero dej\u00f3 fuera de combate a <strong>Carlston Harris <\/strong>en su vuelta a la victoria despu\u00e9s de un par de reveses. A sus 38 a\u00f1os, una edad en la que varios empiezan a pensar en el retiro, \u00e9l va por todo lo contrario: \u201c<strong>La inmediatez es estar activo. En este 2025, quiero hacer la mayor cantidad de peleas que pueda. Si puedo so\u00f1ar, me gustar\u00eda hacer cuatro peleas. Y, si no, tres, pero meter buenas peleas. Seguir dando guerra<\/strong>\u201d, dice.<\/p>\n<p>Desde aquella charla de 2018 hasta hoy, no solo su realidad como atleta cambi\u00f3: tambi\u00e9n pas\u00f3 que el UFC se convirti\u00f3 en un espacio pol\u00edtico. La explicaci\u00f3n de ello est\u00e1 en dos nombres: <strong>Joe Rogan<\/strong> y <strong>Dana White<\/strong>. Y los dos tienen algo en com\u00fan: su apoyo a<strong> Donald Trump<\/strong>.<\/p>\n<p>Santiago confirma. \u201cS\u00ed, es verdad, cien por ciento. <strong>Porque Trump va siempre a las peleas. Lo he visto un mont\u00f3n de veces, porque aparte de estar peleando, yo estoy comentando. Entonces, me ha tocado estar con \u00e9l en un mont\u00f3n de eventos y, la verdad, cuando entra a la arena es una supercelebridad. La gente lo ovaciona<\/strong>\u201d.<\/p>\n<p><img fetchpriority=\"high\" data-recalc-dims=\"1\" decoding=\"async\" width=\"800\" height=\"534\" src=\"https:\/\/www.europesays.com\/es\/wp-content\/uploads\/2025\/09\/ufc-trump-musk-kid-rock.jpg\" alt=\"\" class=\"wp-image-123349\"  \/>\u201cTrump va siempre a las peleas. Lo he visto un mont\u00f3n de veces\u201d, dice Santiago. (Foto: Chris Unger\/Zuffa LLC)<\/p>\n<p>El ambiente testoster\u00f3nico del UFC y de las artes marciales mixtas en general (dicho esto sabiendo que pelean mujeres: se habla de la asociaci\u00f3n entre reciedumbre y masculinidad que tanto atrae a las derechas del mundo) es caldo de cultivo para que encuentre su encarnaci\u00f3n deportiva la broligarqu\u00eda que rige Estados Unidos y, en una versi\u00f3n bastante m\u00e1s enclenque, Argentina. Pero nuestro hombre en el lugar de los hechos no ve tan claro un paralelismo entre el \u00e9xito del UFC y la conflictividad social: \u201cNo s\u00e9 si tiene que ver con el crecimiento de la violencia. Creo que hay muchas m\u00e1s cosas envueltas. <strong>La compa\u00f1\u00eda hace un muy buen show, un espect\u00e1culo impresionante que ha desplazado un poco al boxeo\u2026 todo eso se ve en los n\u00fameros<\/strong>\u201d.<\/p>\n<p>Hay otra tendencia en, ponele, deportes de contacto que a Santiago tambi\u00e9n le llama la atenci\u00f3n: las peleas de boxeo entre influencers, streamers y youtubers, que en muchos casos se miden contra exp\u00fagiles o artistas marciales fuera de su prime. Con los hermanos Jake y Logan Paul a la cabeza, estos eventos reparten bolsas y generan ingresos que en muchos casos superan los de combates \u201creales\u201d por t\u00edtulos del mundo. Incluso, como sabemos, ya desembarcaron en la Argentina: P\u00e1rense de manos lleva dos ediciones, la \u00faltima realizada en diciembre en un estadio de V\u00e9lez colmado.<\/p>\n<p>\u00bfSe prender\u00eda Ponzinibbio en esa? \u201cYo te digo una cosa: no lo descarto. <strong>Eso es entretenimiento, no es un deporte de combate<\/strong>. No son peleadores profesionales, es gente que se sube a cagarse a trompadas, que tiene sus seguidores o que son conocidos, y genera un cierto entusiasmo en la gente\u201d. Por lo pronto no tendr\u00eda que aprender a boxear de cero. Santiago combate con todas las extremidades, pero se da especial ma\u00f1a con los pu\u00f1os.<\/p>\n<p>\u201cEs una compa\u00f1\u00eda que no para de crecer, que es impresionante lo que genera en el mundo, y en Argentina tambi\u00e9n. En 2018 era el abanderado de este deporte. Hoy est\u00e1n llegando otras generaciones, chicos nuevos, y hay m\u00e1s que est\u00e1n por venir\u201d, dice. En nuestra charla anterior, no hab\u00eda lista de argentinos en el UFC: era \u00e9l y solo \u00e9l. Hoy podemos contar entre los compatriotas que pasaron por la franquicia a<strong> Francisco Prado, Esteban Ribovics, Ail\u00edn P\u00e9rez, Kevin Vallejos, Guido Cannetti y Silvana G\u00f3mez Ju\u00e1rez<\/strong>. <\/p>\n<p>Adelantado y veterano de mil batallas, el nativo de La Plata apuesta a mantenerse vigente, sin desbordes: \u201cYa fui un loco que entrenaba demasiado. Hoy busco m\u00e1s la calidad que la cantidad, escucho a mi cuerpo. Tengo que trabajar con mis lesiones, que obviamente las tengo despu\u00e9s de tantos a\u00f1os. <strong>El cuerpo pasa factura: el deporte de alto rendimiento no es saludable<\/strong>\u201d.<\/p>\n","protected":false},"excerpt":{"rendered":"Santiago Ponzinibbio es todo mesura: lo contrario del deporte que practica. Ejemplo: \u201cTuve un problema de salud\u201d, menciona&hellip;\n","protected":false},"author":2,"featured_media":124786,"comment_status":"","ping_status":"","sticky":false,"template":"","format":"standard","meta":{"footnotes":""},"categories":[276],"tags":[168,352,25,24,19739,23,167,343,2127],"class_list":{"0":"post-124785","1":"post","2":"type-post","3":"status-publish","4":"format-standard","5":"has-post-thumbnail","7":"category-ufc","8":"tag-deportes","9":"tag-donald-trump","10":"tag-es","11":"tag-espana","12":"tag-santiago-ponzinibbio","13":"tag-spain","14":"tag-sports","15":"tag-ufc","16":"tag-ultimate-fighting-championship"},"share_on_mastodon":{"url":"","error":""},"_links":{"self":[{"href":"https:\/\/www.europesays.com\/es\/wp-json\/wp\/v2\/posts\/124785","targetHints":{"allow":["GET"]}}],"collection":[{"href":"https:\/\/www.europesays.com\/es\/wp-json\/wp\/v2\/posts"}],"about":[{"href":"https:\/\/www.europesays.com\/es\/wp-json\/wp\/v2\/types\/post"}],"author":[{"embeddable":true,"href":"https:\/\/www.europesays.com\/es\/wp-json\/wp\/v2\/users\/2"}],"replies":[{"embeddable":true,"href":"https:\/\/www.europesays.com\/es\/wp-json\/wp\/v2\/comments?post=124785"}],"version-history":[{"count":0,"href":"https:\/\/www.europesays.com\/es\/wp-json\/wp\/v2\/posts\/124785\/revisions"}],"wp:featuredmedia":[{"embeddable":true,"href":"https:\/\/www.europesays.com\/es\/wp-json\/wp\/v2\/media\/124786"}],"wp:attachment":[{"href":"https:\/\/www.europesays.com\/es\/wp-json\/wp\/v2\/media?parent=124785"}],"wp:term":[{"taxonomy":"category","embeddable":true,"href":"https:\/\/www.europesays.com\/es\/wp-json\/wp\/v2\/categories?post=124785"},{"taxonomy":"post_tag","embeddable":true,"href":"https:\/\/www.europesays.com\/es\/wp-json\/wp\/v2\/tags?post=124785"}],"curies":[{"name":"wp","href":"https:\/\/api.w.org\/{rel}","templated":true}]}}