{"id":124791,"date":"2025-09-19T08:48:07","date_gmt":"2025-09-19T08:48:07","guid":{"rendered":"https:\/\/www.europesays.com\/es\/124791\/"},"modified":"2025-09-19T08:48:07","modified_gmt":"2025-09-19T08:48:07","slug":"la-intolerable-injerencia-de-la-uci-mentiras-e-incoherencias-frente-al-espejo-de-la-historia-ciclismo-deportes","status":"publish","type":"post","link":"https:\/\/www.europesays.com\/es\/124791\/","title":{"rendered":"La intolerable injerencia de la UCI: mentiras e incoherencias frente al espejo de la historia | Ciclismo | Deportes"},"content":{"rendered":"<p class=\"\">Resulta muy sorprendente <a href=\"https:\/\/elpais.com\/deportes\/ciclismo\/2025-09-15\/comparecencia-del-director-de-la-vuelta-a-espana-tras-la-cancelacion-de-la-ultima-etapa-por-las-protestas-pro-palestina.html\" target=\"_self\" rel=\"nofollow noopener\" title=\"https:\/\/elpais.com\/deportes\/ciclismo\/2025-09-15\/comparecencia-del-director-de-la-vuelta-a-espana-tras-la-cancelacion-de-la-ultima-etapa-por-las-protestas-pro-palestina.html\">la nota de prensa de la Uni\u00f3n Ciclista Internacional<\/a> del pasado 15 de septiembre. Un pronunciamiento p\u00fablico a todas luces fuera de lugar, incoherente en sus diferentes apartados y, lo m\u00e1s preocupante, incompatible con las funciones de un \u00f3rgano de gobierno del deporte internacional enmarcado en el seno del Movimiento Ol\u00edmpico. No es dif\u00edcil adivinar que con esta nota de prensa la UCI quiere respaldar la dudosa gesti\u00f3n y desafortunadas declaraciones del director de la Vuelta, Javier Guill\u00e9n, en relaci\u00f3n con las protestas por el genocidio que est\u00e1 llevando a cabo el gobierno sionista de Israel en la Franja de Gaza. La UCI no hace m\u00e1s que proteger sus propios intereses econ\u00f3micos <a href=\"https:\/\/elpais.com\/deportes\/ciclismo\/2025-09-16\/aso-el-imperio-de-capital-frances-especializado-en-la-organizacion-de-eventos-deportivos-que-esta-detras-de-la-vuelta-a-espana.html\" target=\"_self\" rel=\"nofollow noopener\" title=\"https:\/\/elpais.com\/deportes\/ciclismo\/2025-09-16\/aso-el-imperio-de-capital-frances-especializado-en-la-organizacion-de-eventos-deportivos-que-esta-detras-de-la-vuelta-a-espana.html\">y los del entramado econ\u00f3mico-deportivo del grupo Amaury Sports, propietario de la Vuelta y el Tour<\/a>. Pero flaco favor les hace si para ello necesita recurrir a la mentira y la incoherencia con los propios valores que predica.<\/p>\n<p class=\"\">El comunicado de la UCI comienza lamentando los incidentes que han puesto en peligro la competici\u00f3n deportiva y la seguridad de los deportistas. Lo cual es perfectamente comprensible y coherente con su rol. Como advert\u00ed en estas mismas p\u00e1ginas en el momento en que comenzaron los incidentes, la organizaci\u00f3n de la Vuelta deber\u00eda haberse coordinado con los manifestantes garantizando as\u00ed la seguridad de la competici\u00f3n y el ejercicio pac\u00edfico de un derecho fundamental, tan digno y necesario <a href=\"https:\/\/elpais.com\/internacional\/2025-09-18\/ultima-hora-del-conflicto-en-oriente-proximo-en-directo.html\" target=\"_self\" rel=\"nofollow noopener\" title=\"https:\/\/elpais.com\/internacional\/2025-09-18\/ultima-hora-del-conflicto-en-oriente-proximo-en-directo.html\">ante la tremenda emergencia humanitaria que padece la Franja de Gaza<\/a>. Pero han preferido mirar para otra parte.<\/p>\n<p class=\"\">De ah\u00ed que sorprenda tanto la intromisi\u00f3n de la UCI en la pol\u00edtica de un Estado soberano con una cr\u00edtica inaudita al presidente leg\u00edtimo del gobierno de Espa\u00f1a, por cuyo territorio, no lo olvidemos, transcurre la competici\u00f3n ciclista. Todo ello, al tiempo que omite cualquier menci\u00f3n al genocidio que est\u00e1 llevando a cabo el gobierno sionista del presidente Netanyahu, con el apoyo expreso de <a href=\"https:\/\/elpais.com\/deportes\/ciclismo\/2025-09-04\/sylvan-adams-el-millonario-canadiense-y-amigo-de-netanyahu-al-que-senalan-las-protestas-contra-israel-en-la-vuelta-a-espana.html\" target=\"_self\" rel=\"nofollow noopener\" title=\"https:\/\/elpais.com\/deportes\/ciclismo\/2025-09-04\/sylvan-adams-el-millonario-canadiense-y-amigo-de-netanyahu-al-que-senalan-las-protestas-contra-israel-en-la-vuelta-a-espana.html\">Sylvan Adams, propietario del equipo Israel- Premier Tech<\/a>, que era, record\u00e9moslo, el objeto de las protestas ciudadanas.<\/p>\n<p class=\"\">La neutralidad pol\u00edtica que reclama la UCI no es compatible con la injerencia en la pol\u00edtica de un gobierno leg\u00edtimo ni con la cr\u00edtica que realiza al ejercicio de los derechos fundamentales de libertad de expresi\u00f3n y manifestaci\u00f3n protegidos por la Constituci\u00f3n espa\u00f1ola. Y menos a\u00fan con el silencio c\u00f3mplice que ampara el genocidio y la crisis humanitaria a la que el actual gobierno criminal de Israel somete al pueblo palestino. Con el apoyo expreso del propietario del equipo y el silencio c\u00f3mplice \u2013y quiz\u00e1 obligado\u2014 de todas las personas que lo componen, del propio director de la Vuelta y del grupo Amaury Sports. All\u00e1 ellos, cada uno debe soportar la ruindad de sus miserias morales y ser responsable del lugar que quiere ocupar en la historia. Pero la UCI es un \u00f3rgano de gobierno del deporte del que se espera un poco m\u00e1s de contenci\u00f3n. Su ambivalencia pol\u00edtica no es coherente con sus propias proclamas de neutralidad y lastra su legitimidad para continuar formando parte del Movimiento Ol\u00edmpico.<\/p>\n<p class=\"\">M\u00e1s a\u00fan si se tiene en cuenta la apelaci\u00f3n de la UCI a los valores ol\u00edmpicos de la paz y neutralidad, <a href=\"https:\/\/elpais.com\/deportes\/2025-09-16\/barcelona-pide-que-se-vete-la-participacion-de-israel-en-el-tour-de-francia-2026.html\" target=\"_self\" rel=\"nofollow noopener\" title=\"https:\/\/elpais.com\/deportes\/2025-09-16\/barcelona-pide-que-se-vete-la-participacion-de-israel-en-el-tour-de-francia-2026.html\">al tiempo que se permite poner en duda la capacidad de Espa\u00f1a para organizar eventos deportivos<\/a>, lo cual, por otra parte, queda totalmente fuera de sus competencias. Quiz\u00e1 sea el momento de reclamar al Movimiento Ol\u00edmpico no s\u00f3lo la expulsi\u00f3n de los equipos que representen a Israel de las competiciones deportivas bajo su auspicio, sino tambi\u00e9n la exigencia de una rectificaci\u00f3n expresa por parte de la UCI, como muestra del debido respeto a la Carta Ol\u00edmpica y al propio c\u00f3digo \u00e9tico de la UCI.<\/p>\n<p class=\"\">Lo primero puede realizarse perfectamente sin perjudicar la carrera deportiva de los y las atletas israel\u00edes. A costa, eso s\u00ed, de que renuncien a exhibir la simbolog\u00eda nacional israel\u00ed en su indumentaria y se abstengan de utilizar el himno o la bandera en las competiciones deportivas. Esto es lo que exige la figura del atleta neutral, creada para aquellos casos de deportistas de Rusia y Bielorrusia no involucrados en acciones militares que quisieran competir renunciando a sus s\u00edmbolos nacionales en los pasados Juegos Ol\u00edmpicos de Par\u00eds. Lo cual deber\u00eda ser un honor para cualquier atleta israel\u00ed que tenga un m\u00ednimo de escr\u00fapulo moral, dado que no cabe neutralidad alguna ante el mal radical ni mejor desprecio que renunciar al uso de la simbolog\u00eda nacional de la que se ha apoderado el gobierno genocida de Netanyahu.<\/p>\n<p class=\"\"><a href=\"https:\/\/elpais.com\/deportes\/ciclismo\/2025-09-03\/solo-la-uci-puede-descalificar-al-israel-premier-tech-de-la-vuelta.html\" target=\"_self\" rel=\"nofollow noopener\" title=\"https:\/\/elpais.com\/deportes\/ciclismo\/2025-09-03\/solo-la-uci-puede-descalificar-al-israel-premier-tech-de-la-vuelta.html\">Una dignidad de la que parece carecer la UCI para verg\u00fcenza de todos los aficionados al ciclismo y al deporte en general<\/a>. No les vendr\u00eda mal a los responsables del ciclismo internacional mirarse en el espejo del reciente ganador de la Vuelta, Jonas Vingegaard, quien comprendi\u00f3 desde el inicio que las protestas eran un clamor de dignidad contra quienes tratan de silenciar para siempre la voz del pueblo palestino. Un peque\u00f1o gran gesto que identifica al l\u00edder que destaca entre el pelot\u00f3n de mediocridad que hoy representa la UCI.<\/p>\n<p class=\"\">Alberto Carrio Sampedro es profesor de filosof\u00eda del derecho de la Universidad Pompeu Fabra.<\/p>\n","protected":false},"excerpt":{"rendered":"Resulta muy sorprendente la nota de prensa de la Uni\u00f3n Ciclista Internacional del pasado 15 de septiembre. Un&hellip;\n","protected":false},"author":2,"featured_media":124792,"comment_status":"","ping_status":"","sticky":false,"template":"","format":"standard","meta":{"footnotes":""},"categories":[273],"tags":[33642,313,2838,1540,68,312,168,25,24,74,23,167,11214,31839,325,7603],"class_list":{"0":"post-124791","1":"post","2":"type-post","3":"status-publish","4":"format-standard","5":"has-post-thumbnail","7":"category-ciclismo","8":"tag-aso","9":"tag-ciclismo","10":"tag-ciclistas","11":"tag-competiciones","12":"tag-conflicto-arabe-israeli","13":"tag-cycling","14":"tag-deportes","15":"tag-es","16":"tag-espana","17":"tag-israel","18":"tag-spain","19":"tag-sports","20":"tag-uci","21":"tag-union-ciclista-internacional","22":"tag-vingegaard","23":"tag-vuelta-espana"},"share_on_mastodon":{"url":"","error":""},"_links":{"self":[{"href":"https:\/\/www.europesays.com\/es\/wp-json\/wp\/v2\/posts\/124791","targetHints":{"allow":["GET"]}}],"collection":[{"href":"https:\/\/www.europesays.com\/es\/wp-json\/wp\/v2\/posts"}],"about":[{"href":"https:\/\/www.europesays.com\/es\/wp-json\/wp\/v2\/types\/post"}],"author":[{"embeddable":true,"href":"https:\/\/www.europesays.com\/es\/wp-json\/wp\/v2\/users\/2"}],"replies":[{"embeddable":true,"href":"https:\/\/www.europesays.com\/es\/wp-json\/wp\/v2\/comments?post=124791"}],"version-history":[{"count":0,"href":"https:\/\/www.europesays.com\/es\/wp-json\/wp\/v2\/posts\/124791\/revisions"}],"wp:featuredmedia":[{"embeddable":true,"href":"https:\/\/www.europesays.com\/es\/wp-json\/wp\/v2\/media\/124792"}],"wp:attachment":[{"href":"https:\/\/www.europesays.com\/es\/wp-json\/wp\/v2\/media?parent=124791"}],"wp:term":[{"taxonomy":"category","embeddable":true,"href":"https:\/\/www.europesays.com\/es\/wp-json\/wp\/v2\/categories?post=124791"},{"taxonomy":"post_tag","embeddable":true,"href":"https:\/\/www.europesays.com\/es\/wp-json\/wp\/v2\/tags?post=124791"}],"curies":[{"name":"wp","href":"https:\/\/api.w.org\/{rel}","templated":true}]}}