{"id":124819,"date":"2025-09-19T09:04:07","date_gmt":"2025-09-19T09:04:07","guid":{"rendered":"https:\/\/www.europesays.com\/es\/124819\/"},"modified":"2025-09-19T09:04:07","modified_gmt":"2025-09-19T09:04:07","slug":"getxo-oficina-de-prensa-notas-de-prensa-notas-de-prensa","status":"publish","type":"post","link":"https:\/\/www.europesays.com\/es\/124819\/","title":{"rendered":"Getxo &#8211; Oficina de prensa &#8211; Notas de Prensa &#8211; Notas de prensa"},"content":{"rendered":"<p>        Las Jornadas Europeas de Patrimonio abren Getxo a la ciudadan\u00eda<\/p>\n<p class=\"date_news\">19\/09\/2025<\/p>\n<p style=\"text-align: center;\"><img loading=\"lazy\" decoding=\"async\" src=\"https:\/\/www.europesays.com\/es\/wp-content\/uploads\/2025\/09\/Web_PuntaBegona1.jpg\" width=\"432\" height=\"288\"\/><\/p>\n<p style=\"text-align: justify;\">Bizkaia conmemora este 2025 el 25\u00ba aniversario de la coordinaci\u00f3n de las <a href=\"https:\/\/www.getxo.eus\/DocsPublic\/turismo\/OEJ-JEP-2025-programa_low.pdf\" rel=\"nofollow noopener\" target=\"_blank\">Jornadas Europeas del Patrimonio<\/a>, un programa cultural que ha logrado consolidarse como uno de los eventos patrimoniales m\u00e1s importantes del panorama vasco, y Getxo vuelve a contar con actividades de primera l\u00ednea.<\/p>\n<p style=\"text-align: justify;\">Este a\u00f1o, siguiendo el lema propuesto por el Consejo de Europa para las Jornadas Europeas de Patrimonio, \u201cPatrimonio Arquitect\u00f3nico\u201d, en Getxo se han organizado 15 actividades gratuitas que se desarrollar\u00e1n durante todo el mes de octubre. Como ha se\u00f1alado el concejal de Turismo, Juanma Gonz\u00e1lez, \u201cel objetivo de estas jornadas es poner en valor y visibilizar el patrimonio local. Desde el Ayuntamiento queremos seguir impulsando y apoyando este tipo de iniciativas, ya que nos ayudan a cuidar y poner en valor nuestra identidad y a abrirla a toda la ciudadan\u00eda\u201d.<\/p>\n<p style=\"text-align: justify;\">As\u00ed, Punta Bego\u00f1a ser\u00e1 de nuevo escenario de varias actividades en el marco de las Jornadas tales como un recorrido arquitect\u00f3nico a trav\u00e9s del tiempo y las vanguardias (\u201cPunta Bego\u00f1a, testigo insobornable de la Historia\u201d), o una visita teatralizada a este maravilloso enclave de la mano de su promotor, Horacio Echevarrieta. Adem\u00e1s, las galer\u00edas volver\u00e1n a convertirse en un estudio de radio con \u201cPunta Bego\u00f1a, zuzenean. En vivo y en directo\u201d, donde se abordar\u00e1n todas las ramas de la historia, la literatura, el teatro, los viajes, la gastronom\u00eda, el deporte&#8230;, que ser\u00e1n contadas, cantadas o representadas, y retransmitidas en directo, por personalidades de cada \u00e1mbito, bajo la batuta del periodista Agust\u00edn Herranz (Radio Popular).<\/p>\n<p style=\"text-align: justify;\"><strong>Todas las actividades<\/strong><\/p>\n<p style=\"text-align: justify;\"><strong>Talleres.<\/strong>\u00a0 El 17 de octubre tendr\u00e1 lugar el taller de impresi\u00f3n 3D \u201cRepresentaci\u00f3n del patrimonio arquitect\u00f3nico\u201d, de 10:00 a 13:00 h., en Getxo Elkartegia.<\/p>\n<p style=\"text-align: justify;\"><strong>Programa de radio.<\/strong> Punta Bego\u00f1a en vivo y en Directo, 3, 10, 17, 24 y 31 de octubre, a las 10:00.<\/p>\n<p style=\"text-align: justify;\"><strong>Recorridos topon\u00edmicos.<\/strong> \u201cAndra Mari\u201d, 9 de octubre a las 18:00 h., \u201cNeguri\u201d, 14 de octubre, a las 18:00 h, \u201cPuerto Viejo\u201d, 22 de octubre, a las 18:00 h. y \u201cLas Arenas\u201d, 29 de octubre, a las 18:00 h.<\/p>\n<p style=\"text-align: justify;\"><strong>Visitas guiadas.<\/strong> \u201cErmita de San Nicol\u00e1s de Bari\u201d, 2 de octubre, a las 18:00; \u201cPunta Bego\u00f1a, testigo insobornable de la Historia\u201d, 3 de octubre, a las 17:00, y 11, 19 y 25 de octubre a las 12:00; \u201cUn cementerio mirando al mar\u201d, 4, 10 y 24 de octubre, a las 11:30 (castellano) y 18 de octubre, a las 11:30 (euskera); \u201cHistorias secretas de las rocas de palacio\u201d, 11 y 26 de octubre, a las 11:00; \u201cDel molino a la torre: arquitectura en el valle del Bolue\u201d, 18 de octubre, a las 10:30 ; \u201cPatrimonio arquitect\u00f3nico en el barrio de Romo\u201d, 18 de octubre a las 11:00; \u201cMide tu paso: accesibilidad en el patrimonio\u201d, 19 de octubre, a las 10:30; \u201cHoracio Echevarrieta recibe en Punta Bego\u00f1a, 19 de octubre 17:00;.<\/p>\n<p style=\"text-align: justify;\"><strong>Lectura individual con m\u00fasica en directo.<\/strong> \u201cP\u00e1ginas y acordes: leyendo al son de la m\u00fasica\u201d 26 octubre, a las 12:00.<\/p>\n","protected":false},"excerpt":{"rendered":"Las Jornadas Europeas de Patrimonio abren Getxo a la ciudadan\u00eda 19\/09\/2025 Bizkaia conmemora este 2025 el 25\u00ba aniversario&hellip;\n","protected":false},"author":2,"featured_media":124820,"comment_status":"","ping_status":"","sticky":false,"template":"","format":"standard","meta":{"footnotes":""},"categories":[8],"tags":[17,18,25,24,13,14,11,19,20,9,10,15,16,23,12,21,22],"class_list":{"0":"post-124819","1":"post","2":"type-post","3":"status-publish","4":"format-standard","5":"has-post-thumbnail","7":"category-espana","8":"tag-breaking-news","9":"tag-breakingnews","10":"tag-es","11":"tag-espana","12":"tag-featured-news","13":"tag-featurednews","14":"tag-headlines","15":"tag-latest-news","16":"tag-latestnews","17":"tag-news","18":"tag-noticias","19":"tag-noticias-destacadas","20":"tag-noticiasdestacadas","21":"tag-spain","22":"tag-titulares","23":"tag-ultimas-noticias","24":"tag-ultimasnoticias"},"share_on_mastodon":{"url":"","error":""},"_links":{"self":[{"href":"https:\/\/www.europesays.com\/es\/wp-json\/wp\/v2\/posts\/124819","targetHints":{"allow":["GET"]}}],"collection":[{"href":"https:\/\/www.europesays.com\/es\/wp-json\/wp\/v2\/posts"}],"about":[{"href":"https:\/\/www.europesays.com\/es\/wp-json\/wp\/v2\/types\/post"}],"author":[{"embeddable":true,"href":"https:\/\/www.europesays.com\/es\/wp-json\/wp\/v2\/users\/2"}],"replies":[{"embeddable":true,"href":"https:\/\/www.europesays.com\/es\/wp-json\/wp\/v2\/comments?post=124819"}],"version-history":[{"count":0,"href":"https:\/\/www.europesays.com\/es\/wp-json\/wp\/v2\/posts\/124819\/revisions"}],"wp:featuredmedia":[{"embeddable":true,"href":"https:\/\/www.europesays.com\/es\/wp-json\/wp\/v2\/media\/124820"}],"wp:attachment":[{"href":"https:\/\/www.europesays.com\/es\/wp-json\/wp\/v2\/media?parent=124819"}],"wp:term":[{"taxonomy":"category","embeddable":true,"href":"https:\/\/www.europesays.com\/es\/wp-json\/wp\/v2\/categories?post=124819"},{"taxonomy":"post_tag","embeddable":true,"href":"https:\/\/www.europesays.com\/es\/wp-json\/wp\/v2\/tags?post=124819"}],"curies":[{"name":"wp","href":"https:\/\/api.w.org\/{rel}","templated":true}]}}