{"id":124821,"date":"2025-09-19T09:05:07","date_gmt":"2025-09-19T09:05:07","guid":{"rendered":"https:\/\/www.europesays.com\/es\/124821\/"},"modified":"2025-09-19T09:05:07","modified_gmt":"2025-09-19T09:05:07","slug":"portal-de-noticias-del-gobierno-de-canarias-122","status":"publish","type":"post","link":"https:\/\/www.europesays.com\/es\/124821\/","title":{"rendered":"Portal de Noticias del Gobierno de Canarias"},"content":{"rendered":"<blockquote>\n<p>El viceconsejero del Sector Primario del Gobierno de Canarias, Eduardo Garc\u00eda, ha visitado esta semana Madeira y Azores para coordinar con las Regiones Ultraperif\u00e9ricas portuguesas una postura com\u00fan de defensa de sus especificidades frente a la propuesta de la Comisi\u00f3n Europea para el Marco Financiero Plurianual 2028-2034, que compromete su tratamiento diferenciado y la continuidad de la actividad agraria y pesquera en estos territorios<\/p>\n<\/blockquote>\n<p>El Gobierno de Canarias est\u00e1 liderando una estrategia conjunta para la defensa de las singularidades de las Regiones Ultraperif\u00e9ricas (RUP) ante la propuesta del nuevo Marco Financiero Plurianual para el periodo 2028-2034 de la Comisi\u00f3n Europea, la cu\u00e1l compromete el tratamiento diferenciado que reciben sus sectores agrario y pesquero y la continuidad de dichas actividades en estos territorios.<\/p>\n<p>Con este prop\u00f3sito, el viceconsejero del Sector Primario del Gobierno de Canarias, Eduardo Garc\u00eda, ha visitado esta semana los archipi\u00e9lagos de Madeira y Azores para coordinar una postura conjunta con los respectivos gobiernos y sectores productivos de las dos Regiones Ultraperif\u00e9ricas portuguesas. De esta manera, el Ejecutivo canario est\u00e1 conformando un frente com\u00fan para exigir a las instituciones comunitarias que se replanteen la propuesta planteada en relaci\u00f3n al nuevo Marco Financiero Plurianual, al entender que vulnera el art\u00edculo 349 del Tratado de Funcionamiento de la Uni\u00f3n Europea, donde se reconocen las caracter\u00edsticas distintivas de las RUP y se les concede un estatus especial que permite a la UE tomar medidas espec\u00edficas para apoyarlas.<\/p>\n<p>A este respecto, Garc\u00eda destac\u00f3 que \u201cla propuesta de la Comisi\u00f3n Europea, adem\u00e1s de suponer un cambio radical en las pol\u00edticas agrarias y pesqueras como las conoc\u00edamos hasta ahora, erosiona el derecho a un tratamiento diferenciado a los productores y productoras, tanto de Canarias como del resto de RUP de Portugal y Francia, por lo que debemos presentarnos con una sola voz ante la UE para reivindicar que se blinden los fondos destinados a las RUP, no se produzcan recortes y se mantenga el trato diferenciado que hemos tenido hasta ahora, con el fin de que las profesionales de nuestro sector agrario y pesquero puedan competir en condiciones de igualdad frente al territorio continental\u201d.<\/p>\n<p>El miembro del Ejecutivo ha mantenido encuentros a lo largo de esta semana con responsables gubernamentales y sectoriales de las dos RUP lusas, adem\u00e1s de realizar una serie de visitas a productores y productoras locales para conocer sus demandas y articularlas de manera coordinada junto a las peticiones expresadas por organizaciones y asociaciones canarias.<\/p>\n<p>A lo largo de la jornada del martes, Garc\u00eda se reuni\u00f3 con el secretario regional de Agricultura y Pesca de Madeira, Nuno Maciel, en una cita donde el responsable del ejecutivo portugu\u00e9s expres\u00f3 su preocupaci\u00f3n, compartida con el Gobierno canario, ante \u201cuna clara intenci\u00f3n de poner fin a la dotaci\u00f3n financiera del POSEI, dejando la gesti\u00f3n de los fondos disponibles a la arbitrariedad de cada Estado Miembro, lo que supondr\u00eda un rev\u00e9s tanto para los agricultores como para el consumidor final\u201d.<\/p>\n<p>A continuaci\u00f3n, la jornada prosigui\u00f3 con varias actividades encaminadas a conocer la importancia y el funcionamiento del sector del pl\u00e1tano en Madeira, para lo que el viceconsejero se desplaz\u00f3 a las instalaciones de la Empresa de Gesti\u00f3n del Sector del Pl\u00e1tano en Funchal, la capital del archipi\u00e9lago de Madeira, adem\u00e1s de realizar un recorrido por la finca de un agricultor dedicado a este cultivo, para terminar con una visita al Museo del Pl\u00e1tano.<\/p>\n<p>El mi\u00e9rcoles, Garc\u00eda se reuni\u00f3 en Horta, capital de la isla de Fayal, con el Secretario General de Agricultura y Alimentaci\u00f3n de la Regi\u00f3n Aut\u00f3noma de Azores, Antonio Ventura, y el responsable de Pesca del ejecutivo la regi\u00f3n aut\u00f3noma portuguesa, Mario Rui Pinho.<\/p>\n<p>Respecto a la actividad pesquera, Garc\u00eda destac\u00f3 que \u201cen la reuni\u00f3n con los responsables del Gobierno de Azores hemos constatado que compartimos preocupaciones tanto en el marco de la asignaci\u00f3n de cuotas de captura a trav\u00e9s de la Pol\u00edtica Pesquera Com\u00fan (PPC) como en el funcionamiento del Fondo Europeo Mar\u00edtimo, de Pesca y de Acuicultura (FEMPA), que provoca importantes retrasos en los abonos de las ayudas\u201d.<\/p>\n<p>Por este motivo, incidi\u00f3 el viceconsejero, \u201cno solo defendemos el mantenimiento del programa POSEI para el sector agrario sino que insistimos en la necesidad de habilitar un instrumento similar de apoyo para la actividad pesquera de Canarias y del resto de RUP, dado que afrontan desaf\u00edos similares como la renovaci\u00f3n de la flota o la necesidad de impulsar el relevo generacional en un sector estrat\u00e9gico que, adem\u00e1s, aplica m\u00e9todos de captura artesanal compatibles con la sostenibilidad de los recursos marinos\u201d.<\/p>\n<p>La visita institucional a Azores continu\u00f3 el jueves en la isla de Pico, con una sesi\u00f3n centrada en reuniones con organizaciones del sector vitivin\u00edcola, en la que el viceconsejero explor\u00f3 diferentes v\u00edas de colaboraci\u00f3n con entidades como el Consejo Directivo del Vino IVVA o la C\u00e1mara Municipal de Madalena do Pico.<\/p>\n<p>Hoy viernes concluye esta ronda de encuentros con el desplazamiento a la isla de San Miguel, donde visitar\u00e1n explotaciones l\u00e1cteas y queser\u00edas de la isla, as\u00ed como fincas de pi\u00f1a tropical y t\u00e9, para analizar las similitudes y retos conjuntos que los profesionales de estos subsectores comparten con los ganaderos, ganaderas, agricultoras y agricultores de Canarias.<\/p>\n","protected":false},"excerpt":{"rendered":"El viceconsejero del Sector Primario del Gobierno de Canarias, Eduardo Garc\u00eda, ha visitado esta semana Madeira y Azores&hellip;\n","protected":false},"author":2,"featured_media":124822,"comment_status":"","ping_status":"","sticky":false,"template":"","format":"standard","meta":{"footnotes":""},"categories":[5],"tags":[17,18,25,24,13,14,11,19,20,9,10,15,16,23,12,21,22],"class_list":{"0":"post-124821","1":"post","2":"type-post","3":"status-publish","4":"format-standard","5":"has-post-thumbnail","7":"category-titulares","8":"tag-breaking-news","9":"tag-breakingnews","10":"tag-es","11":"tag-espana","12":"tag-featured-news","13":"tag-featurednews","14":"tag-headlines","15":"tag-latest-news","16":"tag-latestnews","17":"tag-news","18":"tag-noticias","19":"tag-noticias-destacadas","20":"tag-noticiasdestacadas","21":"tag-spain","22":"tag-titulares","23":"tag-ultimas-noticias","24":"tag-ultimasnoticias"},"share_on_mastodon":{"url":"","error":""},"_links":{"self":[{"href":"https:\/\/www.europesays.com\/es\/wp-json\/wp\/v2\/posts\/124821","targetHints":{"allow":["GET"]}}],"collection":[{"href":"https:\/\/www.europesays.com\/es\/wp-json\/wp\/v2\/posts"}],"about":[{"href":"https:\/\/www.europesays.com\/es\/wp-json\/wp\/v2\/types\/post"}],"author":[{"embeddable":true,"href":"https:\/\/www.europesays.com\/es\/wp-json\/wp\/v2\/users\/2"}],"replies":[{"embeddable":true,"href":"https:\/\/www.europesays.com\/es\/wp-json\/wp\/v2\/comments?post=124821"}],"version-history":[{"count":0,"href":"https:\/\/www.europesays.com\/es\/wp-json\/wp\/v2\/posts\/124821\/revisions"}],"wp:featuredmedia":[{"embeddable":true,"href":"https:\/\/www.europesays.com\/es\/wp-json\/wp\/v2\/media\/124822"}],"wp:attachment":[{"href":"https:\/\/www.europesays.com\/es\/wp-json\/wp\/v2\/media?parent=124821"}],"wp:term":[{"taxonomy":"category","embeddable":true,"href":"https:\/\/www.europesays.com\/es\/wp-json\/wp\/v2\/categories?post=124821"},{"taxonomy":"post_tag","embeddable":true,"href":"https:\/\/www.europesays.com\/es\/wp-json\/wp\/v2\/tags?post=124821"}],"curies":[{"name":"wp","href":"https:\/\/api.w.org\/{rel}","templated":true}]}}