{"id":124827,"date":"2025-09-19T09:09:12","date_gmt":"2025-09-19T09:09:12","guid":{"rendered":"https:\/\/www.europesays.com\/es\/124827\/"},"modified":"2025-09-19T09:09:12","modified_gmt":"2025-09-19T09:09:12","slug":"la-fundacion-pan-y-peces-celebra-su-xviii-campeonato-benefico-de-golf-para-ayudar-a-las-familias-vulnerables","status":"publish","type":"post","link":"https:\/\/www.europesays.com\/es\/124827\/","title":{"rendered":"La Fundaci\u00f3n Pan y Peces celebra su XVIII Campeonato Ben\u00e9fico de Golf para ayudar a las familias vulnerables"},"content":{"rendered":"<p class=\"paragraph\">La <b>Fundaci\u00f3n Pan y Peces<\/b> celebrar\u00e1 el pr\u00f3ximo s\u00e1bado 27 de septiembre su <b>XVIII Campeonato Ben\u00e9fico de Golf<\/b>. Este torneo constar\u00e1 de varias modalidades: la primera ser\u00e1 para aquellos que tengan hasta 18,4 de h\u00e1ndicap y la segunda estar\u00e1 destinada a aquellos que cuenten con a partir de 18,5 puntos de h\u00e1ndicap. El campeonato tendr\u00e1 lugar en el campo de Golf Montealvar ubicado en el Monasterio de Alcohete s\/n, 19139 Guadalajara.<\/p>\n<p class=\"paragraph\">La jornada del s\u00e1bado culminar\u00e1 con una comida, la entrega de premios y una gran rifa. Los participantes podr\u00e1n inscribirse de varias formas:<\/p>\n<ul>\n<li><b>Golf + comida.<\/b><\/li>\n<li><b>S\u00f3lo golf.<\/b><\/li>\n<li><b>S\u00f3lo comida.<\/b><\/li>\n<\/ul>\n<p class=\"paragraph\">Este torneo tiene como finalidad recaudar fondos y recursos para la Fundaci\u00f3n Pan y Peces, una fundaci\u00f3n sin \u00e1nimo de lucro dedicada a la donaci\u00f3n de alimentos en Madrid, productos de higiene personal y productos de limpieza a familias vulnerables en riesgo de pobreza de la Comunidad de Madrid. Cada mes, esta entidad logar ayudar a <b>m\u00e1s de 1.400 personas <\/b>en situaci\u00f3n de necesidad, proporcionando ayuda directa a hogares que enfrentan dificultades econ\u00f3micas graves.<\/p>\n<p class=\"paragraph\">La organizaci\u00f3n se fund\u00f3 en mayo de 2011, convirtiendo en realidad la necesidad de su fundador <b>Javier Repull\u00e9s S.J<\/b>. y de un grupo de cristianos, de ayudar a los m\u00e1s necesitados de una manera digna, efectiva y directa. \u00abDesde 2011, nuestra Fundaci\u00f3n ha ido creciendo debido a la gran necesidad de las familias espa\u00f1olas\u00bb, alega la entidad.<\/p>\n<p class=\"paragraph\">Seg\u00fan la fundaci\u00f3n, eventos como este torneo de golf son esenciales para mantener y ampliar su labor social, ya que los ingresos y donaciones obtenidos permiten cubrir costes operativos, adquirir productos b\u00e1sicos y fortalecer programas de apoyo familiar.<\/p>\n<p class=\"paragraph\">El XVIII Campeonato Ben\u00e9fico de Golf no s\u00f3lo representa una ocasi\u00f3n para los amantes del golf de disfrutar de un d\u00eda en un entorno privilegiado, sino tambi\u00e9n para sumarse a una causa solidaria. Los organizadores animan a todos los interesados a participar, ya sea compitiendo en el torneo, asistiendo a la comida o contribuyendo mediante donaciones a la rifa.<\/p>\n","protected":false},"excerpt":{"rendered":"La Fundaci\u00f3n Pan y Peces celebrar\u00e1 el pr\u00f3ximo s\u00e1bado 27 de septiembre su XVIII Campeonato Ben\u00e9fico de Golf.&hellip;\n","protected":false},"author":2,"featured_media":124828,"comment_status":"","ping_status":"","sticky":false,"template":"","format":"standard","meta":{"footnotes":""},"categories":[275],"tags":[168,25,24,329,23,167],"class_list":{"0":"post-124827","1":"post","2":"type-post","3":"status-publish","4":"format-standard","5":"has-post-thumbnail","7":"category-golf","8":"tag-deportes","9":"tag-es","10":"tag-espana","11":"tag-golf","12":"tag-spain","13":"tag-sports"},"share_on_mastodon":{"url":"","error":""},"_links":{"self":[{"href":"https:\/\/www.europesays.com\/es\/wp-json\/wp\/v2\/posts\/124827","targetHints":{"allow":["GET"]}}],"collection":[{"href":"https:\/\/www.europesays.com\/es\/wp-json\/wp\/v2\/posts"}],"about":[{"href":"https:\/\/www.europesays.com\/es\/wp-json\/wp\/v2\/types\/post"}],"author":[{"embeddable":true,"href":"https:\/\/www.europesays.com\/es\/wp-json\/wp\/v2\/users\/2"}],"replies":[{"embeddable":true,"href":"https:\/\/www.europesays.com\/es\/wp-json\/wp\/v2\/comments?post=124827"}],"version-history":[{"count":0,"href":"https:\/\/www.europesays.com\/es\/wp-json\/wp\/v2\/posts\/124827\/revisions"}],"wp:featuredmedia":[{"embeddable":true,"href":"https:\/\/www.europesays.com\/es\/wp-json\/wp\/v2\/media\/124828"}],"wp:attachment":[{"href":"https:\/\/www.europesays.com\/es\/wp-json\/wp\/v2\/media?parent=124827"}],"wp:term":[{"taxonomy":"category","embeddable":true,"href":"https:\/\/www.europesays.com\/es\/wp-json\/wp\/v2\/categories?post=124827"},{"taxonomy":"post_tag","embeddable":true,"href":"https:\/\/www.europesays.com\/es\/wp-json\/wp\/v2\/tags?post=124827"}],"curies":[{"name":"wp","href":"https:\/\/api.w.org\/{rel}","templated":true}]}}