{"id":124838,"date":"2025-09-19T09:15:09","date_gmt":"2025-09-19T09:15:09","guid":{"rendered":"https:\/\/www.europesays.com\/es\/124838\/"},"modified":"2025-09-19T09:15:09","modified_gmt":"2025-09-19T09:15:09","slug":"despues-de-trabajar-con-jorge-asin-te-quedan-ganas-de-mas","status":"publish","type":"post","link":"https:\/\/www.europesays.com\/es\/124838\/","title":{"rendered":"Despu\u00e9s de trabajar con Jorge As\u00edn te quedan ganas de m\u00e1s"},"content":{"rendered":"<p>            Alejandro Amen\u00e1bar, en Zaragoza: \u00abDespu\u00e9s de trabajar con Jorge As\u00edn te quedan ganas de m\u00e1s\u00bb                <\/p>\n<p>Alejandro Amen\u00e1bar, en Zaragoza: \u00abDespu\u00e9s de trabajar con Jorge As\u00edn te quedan ganas de m\u00e1s\u00bb<\/p>\n<p class=\"epigraph\">El cineasta, guionista y m\u00fasico se pas\u00f3 este jueves 18 de septiembre por los Cines Palafox de Zaragoza para una sesi\u00f3n especial de su pel\u00edcula &#8216;El cautivo&#8217;<\/p>\n<p class=\"paragraph\">Alejandro Amen\u00e1bar se acerc\u00f3 ayer a Zaragoza para asistir a una proyecci\u00f3n especial de<a href=\"https:\/\/www.heraldo.es\/noticias\/ocio-y-cultura\/2025\/09\/12\/critica-de-cine-el-cautivo-cervantes-en-argen-y-sus-circunstancias-1853616.html\" title=\"Cr\u00edtica de cine: &#039;El cautivo&#039;. Cervantes en Argel y sus circunstancias\" rel=\"nofollow noopener\" target=\"_blank\"> \u2018El cautivo\u2019,<\/a> su \u00faltima pel\u00edcula, que tiene en Miguel de Cervantes y sus cinco a\u00f1os en Argel a su leit motiv. La cinta est\u00e1 protagonizada por el joven int\u00e9rprete Julio Pe\u00f1a y acaba de estrenarse en las pantallas comerciales espa\u00f1olas.<\/p>\n<p>            Conforme a los criterios de<br \/>\n            <a class=\"trustproject_img\" id=\"trustproject_img\" href=\"https:\/\/thetrustproject.org\/\" target=\"_blank\" rel=\"nofollow noopener\" aria-label=\"Trust Project\"><img decoding=\"async\" loading=\"lazy\" src=\"https:\/\/www.heraldo.es\/images\/Trust-Logo-Horizontal.svg\" alt=\"Logo Trust Project\" width=\"200\" height=\"34\"\/><\/a><\/p>\n<p>                <img decoding=\"async\" loading=\"lazy\" src=\"https:\/\/www.europesays.com\/es\/wp-content\/uploads\/2025\/09\/pablo-ferrer.jpeg\" class=\"author-image\" width=\"120\" height=\"120\" alt=\"Pablo Ferrer\"\/><\/p>\n<p>        <a href=\"https:\/\/www.henneo.com\/\" title=\"Grupo Henneo\" class=\"logo\" rel=\"nofollow noopener\" target=\"_blank\"><br \/>\n            <img decoding=\"async\" src=\"https:\/\/www.heraldo.es\/images\/logo_henneo_gris.svg\" alt=\"Logo Henneo\" width=\"559\" height=\"389\" loading=\"lazy\"\/><br \/>\n        <\/a><\/p>\n<p>\u00a9 HERALDO DE ARAGON EDITORA, S.L.U.<br \/>Tel\u00e9fono 976 765 000 \/ &#8211; P\u00ba. Independencia, 29, 50001 Zaragoza &#8211; CIF: B99288763 &#8211; Inscrita en el Registro Mercantil de Zaragoza al Tomo 3796, Libro 0, Folio 177, Secci\u00f3n 8, Hoja Z-50564<br \/>Queda prohibida toda reproducci\u00f3n sin permiso escrito de la empresa a los efectos del art\u00edculo 32.1, p\u00e1rrafo segundo, de la Ley de Propiedad Intelectual<\/p>\n<p>\n                P\u00ba Independencia, 29, 50001 Zaragoza<br \/> Tel\u00e9fono 976 765 000\n            <\/p>\n<p>                    Actualmente tu navegador no permite ejecutar JavaScript. Para poder disfrutar de nuestro contenido es necesario que lo permita.<br \/>\n                                        <img decoding=\"async\" loading=\"lazy\" alt=\"Heraldo logo\" src=\"https:\/\/dkumiip2e9ary.cloudfront.net\/xalok\/heraldo\/especiales\/hola-de-nuevo\/logo-heraldo.svg\" width=\"215\" height=\"43\"\/><\/p>\n","protected":false},"excerpt":{"rendered":"Alejandro Amen\u00e1bar, en Zaragoza: \u00abDespu\u00e9s de trabajar con Jorge As\u00edn te quedan ganas de m\u00e1s\u00bb Alejandro Amen\u00e1bar, en&hellip;\n","protected":false},"author":2,"featured_media":124839,"comment_status":"","ping_status":"","sticky":false,"template":"","format":"standard","meta":{"footnotes":""},"categories":[174],"tags":[13339,255,36447,177,146,147,25,24,256,1257,23,491],"class_list":{"0":"post-124838","1":"post","2":"type-post","3":"status-publish","4":"format-standard","5":"has-post-thumbnail","7":"category-famosos","8":"tag-alejandro-amenabar","9":"tag-celebrities","10":"tag-cervantes","11":"tag-cine","12":"tag-entertainment","13":"tag-entretenimiento","14":"tag-es","15":"tag-espana","16":"tag-famosos","17":"tag-pelicula","18":"tag-spain","19":"tag-zaragoza"},"share_on_mastodon":{"url":"","error":""},"_links":{"self":[{"href":"https:\/\/www.europesays.com\/es\/wp-json\/wp\/v2\/posts\/124838","targetHints":{"allow":["GET"]}}],"collection":[{"href":"https:\/\/www.europesays.com\/es\/wp-json\/wp\/v2\/posts"}],"about":[{"href":"https:\/\/www.europesays.com\/es\/wp-json\/wp\/v2\/types\/post"}],"author":[{"embeddable":true,"href":"https:\/\/www.europesays.com\/es\/wp-json\/wp\/v2\/users\/2"}],"replies":[{"embeddable":true,"href":"https:\/\/www.europesays.com\/es\/wp-json\/wp\/v2\/comments?post=124838"}],"version-history":[{"count":0,"href":"https:\/\/www.europesays.com\/es\/wp-json\/wp\/v2\/posts\/124838\/revisions"}],"wp:featuredmedia":[{"embeddable":true,"href":"https:\/\/www.europesays.com\/es\/wp-json\/wp\/v2\/media\/124839"}],"wp:attachment":[{"href":"https:\/\/www.europesays.com\/es\/wp-json\/wp\/v2\/media?parent=124838"}],"wp:term":[{"taxonomy":"category","embeddable":true,"href":"https:\/\/www.europesays.com\/es\/wp-json\/wp\/v2\/categories?post=124838"},{"taxonomy":"post_tag","embeddable":true,"href":"https:\/\/www.europesays.com\/es\/wp-json\/wp\/v2\/tags?post=124838"}],"curies":[{"name":"wp","href":"https:\/\/api.w.org\/{rel}","templated":true}]}}