{"id":124842,"date":"2025-09-19T09:17:05","date_gmt":"2025-09-19T09:17:05","guid":{"rendered":"https:\/\/www.europesays.com\/es\/124842\/"},"modified":"2025-09-19T09:17:05","modified_gmt":"2025-09-19T09:17:05","slug":"la-protagonista-de-mi-nuevo-libro-es-el-reflejo-de-todas-esas-mujeres-que-saliendose-del-papel-que-se-esperaba-de-ellas-fueron-capaces-de-entrar-en-mundos-masculinos","status":"publish","type":"post","link":"https:\/\/www.europesays.com\/es\/124842\/","title":{"rendered":"\u2018\u2018La protagonista de mi nuevo libro es el reflejo de todas esas mujeres que, sali\u00e9ndose del papel que se esperaba de ellas, fueron capaces de entrar en mundos masculinos\u2019\u2019"},"content":{"rendered":"<p data-journey-content=\"true\" data-node-id=\"3\" class=\"css-6wxqfj emevuu60\"><strong data-node-id=\"3.0\"\/><strong data-node-id=\"3.1\">Leer a Carla Montero (Madrid, 1973) es darse un respiro de la realidad.<\/strong> Es una oportunidad de viajar a escenarios encantadores que, adem\u00e1s, te brindan la posibilidad de conocer momentos de la historia contados con la mayor precisi\u00f3n y exquisitez posibles. Quienes tienen a esta autora en las estanter\u00edas de sus librer\u00edas o en la mesita de noche ya lo saben: sus novelas est\u00e1n repletas de cap\u00edtulos escritos con una gran base hist\u00f3rica, protagonistas femeninas repletas de sabidur\u00eda y una sensibilidad especial para describir lo que se encuentra alrededor.  <\/p>\n<p data-journey-content=\"true\" data-node-id=\"6\" class=\"css-6wxqfj emevuu60\"><strong data-node-id=\"6.0\">Su nuevo libro no s\u00f3lo cuenta con las caracter\u00edsticas que la hacen suya. Montero se ha atrevido a destapar una historia desconocida: la de las mujeres pilotos de carreras que compet\u00edan en los grandes premios automovil\u00edsticos de los a\u00f1os 30.<\/strong> La cuenta en <strong data-node-id=\"6.2\">\u2018La dama de la niebla\u2019 (ed. Destino, 2025),<\/strong> con Mila Kovac como protagonista y la brit\u00e1nica Isla de Man de fondo. All\u00ed llega la conductora intentando huir de los fantasmas de su marido reci\u00e9n fallecido, y en el mismo lugar redescubrir\u00e1 la pasi\u00f3n y la adrenalina. Por suerte, hemos charlado con ella y nos ha contado muchos m\u00e1s detalles sobre la obra. <\/p>\n<p>Ed. Destino \u2018La dama de la niebla\u2019<\/p>\n<p><a target=\"_blank\" rel=\"nofollow noopener\" data-theme-key=\"product-image-wrapper\" href=\"https:\/\/www.amazon.es\/dp\/8423368262?tag=cosmospain-21\" aria-label=\"22\u00a0\u20ac en Amazon for \u2018La dama de la niebla\u2019\" data-href=\"https:\/\/www.amazon.es\/dp\/8423368262\" data-product-url=\"https:\/\/www.amazon.es\/dp\/8423368262\" data-affiliate=\"true\" data-affiliate-url=\"https:\/\/www.amazon.es\/dp\/8423368262?tag=cosmospain-21\" data-affiliate-network=\"{&quot;afflink_redirect&quot;:&quot;\/_p\/afflink\/xxZT\/amazon-la-dama-de-la-niebla&quot;,&quot;site_id&quot;:&quot;12011353-0ac8-495b-87d1-541056f96655&quot;,&quot;network&quot;:{&quot;name&quot;:&quot;Amazon&quot;},&quot;metadata&quot;:{&quot;links&quot;:{&quot;default&quot;:&quot;https:\/\/www.amazon.es\/dp\/8423368262?tag=cosmospain-21&quot;}}}\" data-vars-ga-call-to-action=\"22\u00a0\u20ac en Amazon\" data-vars-ga-media-role=\"\" data-vars-ga-media-type=\"Single Product Embed\" data-vars-ga-outbound-link=\"https:\/\/www.amazon.es\/dp\/8423368262\" data-vars-ga-product-brand=\"Ed. Destino\" data-vars-ga-product-id=\"b546203f-5945-44b1-98c2-58930713dad7\" data-vars-ga-product-price=\"21,75\u00a0\u20ac\" data-vars-ga-product-retailer-id=\"90d64b88-8cee-4cd6-bd64-8200432b51cc\" data-vars-ga-product-sem3-brand=\"Ediciones Destino\" data-vars-ga-product-sem3-category=\"Historia del siglo XX y XXI\" data-vars-ga-link-treatment=\"(not set) | (not set)\" data-vars-ga-sku=\"8423368262\" data-vars-ga-magento-tracking=\"1\" class=\"product-image-link ebgq4gw2 e1b8bpvs0 css-g6od0w e1c1bym14\"><img  alt=\"\u2018La dama de la niebla\u2019\" title=\"\u2018La dama de la niebla\u2019\" src=\"https:\/\/www.europesays.com\/es\/wp-content\/uploads\/2025\/09\/1757505502-51U6vQPufUL.jpg\" width=\"583\" height=\"1000\" decoding=\"async\" loading=\"lazy\"\/><\/a><\/p>\n<p data-journey-content=\"true\" data-node-id=\"9\" class=\"css-6wxqfj emevuu60\"><strong data-node-id=\"9.0\">\u00bfC\u00f3mo has sentido la acogida que ha tenido \u2018La dama de la niebla\u2019?<\/strong><\/p>\n<p data-journey-content=\"true\" data-node-id=\"13\" class=\"css-6wxqfj emevuu60\">Ha sido muy buena, la verdad. Ya he recibido las primeras impresiones y la gente est\u00e1 encantada. Lo m\u00e1s bonito que me est\u00e1n diciendo es que, cuando cierran el libro, se quedan con un sentimiento de orfandad, como de pena porque se acaba la historia y no van a regresar a los personajes ni a los escenarios. Esto como autora es muy bonito, muy satisfactorio. <\/p>\n<p data-journey-content=\"true\" data-node-id=\"15\" class=\"css-6wxqfj emevuu60\"><strong data-node-id=\"15.0\">Adem\u00e1s, hace unas semanas hiciste la presentaci\u00f3n en Madrid y fue preciosa. <\/strong><\/p>\n<p data-journey-content=\"true\" data-node-id=\"17\" class=\"css-6wxqfj emevuu60\">\u00a1S\u00ed! Recreamos ese ambiente de la novela de los a\u00f1os 30, aunque la gran estrella de la presentaci\u00f3n fue un coche cl\u00e1sico rojo, como el de la protagonista de la novela, que estaba ah\u00ed aparcado en la entrada del hotel. Todos los hu\u00e9spedes que sal\u00edan se paraban a observarlo. Una preciosidad. <\/p>\n<p><img draggable=\"true\" alt=\"carla montero\" title=\"carla montero\" loading=\"lazy\" width=\"5396\" height=\"3271\" decoding=\"async\" data-nimg=\"1\" style=\"color:transparent;width:100%;height:auto;\"   src=\"https:\/\/www.europesays.com\/es\/wp-content\/uploads\/2025\/09\/carla-montero-c-carlos-ruiz-b-k-06-68c94a4e382d3.jpg\" class=\"css-0 e1g79fud0\"\/><\/p>\n<p>Carlos Ruiz B.k<\/p>\n<p data-journey-content=\"true\" data-node-id=\"20\" class=\"css-6wxqfj emevuu60\"><strong data-node-id=\"20.0\">\u00bfCu\u00e1l fue la idea desde la que germin\u00f3 toda la historia de \u2018La dama de la niebla\u2019?<\/strong><\/p>\n<p data-journey-content=\"true\" data-node-id=\"22\" class=\"css-6wxqfj emevuu60\">Es una historia que me ha buscado. \u00a1A veces pasa! Es la novena novela que escribo, y hay historias que buscas t\u00fa porque quieres contar algo, alargar algo en concreto; pero hay otras que parece que est\u00e1n ah\u00ed esperando a que alguien las cuente y te escogen a ti para hacerlo. Este ha sido el caso. <\/p>\n<blockquote data-theme-key=\"pullquote\" class=\"css-1p3hlt2 e1pe3zr91\">\n<blockquote class=\"css-thts2p e1pe3zr90\"><p>\u2018\u2018\u2018La dama de la niebla\u2019 es una historia que me escogi\u00f3 a m\u00ed para contarla\u2019\u2019<\/p><\/blockquote>\n<\/blockquote>\n<p data-journey-content=\"true\" data-node-id=\"25\" class=\"css-6wxqfj emevuu60\"><strong data-node-id=\"25.0\">Te has atrevido con una obra ba\u00f1ada por el automovilismo. <\/strong><\/p>\n<p data-journey-content=\"true\" data-node-id=\"27\" class=\"css-6wxqfj emevuu60\">Si hubi\u00e9ramos hecho esta entrevista hace un par de a\u00f1os, pregunt\u00e1ndome si escribir\u00eda un libro as\u00ed, ni me lo habr\u00eda planteado. Tengo carnet pero no conduzco nunca. \u00a1Imag\u00ednate mi afinidad con el mundo del motor! Pero, como te digo, ha sido una especie de casualidad muy afortunada. Hace poco m\u00e1s de un a\u00f1o me contactaron de una marca de coches para escribir unos relatos. Me met\u00ed en la \u2018golden era\u2019 de los grandes premios de coches de los a\u00f1os 30, con todo el glamour, la emoci\u00f3n, la adrenalina y el peligro que suponen. Pero es que, adem\u00e1s, me encuentro con que no solamente hab\u00eda pilotos hombres, sino que hab\u00eda mujeres que compet\u00edan en esta \u00e9lite del automovilismo. Unas figuras que han pasado completamente desapercibidas. Y yo dije: \u2018\u2018\u00bfQu\u00e9 pasa con esto? \u00bfc\u00f3mo es posible que hasta ahora nadie haya escrito nada sobre ellas?\u2019\u2019. Una vez fui venciendo mis reticencias a introducirme en el mundo del motor dije: \u2018\u2018Tengo que hacerlo\u2019\u2019.<\/p>\n<p data-journey-content=\"true\" data-node-id=\"29\" class=\"css-6wxqfj emevuu60\"><strong data-node-id=\"29.0\">\u00bfQu\u00e9 crees que es lo que ha enganchado a tus lectoras de este libro?<\/strong><\/p>\n<p data-journey-content=\"true\" data-node-id=\"31\" class=\"css-6wxqfj emevuu60\">Son varios los elementos que han enganchado a quienes lo han le\u00eddo hasta ahora, y que van a enganchar seguramente a quienes se acerquen a esta historia. Uno es el contexto hist\u00f3rico. Al final, es una novela muy m\u00eda. Tiene los elementos cl\u00e1sicos que tienen todas mis novelas y una de ellas es el contexto hist\u00f3rico: esos a\u00f1os 30, que fueron una \u00e9poca muy lujosa y heredera de la \u2018Belle \u00e9poque\u2019, aunque ya est\u00e1 en su decadencia porque Europa se aproximaba a la guerra. Es una \u00e9poca de crisis sociales, pol\u00edticas y econ\u00f3micas, donde la gente se refugia en la m\u00fasica, en el cine, en el arte&#8230; Luego tenemos ese personaje femenino superpotente que ya se adivina desde la portada. Es el reflejo de todas esas mujeres que, rompiendo moldes y sali\u00e9ndose completamente del papel que se esperaba de ellas en los a\u00f1os 30, fueron capaces de entrar en un mundo como es el del automovilismo, que es evidentemente masculino y que lo sigue siendo hoy en d\u00eda. Piensa solamente en cu\u00e1ntas mujeres conocidas hay compitiendo en la \u00e9lite del automovilismo. Las de mi libro, en este sentido, llegaron m\u00e1s lejos. Y despu\u00e9s, tambi\u00e9n, es una novela de atm\u00f3sfera. Lo que invita a leerla son los escenarios en los que se desarrolla. Arranca en Monte Carlo, pero enseguida va a la Isla de Man: un escenario con unos paisajes espectaculares que crean una atm\u00f3sfera de magia, de leyenda, muy acogedora e \u00edntima.<\/p>\n<p><img draggable=\"true\" alt=\"carla montero\" title=\"carla montero\" loading=\"lazy\" width=\"6000\" height=\"3638\" decoding=\"async\" data-nimg=\"1\" style=\"color:transparent;width:100%;height:auto;\"   src=\"https:\/\/www.europesays.com\/es\/wp-content\/uploads\/2025\/09\/carla-montero-c-carlos-ruiz-b-k-11-68c94bee926b4.jpg\" class=\"css-0 e1g79fud0\"\/><\/p>\n<p>Carlos Ruiz B.k<\/p>\n<p data-journey-content=\"true\" data-node-id=\"34\" class=\"css-6wxqfj emevuu60\"><strong data-node-id=\"34.0\">\u00bfC\u00f3mo fue el proceso de crear a Mila Kovac, la protagonista?<\/strong><\/p>\n<p data-journey-content=\"true\" data-node-id=\"36\" class=\"css-6wxqfj emevuu60\">Ha sido uno de los personajes m\u00e1s complejos a los que me he enfrentado. El propio t\u00edtulo lo indica, \u00bfno? Esa dama de la niebla que se la conoce as\u00ed no solo porque conduce muy bien en esas condiciones, sino porque es muy misteriosa y enigm\u00e1tica. Fue un poco peliagudo, ya que lo que t\u00fa siempre pretendes como autora es que el lector empatice con ella. No obstante, esa relaci\u00f3n es complicada cuando no puedes darle todos los datos ni contarle qui\u00e9n es, de d\u00f3nde viene o por qu\u00e9 act\u00faa como act\u00faa. Hay veces que tienes que construir personajes que van evolucionando, y en este caso m\u00e1s bien lo vas destapando. <\/p>\n<p data-journey-content=\"true\" data-node-id=\"38\" class=\"css-6wxqfj emevuu60\"><strong data-node-id=\"38.0\">\u00bfDir\u00edas que es lo que m\u00e1s te cost\u00f3 escribir de la novela?<\/strong><\/p>\n<p data-journey-content=\"true\" data-node-id=\"40\" class=\"css-6wxqfj emevuu60\">S\u00ed, pero tambi\u00e9n toda la parte de las escenas de carreras y las m\u00e1s relacionadas con el automovilismo puro y duro. Para m\u00ed es un mundo bastante ajeno, por lo que fue dif\u00edcil, y adem\u00e1s no quer\u00eda que fuese un libro que oliese a gasolina o que hablase de cilindros, revoluciones y carburadores. Sin embargo, ten\u00eda que conocer bien cu\u00e1les eran los intr\u00edngulis t\u00e9cnicos de todo esto, como qu\u00e9 hacer cuando uno llega a una curva. Creo que lo he conseguido porque siempre pregunto: \u2018\u2018Oye, \u00bfqu\u00e9 tal las escenas de carreras?\u2019\u2019 y me contestan: \u2018\u2018Se me pon\u00eda la piel de gallina\u2019\u2019. Era lo que quer\u00eda.  <\/p>\n<p data-journey-content=\"true\" data-node-id=\"42\" class=\"css-6wxqfj emevuu60\"><strong data-node-id=\"42.0\">\u00bfCu\u00e1les son las escenas que m\u00e1s has disfrutado escribiendo?<\/strong><\/p>\n<p data-journey-content=\"true\" data-node-id=\"44\" class=\"css-6wxqfj emevuu60\">Cuando la protagonista, que est\u00e1 un poco harta de todo lo que le rodea, huye y se refugia en una peque\u00f1a caba\u00f1a de la isla. All\u00ed hay dos mujeres encantadoras que le ponen tarta de manzana, le sirven t\u00e9, el aire huele a vela de lavanda&#8230; En definitiva, la descripci\u00f3n de todas esas atm\u00f3sferas \u00edntimas y acogedoras.<\/p>\n<p data-journey-content=\"true\" data-node-id=\"46\" class=\"css-6wxqfj emevuu60\"><strong data-node-id=\"46.0\">Si hay algo que tienen tanto tus anteriores novelas como \u2018La dama de la niebla\u2019 es un gran trabajo de investigaci\u00f3n y documentaci\u00f3n. <\/strong><\/p>\n<p data-journey-content=\"true\" data-node-id=\"48\" class=\"css-6wxqfj emevuu60\">A veces el trabajo es 50\/50. Si pienso en \u2018El invierno en tu rostro\u2019, casi fue m\u00e1s de investigaci\u00f3n que de escritura. En el caso de \u2018La dama de la niebla\u2019, fueron seis meses de investigaci\u00f3n y otros seis de escritura. Este trabajo preparatorio previo es fundamental para que luego la escritura fluya. Aparte que lo disfruto mucho. Me encanta, soy una historiadora frustrada y esta es una forma de satisfacer mi curiosidad. Hay veces que digo: \u2018\u2018Deja de investigar, que esto realmente lo est\u00e1s haciendo por gusto y no lo necesitas para la novela\u2019\u2019 [r\u00ede]. <\/p>\n<p>Ed. Debolsillo \u2018El invierno en tu rostro\u2019<\/p>\n<p><a target=\"_blank\" rel=\"nofollow noopener\" data-theme-key=\"product-image-wrapper\" href=\"https:\/\/www.amazon.es\/dp\/8466340629?tag=cosmospain-21\" aria-label=\"12\u00a0\u20ac en Amazon for \u2018El invierno en tu rostro\u2019\" data-href=\"https:\/\/www.amazon.es\/dp\/8466340629\" data-product-url=\"https:\/\/www.amazon.es\/dp\/8466340629\" data-affiliate=\"true\" data-affiliate-url=\"https:\/\/www.amazon.es\/dp\/8466340629?tag=cosmospain-21\" data-affiliate-network=\"{&quot;afflink_redirect&quot;:&quot;\/_p\/afflink\/xxa5\/amazon-el-invierno-en-tu-rostro&quot;,&quot;site_id&quot;:&quot;12011353-0ac8-495b-87d1-541056f96655&quot;,&quot;network&quot;:{&quot;name&quot;:&quot;Amazon&quot;},&quot;metadata&quot;:{&quot;links&quot;:{&quot;default&quot;:&quot;https:\/\/www.amazon.es\/dp\/8466340629?tag=cosmospain-21&quot;}}}\" data-vars-ga-call-to-action=\"12\u00a0\u20ac en Amazon\" data-vars-ga-media-role=\"\" data-vars-ga-media-type=\"Single Product Embed\" data-vars-ga-outbound-link=\"https:\/\/www.amazon.es\/dp\/8466340629\" data-vars-ga-product-brand=\"Ed. Debolsillo\" data-vars-ga-product-id=\"c0cf675c-3ae4-4e35-9d4b-a1bcb3131b92\" data-vars-ga-product-price=\"12,30\u00a0\u20ac\" data-vars-ga-product-retailer-id=\"29778ea2-4d0f-406c-a87c-1dd0046a3c43\" data-vars-ga-product-sem3-brand=\"Debolsillo\" data-vars-ga-product-sem3-category=\"Historia del siglo XX y XXI\" data-vars-ga-link-treatment=\"(not set) | (not set)\" data-vars-ga-sku=\"8466340629\" data-vars-ga-magento-tracking=\"1\" class=\"product-image-link ebgq4gw2 e1b8bpvs0 css-g6od0w e1c1bym14\"><img  alt=\"\u2018El invierno en tu rostro\u2019\" title=\"\u2018El invierno en tu rostro\u2019\" src=\"https:\/\/www.europesays.com\/es\/wp-content\/uploads\/2025\/09\/1758022772-81bvrYwQsL.jpg\" width=\"1684\" height=\"2560\" decoding=\"async\" loading=\"lazy\"\/><\/a><\/p>\n<p data-journey-content=\"true\" data-node-id=\"51\" class=\"css-6wxqfj emevuu60\"><strong data-node-id=\"51.0\">Tus novelas, adem\u00e1s, suelen estar ambientadas en conflictos b\u00e9licos.<\/strong><\/p>\n<p data-journey-content=\"true\" data-node-id=\"53\" class=\"css-6wxqfj emevuu60\">S\u00ed. No son novelas b\u00e9licas o de guerra, pero s\u00ed sucedidas en un entorno de guerra. Me gusta imaginarme qu\u00e9 es lo que la gente hac\u00eda en esos momentos, porque como madre me pregunto muchas veces c\u00f3mo har\u00eda si tuviera que lidiar con esta situaci\u00f3n, con una cartilla de racionamiento, con bombas cayendo a pie de calle, con familiares, hijos, padres, hermanos que se marchan al frente&#8230; Hago esta investigaci\u00f3n a trav\u00e9s de los personajes. Adem\u00e1s, creo que son contextos que te ofrecen un mont\u00f3n de ingredientes para crear ese tipo de historias en las que todo es extremo. De la misma manera, son periodos que me cuesta comprender. Se acaban de cumplir 80 a\u00f1os del fin de la Segunda Guerra Mundial \u2014todav\u00eda hay gente viva que pas\u00f3 por esta etapa\u2014, pero \u00bfc\u00f3mo es posible que sean sociedades tan parecidas a la nuestra? Asumimos que los medievales eran unos salvajes, los romanos tambi\u00e9n. Pero esta gente era muy parecida a nosotros. Luego, lamentablemente, abres el peri\u00f3dico hoy en d\u00eda y dices: \u2018\u2018Lo entiendo, hay cosas parecidas\u2019\u2019. <\/p>\n<blockquote data-theme-key=\"pullquote\" class=\"css-1p3hlt2 e1pe3zr91\">\n<blockquote class=\"css-thts2p e1pe3zr90\"><p>\u2018\u2018A veces el trabajo de un libro es 50\/50. En \u2018La dama de la niebla\u2019, fueron seis meses de investigaci\u00f3n y otros seis de escritura\u2019\u2019<\/p><\/blockquote>\n<\/blockquote>\n<p data-journey-content=\"true\" data-node-id=\"56\" class=\"css-6wxqfj emevuu60\"><strong data-node-id=\"56.0\">En tus obras tambi\u00e9n hay un punto de empoderamiento femenino. \u00bfHay intencionalidad en ello?<\/strong><\/p>\n<p data-journey-content=\"true\" data-node-id=\"58\" class=\"css-6wxqfj emevuu60\">Es una mezcla de las dos respuestas posibles. Por un lado, yo creo que, no hablo de deber, pero s\u00ed creo que los que tenemos algo de voz, y la tenemos a trav\u00e9s de historias, debemos sacar a la luz estos personajes, a estas mujeres que a lo largo de la historia han quedado ocultas. No hay que negar que el relato hist\u00f3rico es eminentemente masculino. Es as\u00ed c\u00f3mo se ha construido, pese a que han existido muchas mujeres que a lo largo de la historia han conseguido logros impresionantes. \u2018La dama de la niebla\u2019 es un caso: nadie o muy poca gente hab\u00eda o\u00eddo hablar de estas mujeres pilotos, se sabe muy poquito de ellas. Investigando incluso me encontraba con casos de que no se sabe ni cu\u00e1ndo han nacido ni c\u00f3mo han muerto. Una vez que su aparici\u00f3n en el mundo del deporte desaparec\u00eda, ya no se sab\u00eda m\u00e1s de ellas. Creo que es nuestro deber el sacarlas a la luz, el darles el cr\u00e9dito que se merecen, el reconocer su esfuerzo; tambi\u00e9n para que sirvan como ejemplo para las generaciones que vienen despu\u00e9s. Si ellas pudieron en los a\u00f1os 30, t\u00fa tambi\u00e9n puedes ahora, \u00bfno? Es importante este feminismo activo de hoy en d\u00eda, de salir a la calle, manifestarte y exigir nuestros derechos, pero esto tambi\u00e9n es parte del feminismo. Antes de nosotras ha habido mujeres que en circunstancias mucho m\u00e1s complicadas han conseguido el logro que todav\u00eda hoy est\u00e1 por conseguir. <\/p>\n<p><img draggable=\"true\" alt=\"a woman holds a book while leaning on a vintage red car\" title=\"a woman holds a book while leaning on a vintage red car\" loading=\"lazy\" width=\"5652\" height=\"3352\" decoding=\"async\" data-nimg=\"1\" style=\"color:transparent;width:100%;height:auto;\"   src=\"https:\/\/www.europesays.com\/es\/wp-content\/uploads\/2025\/09\/carla-montero-c-carlos-ruiz-b-k-04-68c94d5b8bc99.jpg\" class=\"css-0 e1g79fud0\"\/><\/p>\n<p>Carlos Ruiz B.k<\/p>\n<p data-journey-content=\"true\" data-node-id=\"61\" class=\"css-6wxqfj emevuu60\"><strong data-node-id=\"61.0\">Todos los autores con los que hemos hablado coinciden en algo: cada libro que escriben les ense\u00f1a algo a nivel personal. \u00bfQu\u00e9 te ha ense\u00f1ado a ti \u2018La dama de la niebla\u2019?<\/strong><\/p>\n<p data-journey-content=\"true\" data-node-id=\"63\" class=\"css-6wxqfj emevuu60\">Cada libro para m\u00ed es un proceso de enriquecimiento personal brutal. A m\u00ed lo que me ha ense\u00f1ado este, y creo que ya lo he ido apuntando despu\u00e9s del rollo que te he soltado [r\u00ede], es que s\u00ed se puede. \u00a1Sobre todo viendo la trayectoria de mujeres que lo ten\u00edan todo en contra para destacar en un mundo de hombres! Hay una frase de un piloto que corr\u00eda con ellas que dec\u00eda: \u2018\u2018Fuera de la pista nosotros las perseguimos a ellas, y ellas nos persiguen a nosotros dentro\u2019\u2019. \u00a1Como si estuvieran aqu\u00ed de relleno! Otro cada vez que las adelantaba les tiraba besos&#8230; Eran un adorno y nunca reconocieron verdaderamente sus m\u00e9ritos deportivos. Entonces, yo creo que estas mujeres pilotos que lucharon as\u00ed destacaron que s\u00ed se puede.<\/p>\n<p data-journey-content=\"true\" data-node-id=\"65\" class=\"css-6wxqfj emevuu60\"><strong data-node-id=\"65.0\">No pod\u00eda faltarnos la \u00faltima pregunta. \u00bfYa est\u00e1s preparando tu siguiente libro?<\/strong><\/p>\n<p data-journey-content=\"true\" data-node-id=\"67\" class=\"css-6wxqfj emevuu60\">La verdad es que no. Soy completamente sincera, porque es cierto que esto ha sido todo muy r\u00e1pido. Hace menos de un a\u00f1o y medio que publiqu\u00e9 el anterior, y casi se ha solapado la promoci\u00f3n del anterior con empezar a escribir este. Necesito un tiempo de tomar distancia de las historias, ya que son meses de convivencia muy intensa con personajes, escenarios y tramas, y necesitas darte ese espacio para abordar el siguiente proyecto. Siempre hay ideas, aunque necesito esta pausa.<\/p>\n<p>+ sobre libros<img src=\"https:\/\/www.europesays.com\/es\/wp-content\/uploads\/2025\/09\/1758273425_928_6c690464-e4b2-40c3-b650-d35b2523df39_1646988809.file\" alt=\"Headshot of Nerea Panicello\" title=\"Headshot of Nerea Panicello\" width=\"100%\" height=\"100%\" decoding=\"async\" loading=\"lazy\" class=\"css-o0wq4v ev8dhu53\"\/><\/p>\n<p>Nerea Panicello es experta en m\u00fasica, series y redes sociales. No hay canci\u00f3n pop que no haya pasado por los auriculares que siempre lleva puestos, entrega de premios Grammy o MTV VMA\u2019s que no haya cubierto en directo o festival al que se haya quedado con ganas de ir. Tampoco ficci\u00f3n (serie o pel\u00edcula) de Netflix o HBO Max de la que no se obsesione con el reparto y busque todas las teor\u00edas de los fans. Ni reel de Instagram o v\u00eddeo de TikTok viral que no haya recibido su \u2018iike\u2019. Su carpeta de guardados en IG est\u00e1 repleta de ideas para crear contenido.<\/p>\n<p>Su momento favorito de la jornada laboral es cuando se sienta frente al artista o int\u00e9rprete de turno para someterle a sus preguntas o a unos de los retos en v\u00eddeo de COSMOPOLITAN. Ha entrevistado a cantantes como Lola \u00cdndigo, Rauw Alejandro, Camilo o la banda Morat. Tambi\u00e9n a actrices como Claudia Jessie (\u2018Bridgerton\u2019), Kristen Stewart o Maisie Williams. Aunque siempre recordar\u00e1 sus cinco minutos de gloria con los Jonas Brothers.<\/p>\n<p>Nerea se gradu\u00f3 en Periodismo por la Universidad Rey Juan Carlos en 2018. Antes de colocarse el birrete, realiz\u00f3 pr\u00e1cticas durante 2017 en la Revista de Ana Rosa Quintana. Lleva formando parte de Cosmopolitan desde 2018. Actualmente est\u00e1 terminando un M\u00e1ster de Periodismo Digital y Nuevos Perfiles en la Universidad Rey Juan Carlos. En sus ratos libre, recibe clases de lengua musical y bater\u00eda para seguir mostrando lo que no se ve las canciones.<\/p>\n<p>Acumula seis a\u00f1os de experiencia, en los que ha elaborado temas para sus versiones \u2019print\u2019, diariamente en digital y ejercido de Community Manager en cuantiosas ocasiones. \u00a0<\/p>\n","protected":false},"excerpt":{"rendered":"Leer a Carla Montero (Madrid, 1973) es darse un respiro de la realidad. Es una oportunidad de viajar&hellip;\n","protected":false},"author":2,"featured_media":124843,"comment_status":"","ping_status":"","sticky":false,"template":"","format":"standard","meta":{"footnotes":""},"categories":[172],"tags":[224,1180,146,147,25,24,225,23],"class_list":{"0":"post-124842","1":"post","2":"type-post","3":"status-publish","4":"format-standard","5":"has-post-thumbnail","7":"category-libros","8":"tag-books","9":"tag-editorial","10":"tag-entertainment","11":"tag-entretenimiento","12":"tag-es","13":"tag-espana","14":"tag-libros","15":"tag-spain"},"share_on_mastodon":{"url":"","error":""},"_links":{"self":[{"href":"https:\/\/www.europesays.com\/es\/wp-json\/wp\/v2\/posts\/124842","targetHints":{"allow":["GET"]}}],"collection":[{"href":"https:\/\/www.europesays.com\/es\/wp-json\/wp\/v2\/posts"}],"about":[{"href":"https:\/\/www.europesays.com\/es\/wp-json\/wp\/v2\/types\/post"}],"author":[{"embeddable":true,"href":"https:\/\/www.europesays.com\/es\/wp-json\/wp\/v2\/users\/2"}],"replies":[{"embeddable":true,"href":"https:\/\/www.europesays.com\/es\/wp-json\/wp\/v2\/comments?post=124842"}],"version-history":[{"count":0,"href":"https:\/\/www.europesays.com\/es\/wp-json\/wp\/v2\/posts\/124842\/revisions"}],"wp:featuredmedia":[{"embeddable":true,"href":"https:\/\/www.europesays.com\/es\/wp-json\/wp\/v2\/media\/124843"}],"wp:attachment":[{"href":"https:\/\/www.europesays.com\/es\/wp-json\/wp\/v2\/media?parent=124842"}],"wp:term":[{"taxonomy":"category","embeddable":true,"href":"https:\/\/www.europesays.com\/es\/wp-json\/wp\/v2\/categories?post=124842"},{"taxonomy":"post_tag","embeddable":true,"href":"https:\/\/www.europesays.com\/es\/wp-json\/wp\/v2\/tags?post=124842"}],"curies":[{"name":"wp","href":"https:\/\/api.w.org\/{rel}","templated":true}]}}