{"id":124860,"date":"2025-09-19T09:26:10","date_gmt":"2025-09-19T09:26:10","guid":{"rendered":"https:\/\/www.europesays.com\/es\/124860\/"},"modified":"2025-09-19T09:26:10","modified_gmt":"2025-09-19T09:26:10","slug":"mas-de-50-eurodiputados-piden-a-la-uer-excluir-a-israel-de-eurovision-por-el-conflicto-en-gaza","status":"publish","type":"post","link":"https:\/\/www.europesays.com\/es\/124860\/","title":{"rendered":"M\u00e1s de 50 eurodiputados piden a la UER excluir a Israel de Eurovisi\u00f3n por el conflicto en Gaza"},"content":{"rendered":"\n<p> M\u00e1s de cincuenta eurodiputados <strong>del bloque progresista del Parlamento Europeo<\/strong> urgieron este jueves a la <a href=\"https:\/\/www.elconfidencial.com\/amp\/television\/eurovision\/2025-09-17\/1qrt-espana-paises-participara-eurovision-israel_4210571\/\" target=\"_self\" rel=\"nofollow noopener\">Uni\u00f3n Europea de Radiodifusi\u00f3n (UER)<\/a> a que expulse a Israel del pr\u00f3ximo Festival de Eurovisi\u00f3n por <strong>su asedio a la Franja de Gaza,<\/strong> que la Comisi\u00f3n Internacional Independiente de Investigaci\u00f3n de la ONU ha calificado de genocidio. <\/p>\n<p> La carta, que firman<strong> hasta 55 eurodiputados<\/strong> de los grupos socialdem\u00f3crata, liberal, verde y de la izquierda de 15 pa\u00edses diferentes, reclama a la UER que no permita que un evento cultural europeo \u00abcon visibilidad global\u00bb se use como plataforma para <strong>el \u00abblanqueo y la normalizaci\u00f3n cultural\u00bb<\/strong> de un pa\u00eds \u00abbajo investigaci\u00f3n <a href=\"https:\/\/www.elconfidencial.com\/mundo\/2025-09-16\/comision-ddhh-onu-israel-gemocidio-palestinos-gaza_4209797\/\" target=\"_self\" rel=\"nofollow noopener\">por posibles cr\u00edmenes de genocidio<\/a>\u00bb como Israel. <\/p>\n<p> La iniciativa de enviar la carta a la UER parti\u00f3 de los espa\u00f1oles <strong>Jaume Asens<\/strong> (Comunes), <strong>Estrella Gal\u00e1n<\/strong> (Sumar) y <strong>Vicent Marz\u00e0<\/strong> (Comprom\u00eds), y a ella se han sumado otros diputados espa\u00f1oles, como Oihane Agirregoitia (PNV), Ana Miranda (BNG), C\u00e9sar Luena, Laura Ballar\u00edn y Leire Paj\u00edn (los tres del PSOE), Diana Riba (ERC), Irene Montero, Isa Serra (ambas de Podemos) y Pernando Barrena (Bildu). <\/p>\n<p> En la misiva, los eurodiputados recuerdan que la UER <strong>excluy\u00f3 en 2022 a Rusia<\/strong> por su invasi\u00f3n ilegal de Ucrania debido a que \u00absu participaci\u00f3n desacreditar\u00eda<a href=\"https:\/\/www.elconfidencial.com\/mundo\/2025-09-17\/kaja-kallas-no-participar-eurovision-erroneas-castigan-pueblo-israeli_4211157\/\" target=\"_self\" rel=\"nofollow noopener\"> la reputaci\u00f3n del concurso\u00bb<\/a>, y apuntan a que el contexto de hoy es \u00aban\u00e1logo\u00bb, por lo que el mismo criterio <strong>se deber\u00eda aplicar a Israel.<\/strong> <\/p>\n<p>              <img decoding=\"async\" class=\"inTextNews__img\" alt=\"Foto: kaja-kallas-no-participar-eurovision-erroneas-castigan-pueblo-israeli\" src=\"https:\/\/www.europesays.com\/es\/wp-content\/uploads\/2025\/09\/f.elconfidencial.com\/original\/da5\/457\/040\/da5457040287f95961e25c219df7fa4c.jpg\"  \/>     <\/p>\n<p>TE PUEDE INTERESAR<\/p>\n<p>      <a class=\"inTextNews__title\" href=\"https:\/\/www.elconfidencial.com\/mundo\/2025-09-17\/kaja-kallas-no-participar-eurovision-erroneas-castigan-pueblo-israeli_4211157\/\" onclick=\"window.ECCO.emit(&#039;amplitude&#039;, { dataEventName: &#039;click_related_article_module&#039;, data: { related_article_url: &#039;https:\/\/www.elconfidencial.com\/mundo\/2025-09-17\/kaja-kallas-no-participar-eurovision-erroneas-castigan-pueblo-israeli_4211157\/&#039;, related_article_author: &#039;Marta Mart\u00ednez&#039;, related_article_section: &#039;mundo&#039; } })\" rel=\"nofollow noopener\" target=\"_blank\"> Kaja Kallas afirma que medidas como no participar en Eurovisi\u00f3n \u00abson err\u00f3neas y castigan al pueblo israel\u00ed\u00bb <\/a>   <\/p>\n<p>    EFE   <\/p>\n<p> \u00abDada nuestra responsabilidad con la paz y los derechos humanos, instamos a la UER<strong> a suspender la participaci\u00f3n de Israel<\/strong> en <a href=\"https:\/\/www.elconfidencial.com\/television\/eurovision\/2025-09-16\/eurovision-rtve-presidente-jose-pablo-lopez-israel-gaza_4210258\/\" target=\"_self\" rel=\"nofollow noopener\">el Festival de Eurovisi\u00f3n <\/a>hasta que se garantice el pleno respeto por <strong>el derecho internacional humanitario<\/strong> y los derechos fundamentales\u00bb, inciden. <\/p>\n<p> Adem\u00e1s, la carta pide a la UER a que establezca \u00abcriterios claros y transparentes<strong> basados en los derechos humanos<\/strong>\u00bb sobre la admisi\u00f3n y exclusi\u00f3n de pa\u00edses en el festival, as\u00ed como a que<a href=\"https:\/\/www.elconfidencial.com\/espana\/2025-09-16\/rtve-eleva-la-presion-y-espana-no-ira-a-eurovision-si-israel-participa_4209829\/\" target=\"_self\" rel=\"nofollow noopener\"> act\u00fae de forma consistente y responsable<\/a> y \u00abdemuestre que la \u00e9tica y los derechos humanos <strong>no son negociables<\/strong> en la cultura y los valores europeos\u00bb. <\/p>\n<p> Hasta ahora, <strong>cinco pa\u00edses europeos<\/strong> (Espa\u00f1a, Irlanda, Pa\u00edses Bajos, Eslovenia e Islandia -esta \u00faltima no miembro de la UE-) han decidido no participar en la pr\u00f3xima edici\u00f3n de Eurovisi\u00f3n, que se celebrar\u00e1 en mayo de 2026 en Suiza si Israel participa. La <a href=\"https:\/\/www.elconfidencial.com\/television\/eurovision\/2025-09-16\/eurovision-espana-abandono-israel-tve_4209999\/\" target=\"_self\" rel=\"nofollow noopener\">Corporaci\u00f3n Radiotelevisi\u00f3n Espa\u00f1ola (RTVE)<\/a> anunci\u00f3 su decisi\u00f3n en este sentido el pasado martes. <\/p>\n<p> M\u00e1s de cincuenta eurodiputados <strong>del bloque progresista del Parlamento Europeo<\/strong> urgieron este jueves a la <a href=\"https:\/\/www.elconfidencial.com\/amp\/television\/eurovision\/2025-09-17\/1qrt-espana-paises-participara-eurovision-israel_4210571\/\" target=\"_self\" rel=\"nofollow noopener\">Uni\u00f3n Europea de Radiodifusi\u00f3n (UER)<\/a> a que expulse a Israel del pr\u00f3ximo Festival de Eurovisi\u00f3n por <strong>su asedio a la Franja de Gaza,<\/strong> que la Comisi\u00f3n Internacional Independiente de Investigaci\u00f3n de la ONU ha calificado de genocidio. <\/p>\n","protected":false},"excerpt":{"rendered":"M\u00e1s de cincuenta eurodiputados del bloque progresista del Parlamento Europeo urgieron este jueves a la Uni\u00f3n Europea de&hellip;\n","protected":false},"author":2,"featured_media":124861,"comment_status":"","ping_status":"","sticky":false,"template":"","format":"standard","meta":{"footnotes":""},"categories":[42],"tags":[17,18,13,14,11,61,62,63,64,19,20,9,10,15,16,12,21,22,65,66,67],"class_list":{"0":"post-124860","1":"post","2":"type-post","3":"status-publish","4":"format-standard","5":"has-post-thumbnail","7":"category-internacional","8":"tag-breaking-news","9":"tag-breakingnews","10":"tag-featured-news","11":"tag-featurednews","12":"tag-headlines","13":"tag-internacional","14":"tag-international","15":"tag-international-news","16":"tag-internationalnews","17":"tag-latest-news","18":"tag-latestnews","19":"tag-news","20":"tag-noticias","21":"tag-noticias-destacadas","22":"tag-noticiasdestacadas","23":"tag-titulares","24":"tag-ultimas-noticias","25":"tag-ultimasnoticias","26":"tag-world","27":"tag-world-news","28":"tag-worldnews"},"share_on_mastodon":{"url":"","error":""},"_links":{"self":[{"href":"https:\/\/www.europesays.com\/es\/wp-json\/wp\/v2\/posts\/124860","targetHints":{"allow":["GET"]}}],"collection":[{"href":"https:\/\/www.europesays.com\/es\/wp-json\/wp\/v2\/posts"}],"about":[{"href":"https:\/\/www.europesays.com\/es\/wp-json\/wp\/v2\/types\/post"}],"author":[{"embeddable":true,"href":"https:\/\/www.europesays.com\/es\/wp-json\/wp\/v2\/users\/2"}],"replies":[{"embeddable":true,"href":"https:\/\/www.europesays.com\/es\/wp-json\/wp\/v2\/comments?post=124860"}],"version-history":[{"count":0,"href":"https:\/\/www.europesays.com\/es\/wp-json\/wp\/v2\/posts\/124860\/revisions"}],"wp:featuredmedia":[{"embeddable":true,"href":"https:\/\/www.europesays.com\/es\/wp-json\/wp\/v2\/media\/124861"}],"wp:attachment":[{"href":"https:\/\/www.europesays.com\/es\/wp-json\/wp\/v2\/media?parent=124860"}],"wp:term":[{"taxonomy":"category","embeddable":true,"href":"https:\/\/www.europesays.com\/es\/wp-json\/wp\/v2\/categories?post=124860"},{"taxonomy":"post_tag","embeddable":true,"href":"https:\/\/www.europesays.com\/es\/wp-json\/wp\/v2\/tags?post=124860"}],"curies":[{"name":"wp","href":"https:\/\/api.w.org\/{rel}","templated":true}]}}