{"id":124862,"date":"2025-09-19T09:27:07","date_gmt":"2025-09-19T09:27:07","guid":{"rendered":"https:\/\/www.europesays.com\/es\/124862\/"},"modified":"2025-09-19T09:27:07","modified_gmt":"2025-09-19T09:27:07","slug":"orden-de-evaluacion-del-alumnado-de-los-grados-d-y-e-del-sistema-de-fp-en-andalucia-anpe-andalucia","status":"publish","type":"post","link":"https:\/\/www.europesays.com\/es\/124862\/","title":{"rendered":"Orden de evaluaci\u00f3n del alumnado de los grados D y E del sistema de FP en Andaluc\u00eda &#8211; ANPE Andaluc\u00eda"},"content":{"rendered":"<ol>\n<li><a href=\"https:\/\/news.google.com\/rss\/articles\/CBMizAFBVV95cUxNamkyMVVxQUJENlZlNzUxbll3Q2U2SC0zOFlsMm1Tb2VLcE9QUUZSa3lrWFlRVUZ5RVlzQ0NaVndnVU9VNFRnaU5NSUtYbWVJUUE4T0EwbTZ0LU0xX1NELW1HaVNlTFNjR2xmRTJTU1ZnM1MtZy1LTWQwZWF3cWdkSk1Tc0VQc0tCNXIxMFNLRXo4dXVBM2VNcGtEVFZCc2cybzBwVEhDWUhaYjY1QWM4eDlIV3lVa2gxYlpNUGpoMkE1WExzVUJFaG5XY3Q?oc=5\" target=\"_blank\" rel=\"nofollow noopener\">Orden de evaluaci\u00f3n del alumnado de los grados D y E del sistema de FP en Andaluc\u00eda<\/a>&nbsp;&nbsp;ANPE Andaluc\u00eda<\/li>\n<li><a href=\"https:\/\/news.google.com\/rss\/articles\/CBMi3gFBVV95cUxOcFBZbGlITGlBQzJyX0xmNTI5d19tS3FtNmVFVXdRT0hwWG5Na0JIaVdySTRIQ0wxSUtZTXFVRWlWd2VnTzFwUnpnU3pUTjItdGhYNTgxN3dBc2hTTHp5Ym5jdXk0WHE2VEdqWkNfc1hpTDdhSVJJU1JLZ1o5SVpOZlg0d3MyS05oR1ZZMW5QS0g0YmlQNC1qTFgtMTVWOF82TUo3cElvY2VkX0doNlUzYkRBYm1nM0pjSTRwbDdwNjRiSTM1SnFzNGxxTGIyWmtfR1VVMi1saUVSRUpKbmc?oc=5\" target=\"_blank\" rel=\"nofollow noopener\">Decreto de ordenaci\u00f3n de las ense\u00f1anzas de los grados D y E del sistema de FP en Andaluc\u00eda<\/a>&nbsp;&nbsp;ANPE Andaluc\u00eda<\/li>\n<li><a href=\"https:\/\/news.google.com\/rss\/articles\/CBMiaEFVX3lxTE94Z2puT19XbnJQck5ONUlvS3NLQVRndEYxNmp4LVVaa3lpd0E0R1FCVUc4OWR2TWppNHdFU3g3S0VDekN1X0VLUlhVLTJCemRzMFZkS0JGeGhkd3RoaHBvTFVjalRKaTI4?oc=5\" target=\"_blank\" rel=\"nofollow noopener\">Decreto 147\/2025 que ordena los Grados D y E de FP<\/a>&nbsp;&nbsp;CSIF<\/li>\n<li><a href=\"https:\/\/news.google.com\/rss\/articles\/CBMigwFBVV95cUxOVDlkMUdBa1RGbFJkLTdzQndYVl9KZUpacHFMRnNoc2cxc1h2Z0hfYWNkSDRTdEkzT19WaVJJRzBaTWNPR1pMVlI2Z3ZWS3RZU2xDQWZsbGJIMkdMR3lWajBzdjBtX001azNTZElCaHgwU054NElBMWxUZFp2TWZKNFlGUQ?oc=5\" target=\"_blank\" rel=\"nofollow noopener\">Normativa FP: Nuevo Decreto para los Grados D y E.<\/a>&nbsp;&nbsp;USTEA Educaci\u00f3n<\/li>\n<li><a href=\"https:\/\/news.google.com\/rss\/articles\/CBMixAJBVV95cUxOOUhwVUNueHk2bE5qQTEyaHMzMmRyeEV3dm1PVmdjMTBWV3F5MkxoYm91YWVvMjJzREE4enNFOWExODduamstbmZUMExiT0pvbzhRWjZSeHVHOGhXXzFyMGdPdUh1LVd0SktvX3paY3hXYTVoMjNLUzhYYXE2dWhCb2h1by0tZXFERVlRTFdqdFZGRnhIMW5LSE5UTGRVOTdKQzN1REF6UE5iSDRVYVJqZjEzYVB0YU9LRDlIVEtGV3hBbzgyNzlWaEhwZkFlS3F5US13TFp4REdlSEZTdTgxaTRnRG9VX2FwaVVHQ1FNSGNKY1FXV2tVd2N2ZUxxMENBT0hjcHRtS0lEZDlDOGl1RTFzQnZxczVsUXlES2ZBX25SR19md1ZBcmR6dXBhNktKSlNYck9vTkJxUVViY195RVJrdnM?oc=5\" target=\"_blank\" rel=\"nofollow noopener\">Novedades (del 15 al 20 de septiembre)<\/a>&nbsp;&nbsp;CGT Educaci\u00f3n Andaluc\u00eda<\/li>\n<\/ol>\n","protected":false},"excerpt":{"rendered":"Orden de evaluaci\u00f3n del alumnado de los grados D y E del sistema de FP en Andaluc\u00eda&nbsp;&nbsp;ANPE Andaluc\u00eda&hellip;\n","protected":false},"author":2,"featured_media":124863,"comment_status":"","ping_status":"","sticky":false,"template":"","format":"standard","meta":{"footnotes":""},"categories":[8],"tags":[17,18,25,24,13,14,11,19,20,9,10,15,16,40775,23,12,21,22],"class_list":{"0":"post-124862","1":"post","2":"type-post","3":"status-publish","4":"format-standard","5":"has-post-thumbnail","7":"category-espana","8":"tag-breaking-news","9":"tag-breakingnews","10":"tag-es","11":"tag-espana","12":"tag-featured-news","13":"tag-featurednews","14":"tag-headlines","15":"tag-latest-news","16":"tag-latestnews","17":"tag-news","18":"tag-noticias","19":"tag-noticias-destacadas","20":"tag-noticiasdestacadas","21":"tag-orden-de-evaluacion-del-alumnado-de-los-grados-d-y-e-del-sistema-de-fp-en-andalucia","22":"tag-spain","23":"tag-titulares","24":"tag-ultimas-noticias","25":"tag-ultimasnoticias"},"share_on_mastodon":{"url":"","error":""},"_links":{"self":[{"href":"https:\/\/www.europesays.com\/es\/wp-json\/wp\/v2\/posts\/124862","targetHints":{"allow":["GET"]}}],"collection":[{"href":"https:\/\/www.europesays.com\/es\/wp-json\/wp\/v2\/posts"}],"about":[{"href":"https:\/\/www.europesays.com\/es\/wp-json\/wp\/v2\/types\/post"}],"author":[{"embeddable":true,"href":"https:\/\/www.europesays.com\/es\/wp-json\/wp\/v2\/users\/2"}],"replies":[{"embeddable":true,"href":"https:\/\/www.europesays.com\/es\/wp-json\/wp\/v2\/comments?post=124862"}],"version-history":[{"count":0,"href":"https:\/\/www.europesays.com\/es\/wp-json\/wp\/v2\/posts\/124862\/revisions"}],"wp:featuredmedia":[{"embeddable":true,"href":"https:\/\/www.europesays.com\/es\/wp-json\/wp\/v2\/media\/124863"}],"wp:attachment":[{"href":"https:\/\/www.europesays.com\/es\/wp-json\/wp\/v2\/media?parent=124862"}],"wp:term":[{"taxonomy":"category","embeddable":true,"href":"https:\/\/www.europesays.com\/es\/wp-json\/wp\/v2\/categories?post=124862"},{"taxonomy":"post_tag","embeddable":true,"href":"https:\/\/www.europesays.com\/es\/wp-json\/wp\/v2\/tags?post=124862"}],"curies":[{"name":"wp","href":"https:\/\/api.w.org\/{rel}","templated":true}]}}