{"id":124891,"date":"2025-09-19T09:42:14","date_gmt":"2025-09-19T09:42:14","guid":{"rendered":"https:\/\/www.europesays.com\/es\/124891\/"},"modified":"2025-09-19T09:42:14","modified_gmt":"2025-09-19T09:42:14","slug":"rovi-un-claro-mantener-siempre-que-no-pierda-este-nivel","status":"publish","type":"post","link":"https:\/\/www.europesays.com\/es\/124891\/","title":{"rendered":"Rovi, un \u00abclaro mantener\u00bb, siempre que no pierda este nivel"},"content":{"rendered":"<p><strong>El mercado financiero actual <\/strong>presenta una situaci\u00f3n parad\u00f3jica que contradice las expectativas tradicionales. Seg\u00fan el an\u00e1lisis de Marc Ribes, cofundador y CEO de Blackbird Broker, nos encontramos ante un escenario sin precedentes: la combinaci\u00f3n de altas valoraciones con bajadas de tipos de inter\u00e9s, sin que se haya producido previamente un colapso del mercado.<\/p>\n<p><strong>Escucha aqu\u00ed el an\u00e1lisis del contexto de mercado:<\/strong><\/p>\n<p>Claves de la sesi\u00f3n con Marc Ribes<\/p>\n<p class=\"audio_file-description\">Analizamos el contexto de mercado con Marc Ribes, cofundador y CEO de Blackbird Broker.<\/p>\n<p><strong>Dudas de oyentes: Rovi<\/strong><\/p>\n<p>Rovi: \u00abLo m\u00e1s dif\u00edcil ya lo ha hecho\u00bb<\/p>\n<p class=\"audio_file-description\">Miramos al valor con Marc Ribes, cofundador y CEO de Blackbird Broker.<\/p>\n<p>Escucha aqu\u00ed el consultorio completo con Marc Ribes:Consultorio de bolsa con Marc Ribes<\/p>\n<p class=\"audio_file-description\">Marc Ribes, CEO de Blackbird Broker, analiza la situaci\u00f3n in\u00e9dita que enfrentan los mercados financieros en el contexto actual.<\/p>\n<p>Desmitificando la relaci\u00f3n entre valoraciones y tendencias bajistas<\/p>\n<p>Ribes cuestiona la narrativa dominante que atribuye a las altas valoraciones el desencadenante de tendencias bajistas. \u00abLas tendencias bajistas se suelen producir en momentos de altas valoraciones. Eso s\u00ed que es verdad, pero no cae por las altas valoraciones. Cae cuando se rompe algo o hay una recesi\u00f3n en el mercado\u00bb, explica el experto.<\/p>\n<p>El analista se\u00f1ala que actualmente no se habla de recesi\u00f3n, sino de estanflaci\u00f3n, un escenario que viene comentando desde hace semanas o incluso meses. Esta situaci\u00f3n ha llevado a decisiones inusuales por parte de los bancos centrales, como la modificaci\u00f3n del objetivo de inflaci\u00f3n tanto por la Reserva Federal como por el Banco Central Europeo.<\/p>\n<p>Un fen\u00f3meno sin precedentes en nuestra generaci\u00f3n<\/p>\n<p>\u00abLo que es novedoso, lo que no hab\u00eda pasado antes, al menos en nuestra generaci\u00f3n, es una bajada de tipos de inter\u00e9s en una zona de altas valoraciones\u00bb, destaca Ribes. Tradicionalmente, las bajadas de tipos se producen despu\u00e9s de una ca\u00edda del mercado, cuando las valoraciones ya se han abaratado por el desplome de los activos.<\/p>\n<p>En la coyuntura actual, todos los indicios apuntan a la continuaci\u00f3n de la tendencia alcista, especialmente en compa\u00f1\u00edas c\u00edclicas. Asimismo, se observa un buen tono en el sector de la inteligencia artificial, aunque Ribes advierte que podr\u00eda estar gest\u00e1ndose una burbuja en este \u00e1mbito, aunque \u00aba d\u00eda de hoy desde luego no existe\u00bb.<\/p>\n<p>Perspectivas a corto y medio plazo<\/p>\n<p>A pesar de las perspectivas positivas, el analista no descarta posibles correcciones en el corto plazo tras la reciente recuperaci\u00f3n. Sin embargo, mantiene su visi\u00f3n de continuaci\u00f3n del mercado alcista con posible aceleraci\u00f3n.<\/p>\n<p>Un aspecto interesante que se\u00f1ala es la percepci\u00f3n temporal del mercado. Desde marzo parece que ha habido un ascenso considerable, pero si se toma como referencia enero, el a\u00f1o no ha sido \u00abextraordinariamente positivo\u00bb.<\/p>\n<p>El an\u00e1lisis concluye recordando la intensa intervenci\u00f3n tanto de gobiernos como de bancos centrales que caracteriza el contexto actual, un factor determinante para entender la din\u00e1mica de los mercados financieros contempor\u00e1neos.\u00a0 \u00a0<\/p>\n","protected":false},"excerpt":{"rendered":"El mercado financiero actual presenta una situaci\u00f3n parad\u00f3jica que contradice las expectativas tradicionales. Seg\u00fan el an\u00e1lisis de Marc&hellip;\n","protected":false},"author":2,"featured_media":124892,"comment_status":"","ping_status":"","sticky":false,"template":"","format":"standard","meta":{"footnotes":""},"categories":[170],"tags":[29686,40776,146,147,25,24,40778,184,185,40777,23],"class_list":{"0":"post-124891","1":"post","2":"type-post","3":"status-publish","4":"format-standard","5":"has-post-thumbnail","7":"category-musica","8":"tag-bolsa-espanola","9":"tag-consultorio-de-bolsa","10":"tag-entertainment","11":"tag-entretenimiento","12":"tag-es","13":"tag-espana","14":"tag-marc-ribes","15":"tag-music","16":"tag-musica","17":"tag-rovi","18":"tag-spain"},"share_on_mastodon":{"url":"","error":""},"_links":{"self":[{"href":"https:\/\/www.europesays.com\/es\/wp-json\/wp\/v2\/posts\/124891","targetHints":{"allow":["GET"]}}],"collection":[{"href":"https:\/\/www.europesays.com\/es\/wp-json\/wp\/v2\/posts"}],"about":[{"href":"https:\/\/www.europesays.com\/es\/wp-json\/wp\/v2\/types\/post"}],"author":[{"embeddable":true,"href":"https:\/\/www.europesays.com\/es\/wp-json\/wp\/v2\/users\/2"}],"replies":[{"embeddable":true,"href":"https:\/\/www.europesays.com\/es\/wp-json\/wp\/v2\/comments?post=124891"}],"version-history":[{"count":0,"href":"https:\/\/www.europesays.com\/es\/wp-json\/wp\/v2\/posts\/124891\/revisions"}],"wp:featuredmedia":[{"embeddable":true,"href":"https:\/\/www.europesays.com\/es\/wp-json\/wp\/v2\/media\/124892"}],"wp:attachment":[{"href":"https:\/\/www.europesays.com\/es\/wp-json\/wp\/v2\/media?parent=124891"}],"wp:term":[{"taxonomy":"category","embeddable":true,"href":"https:\/\/www.europesays.com\/es\/wp-json\/wp\/v2\/categories?post=124891"},{"taxonomy":"post_tag","embeddable":true,"href":"https:\/\/www.europesays.com\/es\/wp-json\/wp\/v2\/tags?post=124891"}],"curies":[{"name":"wp","href":"https:\/\/api.w.org\/{rel}","templated":true}]}}