{"id":124897,"date":"2025-09-19T09:45:09","date_gmt":"2025-09-19T09:45:09","guid":{"rendered":"https:\/\/www.europesays.com\/es\/124897\/"},"modified":"2025-09-19T09:45:09","modified_gmt":"2025-09-19T09:45:09","slug":"desarrollan-el-primer-biomarcador-en-sangre-que-anticipa-la-progresion-hacia-el-alzheimer","status":"publish","type":"post","link":"https:\/\/www.europesays.com\/es\/124897\/","title":{"rendered":"Desarrollan \u00abel primer biomarcador en sangre\u00bb que anticipa la progresi\u00f3n hacia el Alzheimer"},"content":{"rendered":"<p>El test aporta \u00abinformaci\u00f3n cl\u00ednica decisiva\u00bb<\/p>\n<p>   BARCELONA, 19 Sep. (EUROPA PRESS) &#8211; <\/p>\n<p>   Una spin-off del Instituto de Investigaci\u00f3n Biom\u00e9dica de Bellvitge (Idibell) de L&#8217;Hospitalet de Llobregat (Barcelona) ha desarrollado \u00abel primer biomarcador en sangre\u00bb capaz de anticipar la progresi\u00f3n del deterioro cognitivo leve hacia la demencia de Alzheimer.<\/p>\n<p>   La compa\u00f1\u00eda, ADmit Therapeutics, ha contado con el Hospital de Bellvitge como centro coordinador cl\u00ednico, y los resultados se han publicado en la revista &#8216;iScience&#8217;, informa Bellvitge en un comunicado de este viernes.<\/p>\n<p>   A diferencia de otros biomarcadores en sangre desarrollados recientemente, que sirven para confirmar la presencia de patolog\u00eda cerebral, el nuevo test (&#8216;Map-AD&#8217;) es pron\u00f3stico y aporta \u00abinformaci\u00f3n cl\u00ednica decisiva\u00bb sobre la evoluci\u00f3n futura de cada paciente.<\/p>\n<p>   El test ha obtenido el marcado CE-IVDR, que certifica que cumple los requisitos de seguridad y eficacia de la Uni\u00f3n Europea y abre la puerta a su aplicaci\u00f3n cl\u00ednica.<\/p>\n<p>INVESTIGACI\u00d3N<\/p>\n<p>   La investigaci\u00f3n ha incluido muestras de pacientes con deterioro cognitivo leve y de personas voluntarias sin afectaci\u00f3n cognitiva, procedentes de varios hospitales catalanes y la Fundaci\u00f3n Cita-Alzheimer de San Sebasti\u00e1n, as\u00ed como de los biobancos de la Universidad de Washington (Estados Unidos) y el Australian Imaging, Biomarker and Lifestyle Study.<\/p>\n<p>   El test consiste en un an\u00e1lisis de sangre cualitativo que mide nuevos biomarcados mitocondriales y los combina con datos cl\u00ednicos para predecir \u00abcon alta precisi\u00f3n\u00bb qu\u00e9 pacientes con deterioro cognitivo leve progresar\u00e1n hacia Alzheimer y cu\u00e1les se mantendr\u00e1n estables.<\/p>\n<p>UNA HERRAMIENTA \u00abFIABLE\u00bb<\/p>\n<p>   El coordinador del estudio y jefe de la Unidad de Memoria del Servicio de Neurolog\u00eda del Hospital de Bellvitge, Jordi Gasc\u00f3n, ha explicado que durante a\u00f1os se pod\u00eda identificar la patolog\u00eda subyacente, pero era \u00abmuy dif\u00edcil\u00bb predecir la evoluci\u00f3n cl\u00ednica.<\/p>\n<p>   \u00abDisponer de una herramienta fiable que anticipe la progresi\u00f3n es un punto de inflexi\u00f3n: nos permite mantener conversaciones m\u00e1s informadas con las familias y guiar mejor las intervenciones, ya sean preventivas, en ensayos cl\u00ednicos o con las nuevas terapias emergentes\u00bb, concluye.<\/p>\n","protected":false},"excerpt":{"rendered":"El test aporta \u00abinformaci\u00f3n cl\u00ednica decisiva\u00bb BARCELONA, 19 Sep. (EUROPA PRESS) &#8211; Una spin-off del Instituto de Investigaci\u00f3n&hellip;\n","protected":false},"author":2,"featured_media":124898,"comment_status":"","ping_status":"","sticky":false,"template":"","format":"standard","meta":{"footnotes":""},"categories":[92],"tags":[25,24,165,166,23],"class_list":{"0":"post-124897","1":"post","2":"type-post","3":"status-publish","4":"format-standard","5":"has-post-thumbnail","7":"category-salud","8":"tag-es","9":"tag-espana","10":"tag-health","11":"tag-salud","12":"tag-spain"},"share_on_mastodon":{"url":"","error":""},"_links":{"self":[{"href":"https:\/\/www.europesays.com\/es\/wp-json\/wp\/v2\/posts\/124897","targetHints":{"allow":["GET"]}}],"collection":[{"href":"https:\/\/www.europesays.com\/es\/wp-json\/wp\/v2\/posts"}],"about":[{"href":"https:\/\/www.europesays.com\/es\/wp-json\/wp\/v2\/types\/post"}],"author":[{"embeddable":true,"href":"https:\/\/www.europesays.com\/es\/wp-json\/wp\/v2\/users\/2"}],"replies":[{"embeddable":true,"href":"https:\/\/www.europesays.com\/es\/wp-json\/wp\/v2\/comments?post=124897"}],"version-history":[{"count":0,"href":"https:\/\/www.europesays.com\/es\/wp-json\/wp\/v2\/posts\/124897\/revisions"}],"wp:featuredmedia":[{"embeddable":true,"href":"https:\/\/www.europesays.com\/es\/wp-json\/wp\/v2\/media\/124898"}],"wp:attachment":[{"href":"https:\/\/www.europesays.com\/es\/wp-json\/wp\/v2\/media?parent=124897"}],"wp:term":[{"taxonomy":"category","embeddable":true,"href":"https:\/\/www.europesays.com\/es\/wp-json\/wp\/v2\/categories?post=124897"},{"taxonomy":"post_tag","embeddable":true,"href":"https:\/\/www.europesays.com\/es\/wp-json\/wp\/v2\/tags?post=124897"}],"curies":[{"name":"wp","href":"https:\/\/api.w.org\/{rel}","templated":true}]}}