{"id":124906,"date":"2025-09-19T09:50:09","date_gmt":"2025-09-19T09:50:09","guid":{"rendered":"https:\/\/www.europesays.com\/es\/124906\/"},"modified":"2025-09-19T09:50:09","modified_gmt":"2025-09-19T09:50:09","slug":"la-jueza-de-la-dana-exige-al-canal-a-punt-y-a-la-generalitat-el-video-del-cecopi-en-la-dana-noticias-de-la-comunidad-valenciana","status":"publish","type":"post","link":"https:\/\/www.europesays.com\/es\/124906\/","title":{"rendered":"La jueza de la dana exige al canal \u00c0 Punt y a la Generalitat el v\u00eddeo del Cecopi en la dana | Noticias de la Comunidad Valenciana"},"content":{"rendered":"<p class=\"\">La jueza de Catarroja (Valencia) que investiga la dana, Nuria Ruiz Tobarra, pide a la televisi\u00f3n p\u00fablica valenciana \u00c0 Punt y a Emergencias de la Generalitat las im\u00e1genes captadas el d\u00eda de la riada en el Cecopi, el \u00f3rgano que se reuni\u00f3 para coordinar la crisis que dej\u00f3 229 muertos el pasado 29 de octubre, seg\u00fan dos autos notificados este viernes. <\/p>\n<p class=\"\">La magistrada busca as\u00ed incorporar a la causa unas im\u00e1genes de \u00c0 Punt que fueron divulgadas por TVE la semana pasada y que mostraban a la exconsejera de Justicia e Interior de la Generalitat, la imputada Salom\u00e9 Pradas, dando instrucciones sobre el env\u00edo del Es Alert, el mensaje masivo a m\u00f3viles que se remiti\u00f3 para avisar a la poblaci\u00f3n de la magnitud de la tragedia. <\/p>\n<p class=\"\">La exconsejera sostuvo en el juzgado el pasado abril, cuando declar\u00f3 como investigada (una condici\u00f3n que le permite mentir), que no tuvo nada que ver con esta notificaci\u00f3n y descarg\u00f3 su responsabilidad en los t\u00e9cnicos. <\/p>\n<blockquote class=\"twitter-tweet\">\n<p lang=\"es\" dir=\"ltr\">\ud83d\udd34 RTVE ha tenido acceso a parte de las conversaciones en el Cecopi el d\u00eda de la DANA durante el receso de mas de una hora. <\/p>\n<p>La grabaci\u00f3n revela que Pradas dio indicaciones reflejadas luego en el mensaje de Es-Alert.<\/p>\n<p>Eran las 7 de la tarde, momento cr\u00edtico de la riada&#8230; y a\u00fan\u2026 <a href=\"https:\/\/t.co\/U5KmMzxfYU\" rel=\"nofollow\">pic.twitter.com\/U5KmMzxfYU<\/a><\/p>\n<p>\u2014 RTVE Noticias (@rtvenoticias) <a href=\"https:\/\/twitter.com\/rtvenoticias\/status\/1965765735315366015?ref_src=twsrc%5Etfw\" rel=\"nofollow noopener\" target=\"_blank\">September 10, 2025<\/a><\/p><\/blockquote>\n<p class=\"\">La solicitud de la magistrada a \u00c0 Punt se produce despu\u00e9s de que la instructora solicitara a la cadena la semana pasada la aportaci\u00f3n voluntaria de la grabaci\u00f3n. Y que el canal se negara aludiendo al secreto profesional. La televisi\u00f3n argumentaba que los responsables de Emergencias de la Generalitat pactaron con \u00c0 Punt captar im\u00e1genes del Cecopi del 29 de octubre como recurso sin emitir el sonido, lo que se denomina un mudo. Y que solo entregar\u00edan este material al juzgado si la instructora lo ped\u00eda de forma imperativa. <\/p>\n<p class=\"\">Ahora, la jueza Tobarra da este paso. Justifica que la reuni\u00f3n del Cecopi \u201cno se celebr\u00f3 a puerta cerrada\u201d. Y que en el encuentro estuvieron presentes o conectados a trav\u00e9s de videoconferencia \u201cpersonas que no eran miembros\u201d de este dispositivo que coordin\u00f3 la crisis, en el que participaron representantes de 29 instituciones municipales, auton\u00f3micas y estatales. \u201cEntraban t\u00e9cnicos a informar de la evoluci\u00f3n de la emergencia\u201d, se\u00f1ala el auto de Ruiz Tobarra. <\/p>\n<p class=\"\">La magistrada desmonta tambi\u00e9n la tesis de la direcci\u00f3n de \u00c0 Punt de que difundir el v\u00eddeo vulnera el secreto profesional. \u201cHa de ponderarse el car\u00e1cter de medio p\u00fablico de \u00c0 Punt, la existencia de un proceso penal [la causa por homicidios y lesiones imprudentes que indaga la jueza], la ponderaci\u00f3n de intereses en conflicto y el contenido de las grabaciones aportadas hasta el momento\u201d, alega la jueza. <\/p>\n<p class=\"\">En un segundo auto, la jueza pide a una productora externa contratada por Emergencias de la Generalitat la grabaci\u00f3n que hizo uno de sus operadores en el Cecopi de la dana. En diez meses de instrucci\u00f3n, el Consell neg\u00f3 a la instructora tener de este material. El subdirector general de Emergencias auton\u00f3mico, Jorge Su\u00e1rez, indic\u00f3 tambi\u00e9n que la administraci\u00f3n carec\u00eda de este bruto, seg\u00fan una respuesta en diciembre a una petici\u00f3n de Transparencia de EL PA\u00cdS. La jueza tambi\u00e9n solicita estas im\u00e1genes a Emergencias despu\u00e9s de que el consejero Juan Carlos Valderrama se ofreciera a facilit\u00e1rselas al juzgado tras conocerse que el Consell ocult\u00f3 esta informaci\u00f3n. <\/p>\n<p class=\"\">Acreditar que Pradas incurri\u00f3 en una contradicci\u00f3n en el juzgado de Catarroja al descargar la responsabilidad del aviso en los t\u00e9cnicos no es balad\u00ed. La jueza considera que, si la notificaci\u00f3n se hubiera enviado antes, se habr\u00edan salvado vidas. El mensaje se col\u00f3 en los m\u00f3viles el d\u00eda de la desgracia a las 20.11 horas, cuando se amontonaban los muertos, fallecidos y personas atrapadas en plantas bajas y garajes. <\/p>\n<p><script async src=\"https:\/\/platform.twitter.com\/widgets.js\" charset=\"utf-8\"><\/script><\/p>\n","protected":false},"excerpt":{"rendered":"La jueza de Catarroja (Valencia) que investiga la dana, Nuria Ruiz Tobarra, pide a la televisi\u00f3n p\u00fablica valenciana&hellip;\n","protected":false},"author":2,"featured_media":124907,"comment_status":"","ping_status":"","sticky":false,"template":"","format":"standard","meta":{"footnotes":""},"categories":[8],"tags":[17,18,2007,242,1681,25,24,13,14,11,19,20,9,10,15,16,23,12,493,21,22,235],"class_list":{"0":"post-124906","1":"post","2":"type-post","3":"status-publish","4":"format-standard","5":"has-post-thumbnail","7":"category-espana","8":"tag-breaking-news","9":"tag-breakingnews","10":"tag-carlos-mazon","11":"tag-comunidad-valenciana","12":"tag-dana","13":"tag-es","14":"tag-espana","15":"tag-featured-news","16":"tag-featurednews","17":"tag-headlines","18":"tag-latest-news","19":"tag-latestnews","20":"tag-news","21":"tag-noticias","22":"tag-noticias-destacadas","23":"tag-noticiasdestacadas","24":"tag-spain","25":"tag-titulares","26":"tag-tribunales","27":"tag-ultimas-noticias","28":"tag-ultimasnoticias","29":"tag-valencia"},"share_on_mastodon":{"url":"","error":""},"_links":{"self":[{"href":"https:\/\/www.europesays.com\/es\/wp-json\/wp\/v2\/posts\/124906","targetHints":{"allow":["GET"]}}],"collection":[{"href":"https:\/\/www.europesays.com\/es\/wp-json\/wp\/v2\/posts"}],"about":[{"href":"https:\/\/www.europesays.com\/es\/wp-json\/wp\/v2\/types\/post"}],"author":[{"embeddable":true,"href":"https:\/\/www.europesays.com\/es\/wp-json\/wp\/v2\/users\/2"}],"replies":[{"embeddable":true,"href":"https:\/\/www.europesays.com\/es\/wp-json\/wp\/v2\/comments?post=124906"}],"version-history":[{"count":0,"href":"https:\/\/www.europesays.com\/es\/wp-json\/wp\/v2\/posts\/124906\/revisions"}],"wp:featuredmedia":[{"embeddable":true,"href":"https:\/\/www.europesays.com\/es\/wp-json\/wp\/v2\/media\/124907"}],"wp:attachment":[{"href":"https:\/\/www.europesays.com\/es\/wp-json\/wp\/v2\/media?parent=124906"}],"wp:term":[{"taxonomy":"category","embeddable":true,"href":"https:\/\/www.europesays.com\/es\/wp-json\/wp\/v2\/categories?post=124906"},{"taxonomy":"post_tag","embeddable":true,"href":"https:\/\/www.europesays.com\/es\/wp-json\/wp\/v2\/tags?post=124906"}],"curies":[{"name":"wp","href":"https:\/\/api.w.org\/{rel}","templated":true}]}}