{"id":124912,"date":"2025-09-19T09:53:05","date_gmt":"2025-09-19T09:53:05","guid":{"rendered":"https:\/\/www.europesays.com\/es\/124912\/"},"modified":"2025-09-19T09:53:05","modified_gmt":"2025-09-19T09:53:05","slug":"cesar-rincon-se-reencuentra-con-bastonito-tres-decadas-despues","status":"publish","type":"post","link":"https:\/\/www.europesays.com\/es\/124912\/","title":{"rendered":"C\u00e9sar Rinc\u00f3n se reencuentra con Bastonito tres d\u00e9cadas despu\u00e9s"},"content":{"rendered":"<p>Tres d\u00e9cadas despu\u00e9s, <strong>C\u00e9sar Rinc\u00f3n<\/strong> se reencontr\u00f3 con Bastonito. El maestro colombiano, que estuvo este jueves en la finca <strong>Cortijo Wellington <\/strong>de <strong>Baltasar<\/strong> <strong>Ib\u00e1n\u00a0<\/strong>participando en un tentadero dentro de su puesta a punto para su reaparici\u00f3n en el festival del 12 de octubre en <strong>Las Ventas<\/strong>, se vio de nuevo con el hist\u00f3rico toro al que en 1994 cuaj\u00f3 una de las faenas m\u00e1s emotivas que se recuerdan en la monumental madrile\u00f1a.<\/p>\n<p><strong>\u00abHoy hemos vivido un encuentro hist\u00f3rico en el Cortijo Wellington. El maestro Cesar Rinc\u00f3n se volv\u00eda a ver las caras con Bastonito despu\u00e9s de 31 a\u00f1os. Ha sido muy emocionante ver a esta gran figura del toreo toreando en nuestra casa, le deseamos la mejor de las suertes para su compromiso vente\u00f1o\u00bb<\/strong>, se puede leer en la cuenta de Instagram de la ganader\u00eda que ilustra el encuentro con im\u00e1genes en la que se ve al ganadero <strong>Jos\u00e9 Antonio Moratiel <\/strong>conversando con el diestro sobre la historia escrita por toro y torero. <strong>\u00abPasadas tres d\u00e9cadas todav\u00eda se habla, \u00a1por algo ser\u00e1!\u00bb<\/strong>.<\/p>\n","protected":false},"excerpt":{"rendered":"Tres d\u00e9cadas despu\u00e9s, C\u00e9sar Rinc\u00f3n se reencontr\u00f3 con Bastonito. El maestro colombiano, que estuvo este jueves en la&hellip;\n","protected":false},"author":2,"featured_media":124913,"comment_status":"","ping_status":"","sticky":false,"template":"","format":"standard","meta":{"footnotes":""},"categories":[277],"tags":[45,40779,40780,373,40781,168,25,24,23,167,374],"class_list":{"0":"post-124912","1":"post","2":"type-post","3":"status-publish","4":"format-standard","5":"has-post-thumbnail","7":"category-toreo","8":"tag-45","9":"tag-baltasar-iban","10":"tag-bastonito","11":"tag-bullfighting","12":"tag-cesar-rincon","13":"tag-deportes","14":"tag-es","15":"tag-espana","16":"tag-spain","17":"tag-sports","18":"tag-toreo"},"share_on_mastodon":{"url":"","error":""},"_links":{"self":[{"href":"https:\/\/www.europesays.com\/es\/wp-json\/wp\/v2\/posts\/124912","targetHints":{"allow":["GET"]}}],"collection":[{"href":"https:\/\/www.europesays.com\/es\/wp-json\/wp\/v2\/posts"}],"about":[{"href":"https:\/\/www.europesays.com\/es\/wp-json\/wp\/v2\/types\/post"}],"author":[{"embeddable":true,"href":"https:\/\/www.europesays.com\/es\/wp-json\/wp\/v2\/users\/2"}],"replies":[{"embeddable":true,"href":"https:\/\/www.europesays.com\/es\/wp-json\/wp\/v2\/comments?post=124912"}],"version-history":[{"count":0,"href":"https:\/\/www.europesays.com\/es\/wp-json\/wp\/v2\/posts\/124912\/revisions"}],"wp:featuredmedia":[{"embeddable":true,"href":"https:\/\/www.europesays.com\/es\/wp-json\/wp\/v2\/media\/124913"}],"wp:attachment":[{"href":"https:\/\/www.europesays.com\/es\/wp-json\/wp\/v2\/media?parent=124912"}],"wp:term":[{"taxonomy":"category","embeddable":true,"href":"https:\/\/www.europesays.com\/es\/wp-json\/wp\/v2\/categories?post=124912"},{"taxonomy":"post_tag","embeddable":true,"href":"https:\/\/www.europesays.com\/es\/wp-json\/wp\/v2\/tags?post=124912"}],"curies":[{"name":"wp","href":"https:\/\/api.w.org\/{rel}","templated":true}]}}