{"id":124914,"date":"2025-09-19T09:55:24","date_gmt":"2025-09-19T09:55:24","guid":{"rendered":"https:\/\/www.europesays.com\/es\/124914\/"},"modified":"2025-09-19T09:55:24","modified_gmt":"2025-09-19T09:55:24","slug":"naturavila-acoge-la-copa-alianza-centro-madrid-castilla-y-leon","status":"publish","type":"post","link":"https:\/\/www.europesays.com\/es\/124914\/","title":{"rendered":"Natur\u00e1vila acoge la Copa Alianza Centro Madrid &#8211; Castilla y Le\u00f3n"},"content":{"rendered":"<p>            <a href=\"https:\/\/www.europesays.com\/es\/wp-content\/uploads\/2025\/09\/cacmcyl25.jpg\" data-caption=\"\"><img loading=\"lazy\" decoding=\"async\" width=\"1200\" height=\"900\" class=\"entry-thumb td-modal-image\" src=\"https:\/\/www.europesays.com\/es\/wp-content\/uploads\/2025\/09\/cacmcyl25.jpg\"   alt=\"\" title=\"cacmcyl25\"\/><\/a><\/p>\n<p><b>I.F.G. \/ Natur\u00e1vila ser\u00e1 la sede de la Copa Alianza Centro Madrid \u2013 Castilla y Le\u00f3n, un Campeonato Abierto Sub-18 de golf que tendr\u00e1 lugar del 12 al 14 de septiembre pr\u00f3ximos. Este torneo es puntuable para el Ranking Mundial.<\/b><\/p>\n<p class=\"p1\" style=\"text-align: justify;\">El evento, organizado por las Federaciones de Golf de Castilla y Le\u00f3n y Madrid, se jugar\u00e1 bajo la modalidad <b>Stroke Play Scratch<\/b> a <b>54 hoyos<\/b>. Al t\u00e9rmino de la segunda vuelta, se realizar\u00e1 un corte que solo superar\u00e1n los 45 mejores jugadores masculinos y las jugadoras femeninas, adem\u00e1s de aquellos que est\u00e9n empatados. Las barras de salida ser\u00e1n blancas para los jugadores y azules para las jugadoras.<\/p>\n<p class=\"p1\" style=\"text-align: justify;\">En total, van a participar <b>86 jugadores<\/b>, 60 de la categor\u00eda masculina y 26 de la femenina, que ser\u00e1n seleccionados seg\u00fan su h\u00e1ndicap m\u00e1s bajo.<\/p>\n<p class=\"p1\" style=\"text-align: justify;\">Las Federaciones donar\u00e1n los trofeos para los campeones y subcampeones en las categor\u00edas Sub-18 y Sub-16 scratch. Tambi\u00e9n habr\u00e1 un trofeo para el mejor clasificado h\u00e1ndicap despu\u00e9s de las dos primeras vueltas.<\/p>\n","protected":false},"excerpt":{"rendered":"I.F.G. \/ Natur\u00e1vila ser\u00e1 la sede de la Copa Alianza Centro Madrid \u2013 Castilla y Le\u00f3n, un Campeonato&hellip;\n","protected":false},"author":2,"featured_media":124915,"comment_status":"","ping_status":"","sticky":false,"template":"","format":"standard","meta":{"footnotes":""},"categories":[275],"tags":[168,40782,25,24,329,19489,23,167],"class_list":{"0":"post-124914","1":"post","2":"type-post","3":"status-publish","4":"format-standard","5":"has-post-thumbnail","7":"category-golf","8":"tag-deportes","9":"tag-el-fresnillo","10":"tag-es","11":"tag-espana","12":"tag-golf","13":"tag-naturavila","14":"tag-spain","15":"tag-sports"},"share_on_mastodon":{"url":"","error":""},"_links":{"self":[{"href":"https:\/\/www.europesays.com\/es\/wp-json\/wp\/v2\/posts\/124914","targetHints":{"allow":["GET"]}}],"collection":[{"href":"https:\/\/www.europesays.com\/es\/wp-json\/wp\/v2\/posts"}],"about":[{"href":"https:\/\/www.europesays.com\/es\/wp-json\/wp\/v2\/types\/post"}],"author":[{"embeddable":true,"href":"https:\/\/www.europesays.com\/es\/wp-json\/wp\/v2\/users\/2"}],"replies":[{"embeddable":true,"href":"https:\/\/www.europesays.com\/es\/wp-json\/wp\/v2\/comments?post=124914"}],"version-history":[{"count":0,"href":"https:\/\/www.europesays.com\/es\/wp-json\/wp\/v2\/posts\/124914\/revisions"}],"wp:featuredmedia":[{"embeddable":true,"href":"https:\/\/www.europesays.com\/es\/wp-json\/wp\/v2\/media\/124915"}],"wp:attachment":[{"href":"https:\/\/www.europesays.com\/es\/wp-json\/wp\/v2\/media?parent=124914"}],"wp:term":[{"taxonomy":"category","embeddable":true,"href":"https:\/\/www.europesays.com\/es\/wp-json\/wp\/v2\/categories?post=124914"},{"taxonomy":"post_tag","embeddable":true,"href":"https:\/\/www.europesays.com\/es\/wp-json\/wp\/v2\/tags?post=124914"}],"curies":[{"name":"wp","href":"https:\/\/api.w.org\/{rel}","templated":true}]}}