{"id":124916,"date":"2025-09-19T09:56:07","date_gmt":"2025-09-19T09:56:07","guid":{"rendered":"https:\/\/www.europesays.com\/es\/124916\/"},"modified":"2025-09-19T09:56:07","modified_gmt":"2025-09-19T09:56:07","slug":"habia-drogas-pastillas-y-alcohol-estuve-cerca-de-morir-muchas-veces","status":"publish","type":"post","link":"https:\/\/www.europesays.com\/es\/124916\/","title":{"rendered":"Hab\u00eda drogas, pastillas y alcohol. Estuve cerca de morir muchas veces"},"content":{"rendered":"<p data-gtm-element-container=\"modulo-texto-link\" class=\"paragraph\"><strong>Bjorn Borg<\/strong>, una de las mayores leyendas de la historia tenis mundial, se abri\u00f3 en canal en una entrevista en la BBC previa al inicio de la Laver Cup, competici\u00f3n en la que ejerci\u00f3 de capit\u00e1n del equipo europeo hasta el a\u00f1o pasado.<\/p>\n<p data-gtm-element-container=\"modulo-texto-link\" class=\"paragraph\">El sueco, ganador de once Grand Slams -y pudieron ser muchos m\u00e1s si no se hubiera retirado a los 25 a\u00f1os-, <strong>habl\u00f3 sobre el c\u00e1ncer de pr\u00f3stata que sufre desde 2024 <\/strong>y asegur\u00f3 que vive la vida \u00abd\u00eda a d\u00eda\u00bb.<\/p>\n<p data-gtm-element-container=\"modulo-texto-link\" class=\"paragraph\"><strong>Borg, al que le detectaron un problema en la pr\u00f3stata en 2023<\/strong>, se someti\u00f3 a una operaci\u00f3n un a\u00f1o despu\u00e9s y desde entonces el c\u00e1ncer ha estado en remisi\u00f3n.<\/p>\n<p data-gtm-element-container=\"modulo-texto-link\" class=\"paragraph\">\u00abCuando habl\u00e9 con el m\u00e9dico me dijo que estaba muy muy mal. Me dijo que ser\u00eda una lucha en el futuro. <strong>Cada seis meses me hago pruebas. El \u00faltimo test fue hace dos semanas. Es algo con lo que tengo que vivir<\/strong>\u00ab, dijo el sueco.<\/p>\n<blockquote class=\"twitter-tweet\" data-lang=\"es\"><p>\n<a href=\"https:\/\/twitter.com\/BBCSport\/status\/1968635454145626174\" rel=\"nofollow noopener\" target=\"_blank\">\n<\/p><\/blockquote>\n<p data-gtm-element-container=\"modulo-texto-link\" class=\"paragraph\">\u00abEs como que no sientes nada, est\u00e1s bien y de repente algo va mal. <strong>Espero que todo est\u00e9 bien en el futuro. Me tomo la vida d\u00eda a d\u00eda, a\u00f1o a a\u00f1o<\/strong>\u00ab, admiti\u00f3 Borg.<\/p>\n<p data-gtm-element-container=\"modulo-texto-link\" class=\"paragraph\">Campe\u00f3n de 66 t\u00edtulos en individuales y con 109 semanas en lo m\u00e1s alto del r\u00e1nking, Borg jug\u00f3 algunos de los partidos m\u00e1s ic\u00f3nicos de la historia del tenis, como la final de Wimbledon 1980 contra John McEnroe, antes de retirarse contra todo pron\u00f3stico a los 25 a\u00f1os.<\/p>\n<p data-gtm-element-container=\"modulo-texto-link\" class=\"paragraph\">\u00abHab\u00eda tenido suficiente. Hab\u00eda perdido el inter\u00e9s y la motivaci\u00f3n\u00bb, reconoci\u00f3 el sueco, quien tambi\u00e9n admite haberse ido antes del &#8216;boom&#8217; de este deporte. \u00ab<strong>Si hubiera sabido lo que iba a pasar a\u00f1os despu\u00e9s, habr\u00eda seguido jugando<\/strong>\u00ab.<\/p>\n<p>    Lee tambi\u00e9n<\/p>\n<p data-gtm-element-container=\"modulo-texto-link\" class=\"paragraph\">Adem\u00e1s, <strong>Borg habl\u00f3 de sus problemas con las drogas y el alcohol<\/strong> y de c\u00f3mo estuvo a punto de morir en varias ocasiones.<\/p>\n<p data-gtm-element-container=\"modulo-texto-link\" class=\"paragraph\">\u00abYo no ten\u00eda un plan. La gente hoy en d\u00eda tiene ayuda que le puede guiar.<strong> Yo estaba perdido en el mundo. Hab\u00eda drogas, pastillas y alcohol para escapar de la realidad<\/strong>. No es bueno, claro, te destruye como persona\u00bb, asegur\u00f3.<\/p>\n<p data-gtm-element-container=\"modulo-texto-link\" class=\"paragraph\">\u00ab<strong>Estuve cerca de morir muchas veces, pero arregl\u00e9 mi vida y estoy muy contento conmigo mismo<\/strong>\u00ab, a\u00f1adi\u00f3.<\/p>\n<p><script async src=\"https:\/\/platform.twitter.com\/widgets.js\" charset=\"utf-8\"><\/script><\/p>\n","protected":false},"excerpt":{"rendered":"Bjorn Borg, una de las mayores leyendas de la historia tenis mundial, se abri\u00f3 en canal en una&hellip;\n","protected":false},"author":2,"featured_media":124917,"comment_status":"","ping_status":"","sticky":false,"template":"","format":"standard","meta":{"footnotes":""},"categories":[274],"tags":[168,25,24,23,167,327,326],"class_list":{"0":"post-124916","1":"post","2":"type-post","3":"status-publish","4":"format-standard","5":"has-post-thumbnail","7":"category-tenis","8":"tag-deportes","9":"tag-es","10":"tag-espana","11":"tag-spain","12":"tag-sports","13":"tag-tenis","14":"tag-tennis"},"share_on_mastodon":{"url":"","error":""},"_links":{"self":[{"href":"https:\/\/www.europesays.com\/es\/wp-json\/wp\/v2\/posts\/124916","targetHints":{"allow":["GET"]}}],"collection":[{"href":"https:\/\/www.europesays.com\/es\/wp-json\/wp\/v2\/posts"}],"about":[{"href":"https:\/\/www.europesays.com\/es\/wp-json\/wp\/v2\/types\/post"}],"author":[{"embeddable":true,"href":"https:\/\/www.europesays.com\/es\/wp-json\/wp\/v2\/users\/2"}],"replies":[{"embeddable":true,"href":"https:\/\/www.europesays.com\/es\/wp-json\/wp\/v2\/comments?post=124916"}],"version-history":[{"count":0,"href":"https:\/\/www.europesays.com\/es\/wp-json\/wp\/v2\/posts\/124916\/revisions"}],"wp:featuredmedia":[{"embeddable":true,"href":"https:\/\/www.europesays.com\/es\/wp-json\/wp\/v2\/media\/124917"}],"wp:attachment":[{"href":"https:\/\/www.europesays.com\/es\/wp-json\/wp\/v2\/media?parent=124916"}],"wp:term":[{"taxonomy":"category","embeddable":true,"href":"https:\/\/www.europesays.com\/es\/wp-json\/wp\/v2\/categories?post=124916"},{"taxonomy":"post_tag","embeddable":true,"href":"https:\/\/www.europesays.com\/es\/wp-json\/wp\/v2\/tags?post=124916"}],"curies":[{"name":"wp","href":"https:\/\/api.w.org\/{rel}","templated":true}]}}