{"id":124918,"date":"2025-09-19T09:57:09","date_gmt":"2025-09-19T09:57:09","guid":{"rendered":"https:\/\/www.europesays.com\/es\/124918\/"},"modified":"2025-09-19T09:57:09","modified_gmt":"2025-09-19T09:57:09","slug":"el-equipo-israel-de-mimados-a-apestados-en-el-peloton","status":"publish","type":"post","link":"https:\/\/www.europesays.com\/es\/124918\/","title":{"rendered":"El equipo Israel, de mimados a apestados en el pelot\u00f3n"},"content":{"rendered":"<p data-gtm-element-container=\"modulo-texto-link\" class=\"paragraph\">En el Tour del 2023, el Israel-<a href=\"https:\/\/www.lavanguardipa.com\/deportes\/resultados\/premier-league\" target=\"_blank\" rel=\"noopener noreferrer nofollow\">Premier<\/a> Tech modific\u00f3 su maillot para lucir en la carrera m\u00e1s importante. No como est\u00e1 haciendo ahora,<a href=\"https:\/\/www.lavanguardia.com\/deportes\/20250906\/11035282\/israel-premier-tech-retira-nombre-pais-maillot-priorizar-seguridad-peloton-ep-agenciaslv20250906.html\" rel=\"nofollow noopener\" target=\"_blank\"> eliminando el nombre del pa\u00eds hebreo en busca de seguridad<\/a>, sino para todo lo contrario. Entonces se quer\u00edan resaltar las delicias de su tierra. En la prenda se pod\u00eda ver el sendero nacional, 1.000 kil\u00f3metros que unen el kibbutz de Dan con el puerto de Eliat. Las tres franjas representaban la nieve del Monte Herm\u00f3n (de color blanco), las playas de la costa (azul) y el desierto del sur (naranja).<\/p>\n<p data-gtm-element-container=\"modulo-texto-link\" class=\"paragraph\">\u201cConsidero que cada uno de los ciclistas ser\u00e1n embajadores del pa\u00eds\u201d, dijo Sylvan Adams, el propietario de la licencia del equipo, privado, s\u00ed, pero con v\u00ednculos gubernamentales m\u00e1s que evidentes. \u201cAgradezco la confianza y el apoyo a los ministerios de Turismo, Cultura y Deportes\u201d, a\u00f1adi\u00f3.<\/p>\n<p>Equipo privado pero con v\u00ednculos gubernamentales<br \/>\nSylvan Adams, su multimillonario propietario, es amigo personal de Benjamin Netanyahu<\/p>\n<p data-gtm-element-container=\"modulo-texto-link\" class=\"paragraph\">Eran otros tiempos y Adams, multimillonario canadiense <a href=\"https:\/\/www.lavanguardia.com\/deportes\/20250905\/11033302\/netanyahu-celebra-equipo-israeli-vuelta-ceda-odio-intimidacion-agenciaslv20250905.html\" rel=\"nofollow noopener\" target=\"_blank\">amigo personal de Benjamin Netanyahu<\/a>, no escond\u00eda la intenci\u00f3n de blanquear la imagen de Israel, pa\u00eds en el que vive, con el deporte.<\/p>\n<p data-gtm-element-container=\"modulo-texto-link\" class=\"paragraph\">El equipo lleg\u00f3 al pelot\u00f3n en el 2015 bajo el nombre de Israel Academy como miembro de la tercera divisi\u00f3n. Ten\u00eda 14 corredores, seis de ellos israel\u00edes. Y solo tres a\u00f1os despu\u00e9s ya estaba corriendo su primera gran vuelta, el Giro de Italia, gracias a una invitaci\u00f3n. <a href=\"https:\/\/www.lavanguardia.com\/deportes\/ciclismo\/20180504\/443242377157\/giro-etapa-1-dumoulin.html\" rel=\"nofollow noopener\" target=\"_blank\">Aquella edici\u00f3n de la corsa rosa arrancaba en Jerusal\u00e9n<\/a> y la organizaci\u00f3n tuvo la deferencia de guardar una plaza para los locales.<\/p>\n<p data-gtm-element-container=\"modulo-texto-link\" class=\"paragraph\">\u00bfSaben qui\u00e9n pag\u00f3 parte del canon para lograr llevar las tres primeras etapas a Israel? S\u00ed, Sylvan Adams. Y \u00e9l mismo se encarg\u00f3 de comprar la licencia del Katusha cuando la escuadra rusa desapareci\u00f3. En el 2020, el Israel ya estaba en la \u00e9lite y debutaba en el Tour y en la Vuelta. Un a\u00f1o despu\u00e9s lleg\u00f3 el fichaje gal\u00e1ctico de Chris Froome, cuatro veces ganador del maillot amarillo en Par\u00eds.<\/p>\n<p>Incertidumbre por la crispaci\u00f3n<br \/>\n\u201cEn la Vuelta sus ciclistas preguntaban si ten\u00edamos un puesto libre para ellos\u201d, desvelan en el pelot\u00f3n<\/p>\n<p data-gtm-element-container=\"modulo-texto-link\" class=\"paragraph\">Esta temporada el Israel-Premier Tech no era uno de los 18 equipos del WorldTour que tienen asegurada su plaza en el mejor calendario. Sin embargo, el art\u00edculo 2.1.007 bis del reglamento de la UCI acu\u00f1a el curioso t\u00e9rmino de \u201cinvitaciones obligatorias\u201d por las que los organizadores de las tres Grandes Vueltas deben acoger a los dos mejores UCI ProTeams del ranking del a\u00f1o anterior. En el 2024 y el 2025 esos han sido el Lotto belga y el Israel.<\/p>\n<p data-gtm-element-container=\"modulo-texto-link\" class=\"paragraph\">Es decir, que ten\u00edan su participaci\u00f3n blindada y por eso la Vuelta estaba atada de pies y manos pese a todas las protestas propalestinas y la crispaci\u00f3n. \u201cLos ciclistas del Israel solo quer\u00edan que terminara. Algunos corredores incluso nos preguntaban si ten\u00edamos un puesto en el equipo para ellos el a\u00f1o que viene\u201d, ha revelado el belga del Soudal Louis Vervaeke.<\/p>\n<p data-gtm-element-container=\"modulo-texto-link\" class=\"paragraph\">Los ni\u00f1os bonitos han pasado a ser vistos como apestados. Y tanta animadversi\u00f3n no ha tardado a pasarles factura. Matthew Riccitello, quinto clasificado en la Vuelta, ya ha anunciado su marcha. No es el \u00fanico. Tambi\u00e9n se les van Froome, Woods, Ackermann, George Bennett, Schultz, Hofstetter o Boivin.<\/p>\n<p>Cuarto en el Giro 25 y noveno del Tour del 24<br \/>\n\u201cHay puntos importantes que hacen insostenible mi permanencia en el equipo\u201d, esgrimi\u00f3 Gee<\/p>\n<p data-gtm-element-container=\"modulo-texto-link\" class=\"paragraph\">Mientras que el canadiense Derek Gee, cuarto en el Giro 25 y noveno del Tour del 24, rompi\u00f3 en agosto su contrato cuando le quedaban tres a\u00f1os. \u201cHay ciertos puntos importantes que hacen insostenible mi permanencia en el equipo\u201d, esgrimi\u00f3 Gee, sin citar el genocidio en Gaza.<\/p>\n<p data-gtm-element-container=\"modulo-texto-link\" class=\"paragraph\">S\u00ed que lo verbaliz\u00f3 el dan\u00e9s Jakob Fuglsang, retirado en verano tras competir cuatro a\u00f1os con el equipo. \u201cEra definitivamente m\u00e1s agradable rodar sin el logotipo de Israel que con \u00e9l\u201d, ha admitido.<\/p>\n<p>Si no hay sanci\u00f3n antes<br \/>\nEstar\u00e1n en Barcelona el 6 de julio para el Grand D\u00e9part del Tour, adem\u00e1s de en la Volta, la Itzulia y la Cl\u00e1sica de San Sebasti\u00e1n<\/p>\n<p data-gtm-element-container=\"modulo-texto-link\" class=\"paragraph\">Pero de cara al 2026 el problema puede acrecentarse ya que el Israel se ha ganado con los puntos obtenidos en el \u00faltimo trienio (2023-25) subir al WorldTour lo que, <a href=\"https:\/\/www.lavanguardia.com\/deportes\/20250917\/11067187\/encrucijada-coi-rusia-e-israel-son-situaciones-comparables.html\" rel=\"nofollow noopener\" target=\"_blank\">si no hay sanci\u00f3n de por medio<\/a>, les abre las puertas a estar en <a href=\"https:\/\/www.lavanguardia.com\/deportes\/resultados\/laliga-primera-division\/calendario\/barcelona\" target=\"_blank\" rel=\"noopener noreferrer nofollow\">Barcelona<\/a> el 6 de julio para el Grand D\u00e9part del Tour, adem\u00e1s de en la Itzulia o la Cl\u00e1sica de San Sebasti\u00e1n, dos pruebas en las que no estuvieron este curso.<\/p>\n<p data-gtm-element-container=\"modulo-texto-link\" class=\"paragraph\">Veremos con qu\u00e9 corredores. Porque, aunque pretenden al eritreo Biniam Girmay, oficialmente solo han llegado dos incorporaciones, Lewis Askey y Brady Gilmore, desconocidos de 24 a\u00f1os.<\/p>\n","protected":false},"excerpt":{"rendered":"En el Tour del 2023, el Israel-Premier Tech modific\u00f3 su maillot para lucir en la carrera m\u00e1s importante.&hellip;\n","protected":false},"author":2,"featured_media":124919,"comment_status":"","ping_status":"","sticky":false,"template":"","format":"standard","meta":{"footnotes":""},"categories":[273],"tags":[313,312,168,25,24,23,167],"class_list":{"0":"post-124918","1":"post","2":"type-post","3":"status-publish","4":"format-standard","5":"has-post-thumbnail","7":"category-ciclismo","8":"tag-ciclismo","9":"tag-cycling","10":"tag-deportes","11":"tag-es","12":"tag-espana","13":"tag-spain","14":"tag-sports"},"share_on_mastodon":{"url":"","error":""},"_links":{"self":[{"href":"https:\/\/www.europesays.com\/es\/wp-json\/wp\/v2\/posts\/124918","targetHints":{"allow":["GET"]}}],"collection":[{"href":"https:\/\/www.europesays.com\/es\/wp-json\/wp\/v2\/posts"}],"about":[{"href":"https:\/\/www.europesays.com\/es\/wp-json\/wp\/v2\/types\/post"}],"author":[{"embeddable":true,"href":"https:\/\/www.europesays.com\/es\/wp-json\/wp\/v2\/users\/2"}],"replies":[{"embeddable":true,"href":"https:\/\/www.europesays.com\/es\/wp-json\/wp\/v2\/comments?post=124918"}],"version-history":[{"count":0,"href":"https:\/\/www.europesays.com\/es\/wp-json\/wp\/v2\/posts\/124918\/revisions"}],"wp:featuredmedia":[{"embeddable":true,"href":"https:\/\/www.europesays.com\/es\/wp-json\/wp\/v2\/media\/124919"}],"wp:attachment":[{"href":"https:\/\/www.europesays.com\/es\/wp-json\/wp\/v2\/media?parent=124918"}],"wp:term":[{"taxonomy":"category","embeddable":true,"href":"https:\/\/www.europesays.com\/es\/wp-json\/wp\/v2\/categories?post=124918"},{"taxonomy":"post_tag","embeddable":true,"href":"https:\/\/www.europesays.com\/es\/wp-json\/wp\/v2\/tags?post=124918"}],"curies":[{"name":"wp","href":"https:\/\/api.w.org\/{rel}","templated":true}]}}