{"id":124926,"date":"2025-09-19T10:01:08","date_gmt":"2025-09-19T10:01:08","guid":{"rendered":"https:\/\/www.europesays.com\/es\/124926\/"},"modified":"2025-09-19T10:01:08","modified_gmt":"2025-09-19T10:01:08","slug":"peligra-maxi-lopez-en-masterchef-celebrity-por-un-inesperado-conflicto-con-wanda-nara-la-plata-no-aparece","status":"publish","type":"post","link":"https:\/\/www.europesays.com\/es\/124926\/","title":{"rendered":"Peligra Maxi L\u00f3pez en MasterChef Celebrity por un inesperado conflicto con Wanda Nara: \u201cLa plata no aparece\u201d"},"content":{"rendered":"<p>El conflicto econ\u00f3mico entre Maxi L\u00f3pez y Wanda Nara pone en duda la participaci\u00f3n del exfutbolista en MasterChef Celebrity (Video: SQP\/ Am\u00e9rica TV)<\/p>\n<p class=\"paragraph\">El conflicto entre <a rel=\"noopener noreferrer nofollow\" href=\"https:\/\/www.infobae.com\/tag\/maxi-lopez\/\" target=\"_blank\" title=\"https:\/\/www.infobae.com\/tag\/maxi-lopez\/\"><b>Maxi L\u00f3pez<\/b><\/a> y <a rel=\"noopener noreferrer nofollow\" href=\"https:\/\/www.infobae.com\/tag\/wanda-nara\/\" target=\"_blank\" title=\"https:\/\/www.infobae.com\/tag\/wanda-nara\/\"><b>Wanda Nara<\/b><\/a> se intensific\u00f3 en las semanas previas al estreno de la nueva temporada de <a rel=\"noopener noreferrer nofollow\" href=\"https:\/\/www.infobae.com\/tag\/masterchef-celebrity\/\" target=\"_blank\" title=\"https:\/\/www.infobae.com\/tag\/masterchef-celebrity\/\"><b>MasterChef Celebrity<\/b><\/a> en Telefe. El exfutbolista, confirmado como participante del reality por su exesposa y actual conductora del programa, se encuentra en el centro de una disputa por un acuerdo econ\u00f3mico que no se habr\u00eda concretado.<\/p>\n<p class=\"paragraph\">La molestia del exdelantero de River y el Barcelona surgi\u00f3 cuando, tras aceptar la invitaci\u00f3n para sumarse al ciclo culinario, no recibi\u00f3 el pago que le hab\u00eda prometido su exesposa. El canal Telefe, productor del programa, rechaz\u00f3 abonar la cifra exigida por Maxi, lo que llev\u00f3 a la empresaria a intervenir en la negociaci\u00f3n. Seg\u00fan relat\u00f3 el periodista <b>Daniel Fava<\/b> en el ciclo A la Tarde (Am\u00e9rica TV), la animadora le asegur\u00f3 a L\u00f3pez: <b>\u201cYo te doy mi palabra, te van a cumplir, confirm\u00e1 tu presencia porque yo voy a conseguir la que te prometieron\u201d<\/b>. Sin embargo, esta promesa no se tradujo en un pago efectivo, lo que desat\u00f3 el enojo del exfutbolista.<\/p>\n<p><img alt=\"Maxi L\u00f3pez enfrenta una denuncia\" class=\"global-image\" decoding=\"async\" fetchpriority=\"low\" height=\"1080\" loading=\"lazy\" src=\"https:\/\/www.europesays.com\/es\/wp-content\/uploads\/2025\/09\/F2AYWX7LAFGGNMFV4H6ZNCAKKE.jpeg\" width=\"825\"\/>Maxi L\u00f3pez enfrenta una denuncia judicial en Suiza por incumplimiento de pagos al F\u00fatbol Club Paradiso<\/p>\n<p class=\"paragraph\">La influencer habr\u00eda intentado convencer a su ex de no abandonar el programa, comprometi\u00e9ndose a cubrir la diferencia econ\u00f3mica a trav\u00e9s de un sponsor. El acuerdo, cerrado solo de palabra, no se habr\u00eda materializado en el desembolso del dinero, lo que llev\u00f3 a Maxi a considerar su retiro del reality show a pocas semanas de su inicio. <b>\u201cPrometi\u00f3, pero no cumpli\u00f3 y la plata no aparece\u201d<\/b>, afirm\u00f3 Fava. Mientras tanto, la producci\u00f3n de MasterChef Celebrity ya hab\u00eda comenzado a brindar clases de cocina a los participantes, aunque la presencia de L\u00f3pez segu\u00eda en duda por la falta de acuerdo econ\u00f3mico.<\/p>\n<p class=\"paragraph\">En paralelo al conflicto con Wanda Nara y Telefe, Maxi L\u00f3pez enfrenta un problema de mayor escala en el \u00e1mbito internacional. Seg\u00fan asegur\u00f3 <b>Yanina Latorre<\/b> en el programa S\u00e1lvese Quien Pueda (Am\u00e9rica TV), el exfutbolista est\u00e1 involucrado en un <b>esc\u00e1ndalo en Suiza<\/b> relacionado con el <b>F\u00fatbol Club Paradiso<\/b>, del cual adquiri\u00f3 el 40%. La animadora detall\u00f3 que L\u00f3pez se comprometi\u00f3 a pagar una cuota mensual de 40 mil francos suizos (aproximadamente USD 50.000), pero, hasta el momento, no habr\u00eda cumplido con estos pagos, lo que deriv\u00f3 en una denuncia judicial en su contra.<\/p>\n<p>La disputa entre Maxi L\u00f3pez y Wanda Nara afecta tanto su relaci\u00f3n personal como profesional en el contexto de MasterChef Celebrity (Video: Telefe)<\/p>\n<p class=\"paragraph\">La conductora del programa agreg\u00f3 que, adem\u00e1s de la deuda, el exfutbolista incumpli\u00f3 otras promesas hechas al club, como la gesti\u00f3n de publicidad y la captaci\u00f3n de auspiciantes. <b>\u201cMaxi L\u00f3pez le hab\u00eda prometido al club publicidad, llevar marcas, sponsors y no les dio nada\u201d<\/b>, sostuvo Yanina. La situaci\u00f3n se habr\u00eda agravado despu\u00e9s de que el exjugador habr\u00eda bloqueado a los dirigentes del club en las redes sociales y les impidi\u00f3 acceder a las cuentas institucionales, manteniendo el control digital de la entidad pese a no cumplir con sus obligaciones econ\u00f3micas.<\/p>\n<p class=\"paragraph\">Este doble frente de conflicto afect\u00f3 tanto la relaci\u00f3n personal como profesional entre Maxi y Wanda. Aunque la expareja hab\u00eda logrado recomponer su v\u00ednculo en los \u00faltimos tiempos, la disputa por el dinero pactado para MasterChef Celebrity volvi\u00f3 a poner en riesgo esa tregua. La participaci\u00f3n del padre de los hijos de la conductora en el reality, que promet\u00eda ser uno de los grandes atractivos de la temporada, qued\u00f3 envuelta en la incertidumbre, mientras el exfutbolista eval\u00faa su viaje a <b>Buenos Aires<\/b> y ajusta detalles financieros para justificar su ausencia en <b>Europa<\/b>, donde reside su actual pareja, que, adem\u00e1s, est\u00e1 embarazada.<\/p>\n<p class=\"paragraph\">El anuncio de la incorporaci\u00f3n de L\u00f3pez al ciclo de cocina gener\u00f3 repercusiones inmediatas en redes sociales y entre los televidentes del reality. Durante ese momento, conducido por la propia Wanda y Ver\u00f3nica Lozano, esta \u00faltima aprovech\u00f3 para interrogar m\u00e1s sobre la convivencia actual de Maxi. \u201c<b>\u00bfVa a vivir en tu departamento? \u00bfVa a vivir en el Chateau?<\/b>\u201d, consult\u00f3, a lo que Wanda aclar\u00f3: \u201cNo, \u00e9l est\u00e1 muy bien. <b>En pareja, va a ser pap\u00e1, tiene una nena hermosa \u00e9l y tiene a mis tres hijos, que est\u00e1 b\u00e1rbaro que me venga a ayudar un poco en la paternidad<\/b>\u201d. El tono familiar se mantuvo incluso en el cierre del segmento, cuando Lozano pregunt\u00f3 si Wanda hab\u00eda intuido o conocido la participaci\u00f3n de su exmarido. La conductora fue tajante: \u201cNo, hasta donde yo me qued\u00e9 con \u00e9l, <b>era una persona muy cara, muy dif\u00edcil de conseguir<\/b>. El canal habr\u00e1 hecho un esfuerzo enorme\u201d.<\/p>\n","protected":false},"excerpt":{"rendered":"El conflicto econ\u00f3mico entre Maxi L\u00f3pez y Wanda Nara pone en duda la participaci\u00f3n del exfutbolista en MasterChef&hellip;\n","protected":false},"author":2,"featured_media":124927,"comment_status":"","ping_status":"","sticky":false,"template":"","format":"standard","meta":{"footnotes":""},"categories":[174],"tags":[255,146,147,25,24,256,23],"class_list":{"0":"post-124926","1":"post","2":"type-post","3":"status-publish","4":"format-standard","5":"has-post-thumbnail","7":"category-famosos","8":"tag-celebrities","9":"tag-entertainment","10":"tag-entretenimiento","11":"tag-es","12":"tag-espana","13":"tag-famosos","14":"tag-spain"},"share_on_mastodon":{"url":"","error":""},"_links":{"self":[{"href":"https:\/\/www.europesays.com\/es\/wp-json\/wp\/v2\/posts\/124926","targetHints":{"allow":["GET"]}}],"collection":[{"href":"https:\/\/www.europesays.com\/es\/wp-json\/wp\/v2\/posts"}],"about":[{"href":"https:\/\/www.europesays.com\/es\/wp-json\/wp\/v2\/types\/post"}],"author":[{"embeddable":true,"href":"https:\/\/www.europesays.com\/es\/wp-json\/wp\/v2\/users\/2"}],"replies":[{"embeddable":true,"href":"https:\/\/www.europesays.com\/es\/wp-json\/wp\/v2\/comments?post=124926"}],"version-history":[{"count":0,"href":"https:\/\/www.europesays.com\/es\/wp-json\/wp\/v2\/posts\/124926\/revisions"}],"wp:featuredmedia":[{"embeddable":true,"href":"https:\/\/www.europesays.com\/es\/wp-json\/wp\/v2\/media\/124927"}],"wp:attachment":[{"href":"https:\/\/www.europesays.com\/es\/wp-json\/wp\/v2\/media?parent=124926"}],"wp:term":[{"taxonomy":"category","embeddable":true,"href":"https:\/\/www.europesays.com\/es\/wp-json\/wp\/v2\/categories?post=124926"},{"taxonomy":"post_tag","embeddable":true,"href":"https:\/\/www.europesays.com\/es\/wp-json\/wp\/v2\/tags?post=124926"}],"curies":[{"name":"wp","href":"https:\/\/api.w.org\/{rel}","templated":true}]}}