{"id":124942,"date":"2025-09-19T10:12:07","date_gmt":"2025-09-19T10:12:07","guid":{"rendered":"https:\/\/www.europesays.com\/es\/124942\/"},"modified":"2025-09-19T10:12:07","modified_gmt":"2025-09-19T10:12:07","slug":"el-ine-mejora-en-tres-decimas-el-crecimiento-de-2024-al-35","status":"publish","type":"post","link":"https:\/\/www.europesays.com\/es\/124942\/","title":{"rendered":"El INE mejora en tres d\u00e9cimas el crecimiento de 2024, al 3,5%"},"content":{"rendered":"<p>La econom\u00eda espa\u00f1ola se comport\u00f3 mejor de lo esperado en 2024, seg\u00fan ha informado este viernes el Instituto Nacional de Estad\u00edstica (INE), como parte de una revisi\u00f3n de la serie de la contabilidad nacional de los \u00faltimos tres ejercicios. En concreto, el Producto Interior Bruto (PIB) <strong>repunt\u00f3 un 3,5% el pasado a\u00f1o, tres d\u00e9cimas m\u00e1s<\/strong> de <a href=\"https:\/\/www.rtve.es\/noticias\/20250129\/economia-espanola-2024\/16426588.shtml\" target=\"_blank\" rel=\"nofollow noopener\">lo adelantado por el organismo en marzo<\/a>, gracias a una mejora sustancial de las inversiones.<\/p>\n<p>En cambio, el INE ha revisado <strong>dos d\u00e9cimas a la baja el crecimiento de 2023, hasta el 2,5%<\/strong>, despu\u00e9s de elevarlo <a href=\"https:\/\/www.rtve.es\/noticias\/20240918\/ine-revisa-alza-crecimiento-pib\/16252759.shtml\" target=\"_blank\" rel=\"nofollow noopener\">hace pr\u00e1cticamente un a\u00f1o<\/a> hasta el 2,7%. <\/p>\n<p>Precisamente, en la formaci\u00f3n bruta de capital (inversiones) est\u00e1 la base de estos cambios, explica el organismo, que tras la revisi\u00f3n de los datos ha decidido elevar la aportaci\u00f3n de esta variable en 2024 en casi tres puntos, al 4,7%, frente al 1,9% de la estimaci\u00f3n anterior. \u00abEste se debe, principalmente, al <strong>crecimiento de la variaci\u00f3n de existencias<\/strong> en 2024 respecto a 2023, a\u00f1o este \u00faltimo que ha sido revisado de forma significativa a la baja\u00bb, apunta en una nota.<\/p>\n<p>Por su parte, Estad\u00edstica ha elevado <strong>dos d\u00e9cimas el crecimiento del PIB de 2022, hasta el 6,4%<\/strong>, consider\u00e1ndose este \u00faltimo dato como definitivo. <\/p>\n<p>La revisi\u00f3n de la serie para los tres a\u00f1os pasados han llevado al INE a una estimaci\u00f3n del PIB anual a precios corrientes de 1.594.330 millones de euros en 2024, un 0,2% superior al nivel estimado en la base contable anterior. <\/p>\n<p>(HABR\u00c1 AMPLIACI\u00d3N)<\/p>\n","protected":false},"excerpt":{"rendered":"La econom\u00eda espa\u00f1ola se comport\u00f3 mejor de lo esperado en 2024, seg\u00fan ha informado este viernes el Instituto&hellip;\n","protected":false},"author":2,"featured_media":124943,"comment_status":"","ping_status":"","sticky":false,"template":"","format":"standard","meta":{"footnotes":""},"categories":[80],"tags":[82,95,94,25,24,23],"class_list":{"0":"post-124942","1":"post","2":"type-post","3":"status-publish","4":"format-standard","5":"has-post-thumbnail","7":"category-economia","8":"tag-business","9":"tag-economia","10":"tag-economy","11":"tag-es","12":"tag-espana","13":"tag-spain"},"share_on_mastodon":{"url":"","error":""},"_links":{"self":[{"href":"https:\/\/www.europesays.com\/es\/wp-json\/wp\/v2\/posts\/124942","targetHints":{"allow":["GET"]}}],"collection":[{"href":"https:\/\/www.europesays.com\/es\/wp-json\/wp\/v2\/posts"}],"about":[{"href":"https:\/\/www.europesays.com\/es\/wp-json\/wp\/v2\/types\/post"}],"author":[{"embeddable":true,"href":"https:\/\/www.europesays.com\/es\/wp-json\/wp\/v2\/users\/2"}],"replies":[{"embeddable":true,"href":"https:\/\/www.europesays.com\/es\/wp-json\/wp\/v2\/comments?post=124942"}],"version-history":[{"count":0,"href":"https:\/\/www.europesays.com\/es\/wp-json\/wp\/v2\/posts\/124942\/revisions"}],"wp:featuredmedia":[{"embeddable":true,"href":"https:\/\/www.europesays.com\/es\/wp-json\/wp\/v2\/media\/124943"}],"wp:attachment":[{"href":"https:\/\/www.europesays.com\/es\/wp-json\/wp\/v2\/media?parent=124942"}],"wp:term":[{"taxonomy":"category","embeddable":true,"href":"https:\/\/www.europesays.com\/es\/wp-json\/wp\/v2\/categories?post=124942"},{"taxonomy":"post_tag","embeddable":true,"href":"https:\/\/www.europesays.com\/es\/wp-json\/wp\/v2\/tags?post=124942"}],"curies":[{"name":"wp","href":"https:\/\/api.w.org\/{rel}","templated":true}]}}