{"id":124954,"date":"2025-09-19T10:19:09","date_gmt":"2025-09-19T10:19:09","guid":{"rendered":"https:\/\/www.europesays.com\/es\/124954\/"},"modified":"2025-09-19T10:19:09","modified_gmt":"2025-09-19T10:19:09","slug":"granada-club-de-golf-celebra-su-gran-semana-con-el-trofeo-ciudad-de-la-alhambra-como-plato-fuerte","status":"publish","type":"post","link":"https:\/\/www.europesays.com\/es\/124954\/","title":{"rendered":"Granada Club de Golf celebra su gran semana con el Trofeo Ciudad de la Alhambra como plato fuerte"},"content":{"rendered":"<p class=\"v-mdl-ath__p v-mdl-ath__p--6\">\nViernes, 19 de septiembre 2025, 00:11<\/p>\n<p class=\"v-p\">Los aficionados al golf tienen por delante una semana intensa de actividades. Para comenzar este fin de semana el <a href=\"https:\/\/leclub-golf.com\/es\/green-fees\/espana\/5-granada-club-de-golf\" rel=\"nofollow noopener\" target=\"_blank\" data-voc-vtm-id=\"in-text-traffic\" title=\"club de Las Gabias\" data-mrf-link=\"leclub-golf.com\">club de Las Gabias<\/a> acoge la XXVIII edici\u00f3n del Trofeo de Golf Ciudad De La Alhambra, en modalidad por equipos de cuatro jugadores. A lo largo de la semana se suceder\u00e1n torneos tan consolidados como el V Trofeo de Putting Green, el VII Trofeo de Damas, el XV Trofeo S\u00e9nior \u00abCiudad de Las Gabias\u00bb, el XI Trofeo Nocturno, el IV Trofeo Infantil y, como broche final, el XXI Trofeo Granada Club de Golf.<\/p>\n<p class=\"v-p\">Adem\u00e1s de la emoci\u00f3n en el campo, la organizaci\u00f3n ha previsto premios especiales \u2014incluido el codiciado \u00abhoyo en 1 Powakaddy\u00bb\u2014 y actividades que fomentan la convivencia entre los participantes. Al t\u00e9rmino de cada jornada, los jugadores podr\u00e1n compartir un \u00e1gape, reforzando as\u00ed el esp\u00edritu social del club.<\/p>\n<p><img decoding=\"async\" loading=\"lazy\" src=\"https:\/\/www.europesays.com\/es\/wp-content\/uploads\/2025\/09\/EPGG_24_-_1-kSsF--650x455@Ideal.jpg\" class=\"v-a-img\" width=\"650\" height=\"455\" alt=\"\" data-voc-vtm-id=\"in-text-traffic\"\/><\/p>\n<p><img loading=\"lazy\" decoding=\"async\" src=\"https:\/\/www.europesays.com\/es\/wp-content\/uploads\/2025\/09\/EPGG_24_-_1-kSsF--1920x1344@Ideal.jpg\" class=\"v-mdl__img-z\" width=\"1920\" height=\"1344\" alt=\"\"\/><\/p>\n<p class=\"v-p\">La clausura llegar\u00e1 el s\u00e1bado 27 de septiembre con un c\u00f3ctel de gala y la entrega de premios en la terraza-jard\u00edn del restaurante del club, un encuentro que reunir\u00e1 a socios, patrocinadores y autoridades.<\/p>\n<p class=\"v-p\">El gerente del club, Jos\u00e9 Manuel Canalejo Mesa, ha querido subrayar el valor de esta cita anual: \u00abLa Semana del Club es mucho m\u00e1s que deporte: es tradici\u00f3n, compa\u00f1erismo y orgullo para nuestra comunidad golfista\u00bb.<\/p>\n<p class=\"v-p\">Con el respaldo de patrocinadores y el compromiso de sus socios, la Semana del Granada Club de Golf 2025 se presenta como una cita ineludible para los amantes de este deporte en la provincia.<\/p>\n<p>Reporta un error<\/p>\n","protected":false},"excerpt":{"rendered":"Viernes, 19 de septiembre 2025, 00:11 Los aficionados al golf tienen por delante una semana intensa de actividades.&hellip;\n","protected":false},"author":2,"featured_media":124955,"comment_status":"","ping_status":"","sticky":false,"template":"","format":"standard","meta":{"footnotes":""},"categories":[275],"tags":[35378,6951,777,1798,168,25,24,5514,329,3956,494,9721,773,23,167,7132],"class_list":{"0":"post-124954","1":"post","2":"type-post","3":"status-publish","4":"format-standard","5":"has-post-thumbnail","7":"category-golf","8":"tag-alhambra","9":"tag-celebra","10":"tag-ciudad","11":"tag-club","12":"tag-deportes","13":"tag-es","14":"tag-espana","15":"tag-fuerte","16":"tag-golf","17":"tag-gran","18":"tag-granada","19":"tag-plato","20":"tag-semana","21":"tag-spain","22":"tag-sports","23":"tag-trofeo"},"share_on_mastodon":{"url":"","error":""},"_links":{"self":[{"href":"https:\/\/www.europesays.com\/es\/wp-json\/wp\/v2\/posts\/124954","targetHints":{"allow":["GET"]}}],"collection":[{"href":"https:\/\/www.europesays.com\/es\/wp-json\/wp\/v2\/posts"}],"about":[{"href":"https:\/\/www.europesays.com\/es\/wp-json\/wp\/v2\/types\/post"}],"author":[{"embeddable":true,"href":"https:\/\/www.europesays.com\/es\/wp-json\/wp\/v2\/users\/2"}],"replies":[{"embeddable":true,"href":"https:\/\/www.europesays.com\/es\/wp-json\/wp\/v2\/comments?post=124954"}],"version-history":[{"count":0,"href":"https:\/\/www.europesays.com\/es\/wp-json\/wp\/v2\/posts\/124954\/revisions"}],"wp:featuredmedia":[{"embeddable":true,"href":"https:\/\/www.europesays.com\/es\/wp-json\/wp\/v2\/media\/124955"}],"wp:attachment":[{"href":"https:\/\/www.europesays.com\/es\/wp-json\/wp\/v2\/media?parent=124954"}],"wp:term":[{"taxonomy":"category","embeddable":true,"href":"https:\/\/www.europesays.com\/es\/wp-json\/wp\/v2\/categories?post=124954"},{"taxonomy":"post_tag","embeddable":true,"href":"https:\/\/www.europesays.com\/es\/wp-json\/wp\/v2\/tags?post=124954"}],"curies":[{"name":"wp","href":"https:\/\/api.w.org\/{rel}","templated":true}]}}