{"id":124956,"date":"2025-09-19T10:20:10","date_gmt":"2025-09-19T10:20:10","guid":{"rendered":"https:\/\/www.europesays.com\/es\/124956\/"},"modified":"2025-09-19T10:20:10","modified_gmt":"2025-09-19T10:20:10","slug":"donde-ver-online-y-en-television-a-carlos-alcaraz-hoy-en-la-laver-cup-y-a-que-hora-juega-hoy","status":"publish","type":"post","link":"https:\/\/www.europesays.com\/es\/124956\/","title":{"rendered":"D\u00f3nde ver online y en televisi\u00f3n a Carlos Alcaraz hoy en la Laver Cup y a qu\u00e9 hora juega hoy"},"content":{"rendered":"<p><img decoding=\"async\" class=\"voc-author__img\" src=\"https:\/\/www.europesays.com\/es\/wp-content\/uploads\/2025\/07\/1753917311_161_autor-7263-foto-1.jpeg\" alt=\"Daniel Dom\u00ednguez\"\/><\/p>\n<p>19\/09\/2025<br \/>\n<br \/><strong><br \/>\nActualizado a las 05:30h.<br \/>\n<\/strong><\/p>\n<p class=\"voc-p\" style=\"\"><strong>Mediados de septiembre<\/strong> (entre el d\u00eda 19 y 21), dos semanas despu\u00e9s del US Open, la <strong>Laver Cup<\/strong>, ya una costumbre en el calendario ten\u00edstico. El torneo, que <strong>mide al combinado de Europa contra tenistas que representan al resto del mundo<\/strong>, fue instaurado en 2017 y camina ya por su octava edici\u00f3n. Tan solo la pandemia de la Covid-19 oblig\u00f3 a su cancelaci\u00f3n en 2020.<\/p>\n<p class=\"voc-p\" style=\"\"><a href=\"https:\/\/www.abc.es\/deportes\/tenis\/alcaraz-lider-equipo-europa-laver-cup-sinner-20250820201425-nt.html\" data-voc-vtm-id=\"in-text-traffic\" title=\"Carlos Alcaraz capitanea por segundo a\u00f1o consecutivo al conjunto europeo\" data-mrf-link=\"www.abc.es\" rel=\"nofollow noopener\" target=\"_blank\">Carlos Alcaraz capitanea por segundo a\u00f1o consecutivo al conjunto europeo<\/a> ante la ausencia de otros grandes nombres como <a href=\"https:\/\/www.abc.es\/deportes\/tenis\/juegan-sinner-djokovic-laver-cup-20250918162418-nt.html\" data-voc-vtm-id=\"in-text-traffic\" title=\"Jannik Sinner o Novak Djokovic\" data-mrf-link=\"www.abc.es\" rel=\"nofollow noopener\" target=\"_blank\">Jannik Sinner o Novak Djokovic<\/a>. El murciano, en su debut en la Laver en 2024, fue determinante para el triunfo final europeo, al ser part\u00edcipe de ocho de los 13 puntos conquistados y al ganar el duelo decisivo ante Fritz.<\/p>\n<p class=\"voc-p\" style=\"\"><strong>13<\/strong> es, precisamente, la <strong>cifra que se necesita para ganar la Laver Cup<\/strong>, al estar en juego 24 puntos, que van en l\u00ednea ascendente a lo largo de todo el fin de semana: cuatro el viernes, ocho el s\u00e1bado y doce el domingo. <a href=\"https:\/\/www.abc.es\/deportes\/tenis\/laver-cup-empieza-equipos-partidos-formato-alcaraz-20250918143056-nt.html\" data-voc-vtm-id=\"in-text-traffic\" title=\"Aqu\u00ed\" data-mrf-link=\"www.abc.es\" rel=\"nofollow noopener\" target=\"_blank\">Aqu\u00ed<\/a> puedes encontrar informaci\u00f3n m\u00e1s detallada sobre el formato y todo lo que rodea a la Laver Cup.<\/p>\n<p>\nA qu\u00e9 hora juega Carlos Alcaraz en la Laver Cup hoy\n<\/p>\n<p class=\"voc-p\" style=\"\">Carlos Alcaraz debuta en la Laver Cup este viernes, pero no en individuales. El hecho de que los partidos de la primera jornada valgan un punto, unido a las normas del torneo (si Alcaraz juega individuales hoy, no puede hacerlo ma\u00f1ana), hace que Yannick Noah, capit\u00e1n del equipo europeo, se guarde al de El Palmar para el s\u00e1bado, cuando los partidos suponen dos puntos (en caso de ganarlo, claro).<\/p>\n<p class=\"voc-p\" style=\"\">De este modo, <strong>Alcaraz se estrena en la Laver Cup 2025<\/strong> este viernes en el \u00fanico <strong>partido de dobles<\/strong>, el que cierra la jornada, <strong>previsiblemente no antes de las 5:30 hora peninsular espa\u00f1ola<\/strong> de la madrugada del viernes al s\u00e1bado. Har\u00e1 pareja con el checo Jakub Men\u0161\u00edk y se enfrentar\u00e1 a los estadounidenses Taylor Fritz y Alex Michelsen.<\/p>\n<p class=\"voc-p\" style=\"\">Comenzar\u00e1 a continuaci\u00f3n del encuentro de individuales que abre la sesi\u00f3n de noche (Cobolli &#8211; Fonseca), que comienza no antes de las 4:00. Hay que se\u00f1alar que en el Chase Center (San Francisco), sede del torneo, son nueve horas menos que en la Pen\u00ednsula.<\/p>\n<p>\nD\u00f3nde se ve el partido de Carlos Alcaraz en la Laver Cup 2025 en televisi\u00f3n y online en Espa\u00f1a\n<\/p>\n<p class=\"voc-p\" style=\"\">Este partido de Carlos Alcaraz y todos los del murciano en la Laver Cup, as\u00ed como la competici\u00f3n al completo, se puede ver en Espa\u00f1a en <strong>Eurosport 2<\/strong>. Adem\u00e1s, Eurosport emite el torneo a trav\u00e9s de <strong>HBO Max<\/strong>, su plataforma de streaming online.<\/p>\n<p class=\"voc-p\" style=\"\">No existe ninguna posibilidad de ver la Laver Cup en Espa\u00f1a en abierto, pero en <a href=\"https:\/\/www.abc.es\/\" data-voc-vtm-id=\"in-text-traffic\" title=\"abc.es\" data-mrf-link=\"www.abc.es\" rel=\"nofollow noopener\" target=\"_blank\">abc.es<\/a> te contaremos la informaci\u00f3n del torneo.<\/p>\n<p>Reportar un error<\/p>\n","protected":false},"excerpt":{"rendered":"19\/09\/2025 Actualizado a las 05:30h. Mediados de septiembre (entre el d\u00eda 19 y 21), dos semanas despu\u00e9s del&hellip;\n","protected":false},"author":2,"featured_media":124957,"comment_status":"","ping_status":"","sticky":false,"template":"","format":"standard","meta":{"footnotes":""},"categories":[274],"tags":[4736,415,5393,168,25,24,1458,315,4348,25573,133,23,167,807,327,326,809],"class_list":{"0":"post-124956","1":"post","2":"type-post","3":"status-publish","4":"format-standard","5":"has-post-thumbnail","7":"category-tenis","8":"tag-alcaraz","9":"tag-carlos","10":"tag-cup","11":"tag-deportes","12":"tag-es","13":"tag-espana","14":"tag-hora","15":"tag-hoy","16":"tag-juega","17":"tag-laver","18":"tag-online","19":"tag-spain","20":"tag-sports","21":"tag-television","22":"tag-tenis","23":"tag-tennis","24":"tag-ver"},"share_on_mastodon":{"url":"","error":""},"_links":{"self":[{"href":"https:\/\/www.europesays.com\/es\/wp-json\/wp\/v2\/posts\/124956","targetHints":{"allow":["GET"]}}],"collection":[{"href":"https:\/\/www.europesays.com\/es\/wp-json\/wp\/v2\/posts"}],"about":[{"href":"https:\/\/www.europesays.com\/es\/wp-json\/wp\/v2\/types\/post"}],"author":[{"embeddable":true,"href":"https:\/\/www.europesays.com\/es\/wp-json\/wp\/v2\/users\/2"}],"replies":[{"embeddable":true,"href":"https:\/\/www.europesays.com\/es\/wp-json\/wp\/v2\/comments?post=124956"}],"version-history":[{"count":0,"href":"https:\/\/www.europesays.com\/es\/wp-json\/wp\/v2\/posts\/124956\/revisions"}],"wp:featuredmedia":[{"embeddable":true,"href":"https:\/\/www.europesays.com\/es\/wp-json\/wp\/v2\/media\/124957"}],"wp:attachment":[{"href":"https:\/\/www.europesays.com\/es\/wp-json\/wp\/v2\/media?parent=124956"}],"wp:term":[{"taxonomy":"category","embeddable":true,"href":"https:\/\/www.europesays.com\/es\/wp-json\/wp\/v2\/categories?post=124956"},{"taxonomy":"post_tag","embeddable":true,"href":"https:\/\/www.europesays.com\/es\/wp-json\/wp\/v2\/tags?post=124956"}],"curies":[{"name":"wp","href":"https:\/\/api.w.org\/{rel}","templated":true}]}}