{"id":124958,"date":"2025-09-19T10:21:14","date_gmt":"2025-09-19T10:21:14","guid":{"rendered":"https:\/\/www.europesays.com\/es\/124958\/"},"modified":"2025-09-19T10:21:14","modified_gmt":"2025-09-19T10:21:14","slug":"la-plaza-mayor-culminara-una-vuelta-a-salamanca-elite-y-sub-23-con-sabor-a-despedida","status":"publish","type":"post","link":"https:\/\/www.europesays.com\/es\/124958\/","title":{"rendered":"La Plaza Mayor culminar\u00e1 una Vuelta a Salamanca \u00c9lite y sub 23 con sabor a despedida"},"content":{"rendered":"<p><img fetchpriority=\"high\" class=\"v-a-img\" src=\"https:\/\/www.europesays.com\/es\/wp-content\/uploads\/2025\/09\/IMG_1623-ROqrcxMzEdJmVF5FRKU4rhO-1200x840@Gaceta Salamanca.JPG\" loading=\"eager\" decoding=\"async\" alt=\"Organizadores y representantes de las instituciones, junto a los maillots de la Vuelta a Salamanca.\"  width=\"1200\" height=\"840\"\/><\/p>\n<p>Organizadores y representantes de las instituciones, junto a los maillots de la Vuelta a Salamanca.                  <\/p>\n<p>Tres etapas componen la 53\u00aa edici\u00f3n, tras la que Och\u00e9 Alonso ceder\u00e1 el testigo de la organizaci\u00f3n a Carlos Castro<\/p>\n<p><a class=\"v-mdl-ath__fig-a\" href=\"https:\/\/www.lagacetadesalamanca.es\/autor\/alex-g-santana-6000.html\" title=\"Alex G. Santana\" rel=\"nofollow noopener\" target=\"_blank\"><br \/>\n<img decoding=\"async\" class=\"v-mdl-ath__img\" src=\"https:\/\/www.europesays.com\/es\/wp-content\/uploads\/2025\/09\/autor-6000-foto-1.png\" alt=\"Alex G. Santana\"\/><br \/>\n<\/a><\/p>\n<p class=\"v-mdl-ath__p v-mdl-ath__p--6\">\nJueves, 18 de septiembre 2025, 12:23<\/p>\n<p class=\"v-p\">El Sal\u00f3n de Recepciones del Ayuntamiento de Salamanca ha acogido este jueves la presentaci\u00f3n de la 53\u00aa edici\u00f3n de la <strong>Vuelta a Salamanca \u00c9lite y sub 23<\/strong>, que desde el viernes hasta el domingo transcurrir\u00e1 por las carreteras de la provincia para tener su colof\u00f3n en la Plaza Mayor.<\/p>\n<p class=\"v-p\">Tres ser\u00e1n las etapas que la componen: la primera, entre <strong>Cantalpino<\/strong> y <strong>Babilafuente<\/strong>, de 146 kil\u00f3metros, bastante llana y la posibilidad de que haga su aparici\u00f3n el viento. La segunda, el s\u00e1bado, entre <strong>La Alberca<\/strong> y <strong>Ledrada<\/strong>, de 126 kil\u00f3metros con los altos de Miranda del Casta\u00f1ar, Crist\u00f3bal y Navalmoral de B\u00e9jar. Y la tercera y definitiva, con una espectacular contrarreloj individual de 4,2 kil\u00f3metros por el casco hist\u00f3rico de <strong>Salamanca<\/strong> y la llegada en la Plaza Mayor.<\/p>\n<p class=\"v-p\">Un a\u00f1o m\u00e1s, lo m\u00e1s granado del pelot\u00f3n espa\u00f1ol de las categor\u00edas \u00e9lite y sub 23 estar\u00e1 en la l\u00ednea de salida de Cantalpino. Ser\u00e1n 18 equipos y 117 corredores, entre ellos varios salmantinos.<\/p>\n<p class=\"v-p\"><strong>Och\u00e9 Alonso<\/strong>, presidente del Club Ciclista Promesal, que se hizo cargo de organizar la Vuelta a Salamanca hace 9 a\u00f1os, ha dado la noticia de que esta 53\u00aa edici\u00f3n ser\u00e1 la \u00faltima con \u00e9l a la cabeza, y que a partir de la pr\u00f3xima ceder\u00e1 el testigo a <strong>Carlos Castro<\/strong>.<\/p>\n<p>Comenta<\/p>\n<p>Reporta un error<\/p>\n","protected":false},"excerpt":{"rendered":"Organizadores y representantes de las instituciones, junto a los maillots de la Vuelta a Salamanca. Tres etapas componen&hellip;\n","protected":false},"author":2,"featured_media":124959,"comment_status":"","ping_status":"","sticky":false,"template":"","format":"standard","meta":{"footnotes":""},"categories":[273],"tags":[313,40791,312,168,204,1755,25,24,31,1386,20303,3614,23,167,4039,1357],"class_list":{"0":"post-124958","1":"post","2":"type-post","3":"status-publish","4":"format-standard","5":"has-post-thumbnail","7":"category-ciclismo","8":"tag-ciclismo","9":"tag-culminara","10":"tag-cycling","11":"tag-deportes","12":"tag-despedida","13":"tag-elite","14":"tag-es","15":"tag-espana","16":"tag-mayor","17":"tag-plaza","18":"tag-sabor","19":"tag-salamanca","20":"tag-spain","21":"tag-sports","22":"tag-sub","23":"tag-vuelta"},"share_on_mastodon":{"url":"","error":""},"_links":{"self":[{"href":"https:\/\/www.europesays.com\/es\/wp-json\/wp\/v2\/posts\/124958","targetHints":{"allow":["GET"]}}],"collection":[{"href":"https:\/\/www.europesays.com\/es\/wp-json\/wp\/v2\/posts"}],"about":[{"href":"https:\/\/www.europesays.com\/es\/wp-json\/wp\/v2\/types\/post"}],"author":[{"embeddable":true,"href":"https:\/\/www.europesays.com\/es\/wp-json\/wp\/v2\/users\/2"}],"replies":[{"embeddable":true,"href":"https:\/\/www.europesays.com\/es\/wp-json\/wp\/v2\/comments?post=124958"}],"version-history":[{"count":0,"href":"https:\/\/www.europesays.com\/es\/wp-json\/wp\/v2\/posts\/124958\/revisions"}],"wp:featuredmedia":[{"embeddable":true,"href":"https:\/\/www.europesays.com\/es\/wp-json\/wp\/v2\/media\/124959"}],"wp:attachment":[{"href":"https:\/\/www.europesays.com\/es\/wp-json\/wp\/v2\/media?parent=124958"}],"wp:term":[{"taxonomy":"category","embeddable":true,"href":"https:\/\/www.europesays.com\/es\/wp-json\/wp\/v2\/categories?post=124958"},{"taxonomy":"post_tag","embeddable":true,"href":"https:\/\/www.europesays.com\/es\/wp-json\/wp\/v2\/tags?post=124958"}],"curies":[{"name":"wp","href":"https:\/\/api.w.org\/{rel}","templated":true}]}}