{"id":124962,"date":"2025-09-19T10:23:17","date_gmt":"2025-09-19T10:23:17","guid":{"rendered":"https:\/\/www.europesays.com\/es\/124962\/"},"modified":"2025-09-19T10:23:17","modified_gmt":"2025-09-19T10:23:17","slug":"sedekerskis-nueva-baja-del-baskonia-para-el-trofeo-encestarias","status":"publish","type":"post","link":"https:\/\/www.europesays.com\/es\/124962\/","title":{"rendered":"Sedekerskis, nueva baja del Baskonia para el Trofeo EncestaR\u00edas"},"content":{"rendered":"<p>\n        <strong>El lituano Tadas Sedekerskis, el let\u00f3n Rodions Kurucs y el norteamericano Markus Howard<\/strong> se quedar\u00e1n en Vitoria y no viajar\u00e1n con el Baskonia a Pontevedra para disputar el Trofeo EncestaR\u00edas que se celebra este fin de semana.\n<\/p>\n<p class=\"article-body__text \">\n        Los tres jugadores azulgranas <strong>tienen problemas f\u00edsicos que les han impedido debutar <\/strong>con su equipo en esta preparaci\u00f3n.\n<\/p>\n<p class=\"article-body__text \">\n        Kurucs se encuentra en pleno proceso de recuperaci\u00f3n de su intervenci\u00f3n quir\u00fargica en la fascia plantar, mientras que Howard sufre unas molestias musculares que le mantienen al margen del grupo, y<strong> Tadas Sedekerskis tiene que vigilar uno de sus tobillos<\/strong>.\n<\/p>\n<p>            <a href=\"https:\/\/www.noticiasdealava.eus\/baskonia\/2025\/09\/15\/primeras-pinceladas-galbiati-10087260.html\" title=\"Primeras pinceladas de la era Galbiati\" class=\"new__media\" rel=\"nofollow noopener\" target=\"_blank\"><\/p>\n<p>                <img alt=\"Primeras pinceladas de la era Galbiati\" data-src=\"https:\/\/www.europesays.com\/es\/wp-content\/uploads\/2025\/09\/404787de-aa00-41fd-b8d2-87d4178a3a8a_16-9-aspect-ratio_default_0_x2960y1142.jpg\" class=\"lozad\"\/><\/p>\n<p>        <\/a><\/p>\n<p>        <a href=\"https:\/\/www.noticiasdealava.eus\/baskonia\/2025\/09\/15\/primeras-pinceladas-galbiati-10087260.html\" title=\"Primeras pinceladas de la era Galbiati\" class=\"new__headline\" rel=\"nofollow noopener\" target=\"_blank\"><br \/>\n            Primeras pinceladas de la era Galbiati<br \/>\n        <\/a><\/p>\n<p class=\"article-body__text \">\n        El italiano Paolo Galbiati contar\u00e1 con doce jugadores ya que en lugar de los dos lesionados <strong>viajan con la expedici\u00f3n I\u00f1igo Royo, Vit Hrabar y Stefan Joksimovic<\/strong>.\n<\/p>\n<p class=\"article-body__text \">\n        Los que s\u00ed podr\u00e1n debutar esta temporada a las \u00f3rdenes del preparador lombardo son los otros dos internacionales reci\u00e9n llegados del Eurobasket como <strong>Tim Luwawu-Cabarrot y Matteo Spagnolo<\/strong>.\n<\/p>\n<p>            <a href=\"https:\/\/www.noticiasdealava.eus\/baskonia\/2025\/09\/17\/comunion-baskonia-aficionados-firma-autografos-entrenador-jugadores-10095518.html\" title=\"Comuni\u00f3n entre el Baskonia y sus aficionados\" class=\"new__media\" rel=\"nofollow noopener\" target=\"_blank\"><\/p>\n<p>                <img alt=\"Comuni\u00f3n entre el Baskonia y sus aficionados\" data-src=\"https:\/\/www.europesays.com\/es\/wp-content\/uploads\/2025\/09\/a7b32d5e-636e-485d-8595-1ba5069bddb7_16-9-aspect-ratio_default_0.jpg\" class=\"lozad\"\/><\/p>\n<p>        <\/a><\/p>\n<p>        <a href=\"https:\/\/www.noticiasdealava.eus\/baskonia\/2025\/09\/17\/comunion-baskonia-aficionados-firma-autografos-entrenador-jugadores-10095518.html\" title=\"Comuni\u00f3n entre el Baskonia y sus aficionados\" class=\"new__headline\" rel=\"nofollow noopener\" target=\"_blank\"><br \/>\n            Comuni\u00f3n entre el Baskonia y sus aficionados<br \/>\n        <\/a><\/p>\n<p class=\"article-body__text \">\n        <strong>El Baskonia se medir\u00e1 este viernes al Valencia Basket a las 18.45 horas<\/strong> y en la otra semifinal lo har\u00e1n el Real Madrid y el R\u00edo Breog\u00e1n.\n<\/p>\n<p class=\"article-body__text \">\n        Los ganadores de ambos duelos se enfrentar\u00e1n <strong>en la final prevista para el s\u00e1bado a las 20.30 horas<\/strong>, mientras que el tercer y cuarto puesto ser\u00e1 a las 18.00 horas.<\/p>\n","protected":false},"excerpt":{"rendered":"El lituano Tadas Sedekerskis, el let\u00f3n Rodions Kurucs y el norteamericano Markus Howard se quedar\u00e1n en Vitoria y&hellip;\n","protected":false},"author":2,"featured_media":124963,"comment_status":"","ping_status":"","sticky":false,"template":"","format":"standard","meta":{"footnotes":""},"categories":[269],"tags":[6814,299,298,4714,168,10570,25,24,795,27806,23,167,7132],"class_list":{"0":"post-124962","1":"post","2":"type-post","3":"status-publish","4":"format-standard","5":"has-post-thumbnail","7":"category-baloncesto","8":"tag-baja","9":"tag-baloncesto","10":"tag-basketball","11":"tag-baskonia","12":"tag-deportes","13":"tag-encestarias","14":"tag-es","15":"tag-espana","16":"tag-nueva","17":"tag-sedekerskis","18":"tag-spain","19":"tag-sports","20":"tag-trofeo"},"share_on_mastodon":{"url":"","error":""},"_links":{"self":[{"href":"https:\/\/www.europesays.com\/es\/wp-json\/wp\/v2\/posts\/124962","targetHints":{"allow":["GET"]}}],"collection":[{"href":"https:\/\/www.europesays.com\/es\/wp-json\/wp\/v2\/posts"}],"about":[{"href":"https:\/\/www.europesays.com\/es\/wp-json\/wp\/v2\/types\/post"}],"author":[{"embeddable":true,"href":"https:\/\/www.europesays.com\/es\/wp-json\/wp\/v2\/users\/2"}],"replies":[{"embeddable":true,"href":"https:\/\/www.europesays.com\/es\/wp-json\/wp\/v2\/comments?post=124962"}],"version-history":[{"count":0,"href":"https:\/\/www.europesays.com\/es\/wp-json\/wp\/v2\/posts\/124962\/revisions"}],"wp:featuredmedia":[{"embeddable":true,"href":"https:\/\/www.europesays.com\/es\/wp-json\/wp\/v2\/media\/124963"}],"wp:attachment":[{"href":"https:\/\/www.europesays.com\/es\/wp-json\/wp\/v2\/media?parent=124962"}],"wp:term":[{"taxonomy":"category","embeddable":true,"href":"https:\/\/www.europesays.com\/es\/wp-json\/wp\/v2\/categories?post=124962"},{"taxonomy":"post_tag","embeddable":true,"href":"https:\/\/www.europesays.com\/es\/wp-json\/wp\/v2\/tags?post=124962"}],"curies":[{"name":"wp","href":"https:\/\/api.w.org\/{rel}","templated":true}]}}