{"id":124964,"date":"2025-09-19T10:24:10","date_gmt":"2025-09-19T10:24:10","guid":{"rendered":"https:\/\/www.europesays.com\/es\/124964\/"},"modified":"2025-09-19T10:24:10","modified_gmt":"2025-09-19T10:24:10","slug":"la-hemeroteca-manda-el-dia-en-el-que-simeone-justifico-la-actitud-de-su-aficion-contra-courtois-futbol","status":"publish","type":"post","link":"https:\/\/www.europesays.com\/es\/124964\/","title":{"rendered":"\u00abLa hemeroteca manda\u00bb: el d\u00eda en el que Simeone justific\u00f3 la actitud de su afici\u00f3n contra Courtois | F\u00fatbol"},"content":{"rendered":"<p class=\"loc\">Madrid<\/p>\n<p>La primera jornada de la UEFA Champions League ha estado marcada, entre otras cosas<a href=\"https:\/\/cadenaser.com\/nacional\/2025\/09\/17\/el-cholo-simeone-expulsado-tras-encararse-con-un-aficionado-del-liverpool-al-que-acuso-de-hacerle-una-peineta-cadena-ser\/\" target=\"_blank\" rel=\"noreferrer nofollow noopener\" title=\"https:\/\/cadenaser.com\/nacional\/2025\/09\/17\/el-cholo-simeone-expulsado-tras-encararse-con-un-aficionado-del-liverpool-al-que-acuso-de-hacerle-una-peineta-cadena-ser\/\">, por la expulsi\u00f3n de Diego Pablo Simeone en el partido que enfrent\u00f3 al Liverpool FC<\/a> y al Atl\u00e9tico de Madrid, que se resolvi\u00f3 con la victoria de los ingleses por tres goles a dos. Despu\u00e9s de que el futbolista Virgil van Dijk hiciera el tercer y \u00faltimo gol del conjunto ingl\u00e9s, con el que le otorgaba la victoria al equipo local, el entrenador del Atl\u00e9tico de Madrid se encar\u00f3 con un aficionado del club ingl\u00e9s despu\u00e9s de que este estuviera todo el partido increp\u00e1ndole. Un primer incidente que deriv\u00f3 en una trifulca que acab\u00f3 con la expulsi\u00f3n del t\u00e9cnico argentino. <\/p>\n<p>M\u00e1s informaci\u00f3n<\/p>\n<p>A pesar de que el colegiado del encuentro, el italiano Maurizio Mariani, dijo que lo comprend\u00eda, este acab\u00f3 expuls\u00e1ndole al entender que su reacci\u00f3n estaba fuera de lugar. Tras el final del encuentro, Simeone reconoc\u00eda que hab\u00eda sido muy complicado gestionar toda esa situaci\u00f3n: \u00abVienen hablando de cuidar el espect\u00e1culo, pero te <a href=\"https:\/\/cadenaser.com\/nacional\/2025\/09\/17\/simeoneinsultan-todo-el-partido-desde-detras-de-tu-banco-y-no-puedo-decir-nada-por-que-soy-el-entrenador-cadena-ser\/\" target=\"_blank\" rel=\"noreferrer nofollow noopener\" title=\"https:\/\/cadenaser.com\/nacional\/2025\/09\/17\/simeoneinsultan-todo-el-partido-desde-detras-de-tu-banco-y-no-puedo-decir-nada-por-que-soy-el-entrenador-cadena-ser\/\">insultan todo el partido desde atr\u00e1s y no puedes decir nada<\/a>, porque soy el entrenador. No es justificable mi reacci\u00f3n al insulto, pero no sabes lo que es 90 minutos insultado sin parar. Espero que un club como el Liverpool pueda mejorar esto y, cuando identifiquen a la persona, tenga sus consecuencias\u00bb.<\/p>\n<p>Los ataques a Courtois<\/p>\n<p>Un tema sobre el que hemos hablado en El Larguero, donde algunos como Antonio Romero han condenado cualquier tipo de insultos al mismo tiempo que han aprovechado para recordar algo que hizo Simeone en el pasado: \u00abYo estuve, por ejemplo, en el Metropolitano cuando Thibaut Courtois se llev\u00f3 la del pulpo por celebrar un gol y darse la vuelta contra la gente que le estaba insultando, escupiendo y tir\u00e1ndole mecheros\u00bb.<\/p>\n<blockquote class=\"twitter-tweet\">\n<p lang=\"es\" dir=\"ltr\">\ud83d\ude20\ud83d\udca2 <a href=\"https:\/\/twitter.com\/aromeroser?ref_src=twsrc%5Etfw\" rel=\"nofollow noopener\" target=\"_blank\">@aromeroser<\/a>, sobre la expulsi\u00f3n de Simeone en Anfield tras encararse con un aficionado<\/p>\n<p>\ud83d\udc49\u00bbEstoy radicalmente en contra de la gente que va a un estadio a escupir, insultar&#8230;\u00bb<\/p>\n<p>\ud83e\udef5\u203c\ufe0f \u00abLa hemeroteca manda y cuando le pas\u00f3 a Courtois en el Metropolitano, Simeone lo justific\u00f3\u00bb <a href=\"https:\/\/t.co\/yxLjO40vwC\" rel=\"nofollow\">pic.twitter.com\/yxLjO40vwC<\/a><\/p>\n<p>\u2014 El Larguero (@ellarguero) <a href=\"https:\/\/twitter.com\/ellarguero\/status\/1968810127722524838?ref_src=twsrc%5Etfw\" rel=\"nofollow noopener\" target=\"_blank\">September 18, 2025<\/a><\/p><\/blockquote>\n<p>En ese momento, el entrenador del Atl\u00e9tico de Madrid no conden\u00f3 en\u00e9rgicamente los ataques de su afici\u00f3n contra el portero del Real Madrid, llegando incluso a pedir sanciones a quienes provocaran: \u00abEn las entrevistas postpartido, el Cholo Simeone, lejos de criticar esa actitud de ese sector muy determinado de la afici\u00f3n del Atl\u00e9tico de Madrid, lo que hizo fue justificarlo y decir que los jugadores tienen que tener otro comportamiento y no provocar. \u00bfProvoc\u00f3 ayer el Cholo Simeone al est\u00fapido o los est\u00fapidos que le estuvieron insultando durante todo el partido? Radicalmente no. Exactamente igual que Thibaut Courtois celebr\u00f3 un gol y no provoc\u00f3 a esa parte de la afici\u00f3n que le escupi\u00f3, le insult\u00f3 y que Simeone justific\u00f3\u00bb.<\/p>\n<p>La hemeroteca<\/p>\n<p>Hace cerca de un a\u00f1o, concretamente en septiembre de 2024, Atl\u00e9tico de Madrid y Real Madrid se enfrentaban en el primer derbi de la temporada con el objetivo de llevarse tres puntos vitales que les permitiera seguir en lo m\u00e1s alto de la clasificaci\u00f3n. Un partido de lo m\u00e1s disputado, que acab\u00f3 con empate a un gol, del que se habl\u00f3 m\u00e1s bien poco en el plano deportivo. Todo ello porque el encuentro qued\u00f3 empa\u00f1ado por el lanzamiento de objetos por parte del Frente Atl\u00e9tico contra Thibaut Courtois. Despu\u00e9s de que Eder Militao hiciera el primer y \u00fanico gol de los blancos, los aficionados del Atl\u00e9tico de Madrid le arrogaron todo tipo de objetos al cancerbero al entender que este les hab\u00eda provocado por celebrar el gol. <\/p>\n<p>A pesar de que Diego Pablo Simeone conden\u00f3 el lanzamiento de objetos al terreno de juego, tambi\u00e9n se\u00f1al\u00f3 que el portero belga hab\u00eda estado provocando a la grada. De hecho, pidi\u00f3 al estamento arbitral que comenzara a sancionar a los jugadores que cargaran contra la gente: \u00abNosotros como protagonistas tambi\u00e9n podemos ayudar a que no sucedan esas cosas, porque la gente no reacciona as\u00ed porque s\u00ed. Reacciona por algo. Eso no justifica que eso est\u00e9 bien, pero cuidado que tambi\u00e9n podemos sancionar a los protagonistas por cargar a la gente y por incitar a la agente. Parece que como eres protagonista no pasa nada, pero cuidado con lo que nosotros generamos. Para m\u00ed deber\u00eda haber sanci\u00f3n tambi\u00e9n para el que provoca y as\u00ed equilibramos. No viene m\u00e1s el que tira el mechero y se sanciona al que carga. Ver\u00e1s como todo se equilibra\u00bb. Por lo tanto, Antonio Romero no entiende que Simeone se queje de lo vivido en Liverpool cuando comprendi\u00f3 lo que hizo su club ante las supuestas \u00abprovocaciones\u00bb de Courtois.<\/p>\n<p>Escucha &#8216;El Larguero&#8217; completo<\/p>\n<p><a href=\"https:\/\/cadenaser.com\/podcast\/cadena-ser\/el-larguero\/225\/\" target=\"_blank\" rel=\"nofollow noopener\" title=\"https:\/\/cadenaser.com\/podcast\/cadena-ser\/el-larguero\/225\/\">Esto es un fragmento de &#8216;El Larguero&#8217;,\u00a0<\/a>con Manu Carre\u00f1o. Puedes escuchar el programa completo aqu\u00ed:<\/p>\n<p><img decoding=\"async\" src=\"https:\/\/www.europesays.com\/es\/wp-content\/uploads\/2025\/09\/https:\/\/sdmedia.playser.cadenaser.com\/playser\/image\/20214\/07\/1617808668_asset_still.png\" alt=\"La victoria del Bar\u00e7a con Rashford como protagonista\" width=\"655\"   loading=\"lazy\"\/><\/p>\n<p class=\"tit\">La victoria del Bar\u00e7a con Rashford como protagonista<\/p>\n<p>00:00:0045:22<\/p>\n<p>El c\u00f3digo iframe se ha copiado en el portapapeles<\/p>\n<p>FacebookTwitterLinkedinWhatsAppCerrar<\/p>\n<p><script async src=\"https:\/\/platform.twitter.com\/widgets.js\" charset=\"utf-8\"><\/script><\/p>\n","protected":false},"excerpt":{"rendered":"Madrid La primera jornada de la UEFA Champions League ha estado marcada, entre otras cosas, por la expulsi\u00f3n&hellip;\n","protected":false},"author":2,"featured_media":124965,"comment_status":"","ping_status":"","sticky":false,"template":"","format":"standard","meta":{"footnotes":""},"categories":[268],"tags":[16705,3409,40792,168,25,24,40793,1205,40794,280,282,29117,1208,20112,288,1212,40795,1215,20115,20116,40796,31728,3048,7792,40797,281,23,167,40798,16711,40799],"class_list":{"0":"post-124964","1":"post","2":"type-post","3":"status-publish","4":"format-standard","5":"has-post-thumbnail","7":"category-futbol","8":"tag-athletic-performance","9":"tag-atletico-de-madrid","10":"tag-atletico-supporters","11":"tag-deportes","12":"tag-es","13":"tag-espana","14":"tag-estadio-civitas-metropolitano","15":"tag-european-football","16":"tag-fan-behavior","17":"tag-football","18":"tag-futbol","19":"tag-game-day","20":"tag-goalkeeper","21":"tag-jose-breton","22":"tag-laliga","23":"tag-match","24":"tag-match-incident","25":"tag-nurphoto","26":"tag-pics-action","27":"tag-player","28":"tag-player-safety","29":"tag-professional-sports","30":"tag-real-madrid","31":"tag-real-madrid-cf","32":"tag-september-29","33":"tag-soccer","34":"tag-spain","35":"tag-sports","36":"tag-sportsmanship","37":"tag-team-rivalry","38":"tag-throwing-of-objects"},"share_on_mastodon":{"url":"","error":""},"_links":{"self":[{"href":"https:\/\/www.europesays.com\/es\/wp-json\/wp\/v2\/posts\/124964","targetHints":{"allow":["GET"]}}],"collection":[{"href":"https:\/\/www.europesays.com\/es\/wp-json\/wp\/v2\/posts"}],"about":[{"href":"https:\/\/www.europesays.com\/es\/wp-json\/wp\/v2\/types\/post"}],"author":[{"embeddable":true,"href":"https:\/\/www.europesays.com\/es\/wp-json\/wp\/v2\/users\/2"}],"replies":[{"embeddable":true,"href":"https:\/\/www.europesays.com\/es\/wp-json\/wp\/v2\/comments?post=124964"}],"version-history":[{"count":0,"href":"https:\/\/www.europesays.com\/es\/wp-json\/wp\/v2\/posts\/124964\/revisions"}],"wp:featuredmedia":[{"embeddable":true,"href":"https:\/\/www.europesays.com\/es\/wp-json\/wp\/v2\/media\/124965"}],"wp:attachment":[{"href":"https:\/\/www.europesays.com\/es\/wp-json\/wp\/v2\/media?parent=124964"}],"wp:term":[{"taxonomy":"category","embeddable":true,"href":"https:\/\/www.europesays.com\/es\/wp-json\/wp\/v2\/categories?post=124964"},{"taxonomy":"post_tag","embeddable":true,"href":"https:\/\/www.europesays.com\/es\/wp-json\/wp\/v2\/tags?post=124964"}],"curies":[{"name":"wp","href":"https:\/\/api.w.org\/{rel}","templated":true}]}}