{"id":124966,"date":"2025-09-19T10:25:12","date_gmt":"2025-09-19T10:25:12","guid":{"rendered":"https:\/\/www.europesays.com\/es\/124966\/"},"modified":"2025-09-19T10:25:12","modified_gmt":"2025-09-19T10:25:12","slug":"dos-agendas-paralelas-que-vuelven-a-cruzar-sus-caminos","status":"publish","type":"post","link":"https:\/\/www.europesays.com\/es\/124966\/","title":{"rendered":"dos agendas paralelas que vuelven a cruzar sus caminos"},"content":{"rendered":"<p id=\"enSO_gKQt30\" data-wc=\"84\">Mientras el rey Juan Carlos I pone rumbo a Nueva York para disputar el <strong>Campeonato del Mundo de vela 6 Metros<\/strong>, la reina Sof\u00eda aterriza en Washington para presidir el <strong>II Simposio America&amp;Spain250<\/strong>, un encuentro acad\u00e9mico que conmemora los 250 a\u00f1os de la independencia de Estados Unidos y la hist\u00f3rica relaci\u00f3n entre ambos pa\u00edses, seg\u00fan ha confirmado la Casa Real. Dos viajes distintos, con prop\u00f3sitos muy diferentes, que vuelven a situar a los padres de Felipe VI en el centro de la actualidad internacional.<\/p>\n<p>    <img src=\"https:\/\/www.europesays.com\/es\/wp-content\/uploads\/2025\/09\/749c283969c8-europapress6950584donjuancarlossalenavegar13septiembre2025sanxenxoesp.jpg\"   width=\"1024\" height=\"682\" loading=\"lazy\" decoding=\"async\" alt=\"Media Image\" fetchpriority=\"auto\" class=\"image ho-image\"\/>\u00a9 Europa Press<br \/>\n   <img src=\"https:\/\/www.europesays.com\/es\/wp-content\/uploads\/2025\/09\/888157b5750c-gqmax-vwuaexkws.jpg\"   width=\"1024\" height=\"683\" loading=\"lazy\" decoding=\"async\" alt=\"La reina Sof\u00eda en el Banco de Alimentos de Guadalajara \" fetchpriority=\"auto\" class=\"image ho-image\"\/>\u00a9 GuadalajaraAyto <\/p>\n<p id=\"eyOZPl4VNRU\" data-wc=\"47\">El <strong>rey em\u00e9rito<\/strong>, gran apasionado de la n\u00e1utica, acaba de llegar a Nueva York, donde permanecer\u00e1 hasta el d\u00eda 27 de septiembre. Durante su estancia participar\u00e1 en los entrenamientos y regatas oficiales que se celebran en el prestigioso Seawanhaka Corinthian Yacht Club, en Oyster Bay (Long Island).<\/p>\n<p><img src=\"https:\/\/www.europesays.com\/es\/wp-content\/uploads\/2025\/09\/c06b13e4f24d-l5a6331.jpg\"   width=\"1024\" height=\"682\" loading=\"lazy\" decoding=\"async\" alt=\"El rey Juan Carlos tambi\u00e9n asisti\u00f3 a esta regata en 2024\" fetchpriority=\"auto\" class=\"image ho-image\"\/>\u00a9 MARIA MUINA <\/p>\n<p id=\"eSqPl_1elK1\" data-wc=\"80\">A pesar de que se ha dicho que los participantes de la Copa del Mundo asistir\u00e1n a una fiesta en el Seawanhaka Corinthian Yacht Club y que el s\u00e1bado habr\u00e1 una fiesta en casa del comodoro del club, Hugh Jones, cuya tem\u00e1tica es Bollywood, la realidad es que el padre de Felipe VI <a class=\"hm-link ho-link\" href=\"https:\/\/www.hola.com\/realeza\/casa_espanola\/20250916856141\/rey-juan-carlos-campeonato-mundo-vela-nueva-york\/\" data-mrf-recirculation=\"article-body-link\" rel=\"nofollow noopener\" target=\"_blank\">no acudir\u00e1 a ninguno de estos eventos<\/a>, ya que para \u00e9l su participaci\u00f3n en las regatas es un asunto \u00abmuy serio\u00bb y de absoluta prioridad para \u00e9l.<\/p>\n<p><img src=\"https:\/\/www.europesays.com\/es\/wp-content\/uploads\/2025\/09\/678553867f97-europapress6952565donjuancarlossalenavegar14septiembre2025sanxenxoesp.jpg\"   width=\"1024\" height=\"682\" loading=\"lazy\" decoding=\"async\" alt=\"Media Image\" fetchpriority=\"auto\" class=\"image ho-image\"\/>\u00a9 Europa Press <\/p>\n<p id=\"eVTRcM6USEg\" data-wc=\"57\">Don Juan Carlos sigue practicando vela, su deporte favorito, aunque eso signifique recorrer el mundo de punta a punta. Si bien el pasado fin de semana le ve\u00edamos <a class=\"hm-link ho-link\" href=\"https:\/\/www.hola.com\/realeza\/casa_espanola\/20250912855559\/rey-juan-carlos-reaparece-sanxenxo-sale-mar-seguir-regata-lleva-su-nombre\/\" data-mrf-recirculation=\"article-body-link\" rel=\"nofollow noopener\" target=\"_blank\">disfrutando de un paseo en barco por las R\u00edas Baixas<\/a>, \u00a0en el marco de <strong data-gid=\"eoD1XQAucls\">la celebraci\u00f3n de la X Regata Rey Juan Carlos I \u2013 El Corte Ingl\u00e9s M\u00e1ster.<\/strong><\/p>\n<p>    <img src=\"https:\/\/www.europesays.com\/es\/wp-content\/uploads\/2025\/09\/4b7f25f145a2-dlu581362062.jpg\"   width=\"1024\" height=\"683\" loading=\"lazy\" decoding=\"async\" alt=\"El rey Juan CArlos en las regatas de Sanxenxo en abril de 2025\" fetchpriority=\"auto\" class=\"image ho-image\"\/>\u00a9 GTRES<\/p>\n<p id=\"e-Y0F6h1bUe\" data-wc=\"72\">Por su parte, la <strong>reina Sof\u00eda<\/strong> se encuentra en <strong>Washington D.C.<\/strong>, donde este viernes y s\u00e1bado,\u00a0<strong>19 y 20 de septiembre,<\/strong> presidir\u00e1 las jornadas \u201cEspa\u00f1a y el nacimiento de la democracia estadounidense\u201d, organizadas por el Queen Sof\u00eda Spanish Institute y la asociaci\u00f3n Daughters of the American Revolution. Antes de inaugurar el simposio, est\u00e1 previsto que participe en una reuni\u00f3n del comit\u00e9 ejecutivo de su patronato, reforzando as\u00ed su papel como embajadora cultural.<\/p>\n<p><img src=\"https:\/\/www.europesays.com\/es\/wp-content\/uploads\/2025\/09\/cb5978346dc9-gettyimages-2203100010.jpg\"   width=\"1080\" height=\"1800\" loading=\"lazy\" decoding=\"async\" alt=\"La reina Sof\u00eda con un 'layering' de collares muy actual\" fetchpriority=\"auto\" class=\"image ho-image\"\/>\u00a9 Getty Images <\/p>\n<p id=\"ebOw7D1WZYv\" data-wc=\"70\">Aunque sus agendas no coinciden geogr\u00e1ficamente, la coincidencia temporal de ambos viajes crea un curioso relevo: <strong>\u00e9l representa el lado m\u00e1s deportivo y social, y ella el acad\u00e9mico e institucional<\/strong>, reflejando dos facetas complementarias de la familia real espa\u00f1ola. De esta manera, don Juan Carlos y do\u00f1a Sof\u00eda vuelven a compartir protagonismo internacional, cada uno desde su \u00e1mbito, demostrando que su presencia contin\u00faa siendo noticia dentro y fuera de Espa\u00f1a.<a class=\"hm-link ho-link\" href=\"https:\/\/okdiario.com\/look\/ultimas-noticias\/\" rel=\"nofollow noopener\" data-mrf-recirculation=\"article-body-link\" target=\"_blank\"><br \/>\n<\/a><\/p>\n","protected":false},"excerpt":{"rendered":"Mientras el rey Juan Carlos I pone rumbo a Nueva York para disputar el Campeonato del Mundo de&hellip;\n","protected":false},"author":2,"featured_media":124967,"comment_status":"","ping_status":"","sticky":false,"template":"","format":"standard","meta":{"footnotes":""},"categories":[174],"tags":[517,255,146,147,25,24,256,1027,11789,33671,23],"class_list":{"0":"post-124966","1":"post","2":"type-post","3":"status-publish","4":"format-standard","5":"has-post-thumbnail","7":"category-famosos","8":"tag-actualidad","9":"tag-celebrities","10":"tag-entertainment","11":"tag-entretenimiento","12":"tag-es","13":"tag-espana","14":"tag-famosos","15":"tag-realeza","16":"tag-reina-sofia","17":"tag-rey-juan-carlos","18":"tag-spain"},"share_on_mastodon":{"url":"","error":""},"_links":{"self":[{"href":"https:\/\/www.europesays.com\/es\/wp-json\/wp\/v2\/posts\/124966","targetHints":{"allow":["GET"]}}],"collection":[{"href":"https:\/\/www.europesays.com\/es\/wp-json\/wp\/v2\/posts"}],"about":[{"href":"https:\/\/www.europesays.com\/es\/wp-json\/wp\/v2\/types\/post"}],"author":[{"embeddable":true,"href":"https:\/\/www.europesays.com\/es\/wp-json\/wp\/v2\/users\/2"}],"replies":[{"embeddable":true,"href":"https:\/\/www.europesays.com\/es\/wp-json\/wp\/v2\/comments?post=124966"}],"version-history":[{"count":0,"href":"https:\/\/www.europesays.com\/es\/wp-json\/wp\/v2\/posts\/124966\/revisions"}],"wp:featuredmedia":[{"embeddable":true,"href":"https:\/\/www.europesays.com\/es\/wp-json\/wp\/v2\/media\/124967"}],"wp:attachment":[{"href":"https:\/\/www.europesays.com\/es\/wp-json\/wp\/v2\/media?parent=124966"}],"wp:term":[{"taxonomy":"category","embeddable":true,"href":"https:\/\/www.europesays.com\/es\/wp-json\/wp\/v2\/categories?post=124966"},{"taxonomy":"post_tag","embeddable":true,"href":"https:\/\/www.europesays.com\/es\/wp-json\/wp\/v2\/tags?post=124966"}],"curies":[{"name":"wp","href":"https:\/\/api.w.org\/{rel}","templated":true}]}}