{"id":124970,"date":"2025-09-19T10:27:08","date_gmt":"2025-09-19T10:27:08","guid":{"rendered":"https:\/\/www.europesays.com\/es\/124970\/"},"modified":"2025-09-19T10:27:08","modified_gmt":"2025-09-19T10:27:08","slug":"los-actos-que-no-debes-perderte-este-fin-de-semana","status":"publish","type":"post","link":"https:\/\/www.europesays.com\/es\/124970\/","title":{"rendered":"los actos que no debes perderte este fin de semana"},"content":{"rendered":"<p data-gtm-element-container=\"modulo-texto-link\" class=\"paragraph\">Instalada por segundo a\u00f1o consecutivo en el paseo Llu\u00eds Companys, pero ahora por propia voluntad, La Setmana del Llibre en Catal\u00e0 arranca hoy, y hasta el d\u00eda 28, como un gran escenario de las novedades editoriales m\u00e1s recientes, este a\u00f1o con 312 expositores \u2013editoriales, librer\u00edas o institucionales\u2013 repartidos en 94 casetas en un total de 8.900 metros cuadrados, una superficie mil metros mayor que el a\u00f1o pasado, gracias a los que se han ampliado los espacios para el p\u00fablico familiar. Repasamos algunos de los actos m\u00e1s destacados de este fin de semana, sin olvidar que conti\u00adnuar\u00e1n.<\/p>\n<p data-gtm-element-container=\"modulo-texto-link\" class=\"paragraph\">La semana de diez d\u00edas organiza m\u00e1s de 300 actividades, empezando esta misma tarde, cuando dedicar\u00e1 un escenario a los j\u00f3venes, con una primera mesa redonda sobre c\u00f3mic de kil\u00f3metro cero con <a href=\"https:\/\/www.lavanguardia.com\/cultura\/20250831\/11013055\/comic-tinta-feminista.html\" target=\"_blank\" rel=\"nofollow noopener\">Raquel Gu<\/a> y <a href=\"https:\/\/www.lavanguardia.com\/cultura\/culturas\/20240501\/9607068\/el-designio-javier-perez-andujar-laura-vernetti-comic-critica.html\" target=\"_blank\" rel=\"nofollow noopener\">Javier P\u00e9rez de And\u00fajar<\/a>, Nadia Hafid y J\u00falia Rubau, otra sobre las novedades de Biel Moreno, S\u00f2nia Moya y Montse Marqu\u00e8s y concluir\u00e1 con una batalla de libros freestyle en qu\u00e9 dos artistas de la Associaci\u00f3 Llobregat Block Party presentar\u00e1n varias novedades.<\/p>\n<p>Pere Llu\u00eds Fuente, Premi d\u2019Honor de les Lletres Catalanes, protagoniza la inauguraci\u00f3n el s\u00e1bado por la ma\u00f1ana<\/p>\n<p data-gtm-element-container=\"modulo-texto-link\" class=\"paragraph\">Tambi\u00e9n habr\u00e1 conversaciones como la que mantendr\u00e1n <a href=\"https:\/\/www.lavanguardia.com\/cultura\/20250903\/11022871\/toni-sala-acabara-catalan-hablado-literatura-escenaris-novela.html\" target=\"_blank\" rel=\"nofollow noopener\">Toni Sala<\/a> y Sergi P\u00e0mies en torno a la memoria y la ficci\u00f3n, Josep Llu\u00eds Badal y M\u00edriam Cano sobre la creaci\u00f3n, Mar Garcia Puig y Enric Pardo sobre paternidades y maternidades, Ivet Nadal y N\u00faria Busquet sobre los trastornos de la conducta alimentaria y Anna Gual, Gemma Casamaj\u00f3 y Montse Albets sobre el duelo. En el apartado infantil, N\u00faria Albesa y Susana Sancho narrar\u00e1n sus \u00faltimos libros. La jornada acabar\u00e1 con un concierto de Gemma Humet para celebrar el 20.\u00ba aniversario de la red de patrimonio literario catal\u00e1n Espais Escrits.<\/p>\n<p data-gtm-element-container=\"modulo-texto-link\" class=\"paragraph\">Ma\u00f1ana, s\u00e1bado, se celebrar\u00e1 la inauguraci\u00f3n oficial con <a href=\"https:\/\/www.lavanguardia.com\/lacontra\/20250520\/10698539\/todos-hijos-versos-aprendimos-jovenes.html\" target=\"_blank\" rel=\"nofollow noopener\">el reciente Premi d\u2019Honor de les Lletres Catalanas, Pere Llu\u00eds Font,<\/a> e intervenciones de Raquel Santanera y Jaume Coll. Un rato antes, la Fundaci\u00f3 Joan Brossa presentar\u00e1 el proyecto colectivo Sumari Astral , a ra\u00edz del \u00faltimo libro del poeta, con Caterina Almirall, Cl\u00e0udia Elies, Alba Font, Lilianna Mar\u00edn, Maria Canelles y Gabriel Ventura. M\u00e1s tarde, Llu\u00efsa Juli\u00e0, Maria Call\u00eds, Vicen\u00e7 Llorca y Sebasti\u00e0 Alzamora presentar\u00e1n dos recuperaciones de la editorial Barcino: Maria Ant\u00f2nia Salv\u00e0 y Ramon Llull. La actriz Emma Vilarasau y la escritora Montse Barderi charlar\u00e1n con Agn\u00e8s Marqu\u00e8s sobre la madurez femenina, y Montse Ayats e Iris Llop hablar\u00e1n de qu\u00e9 representa hoy editar ensayo en catal\u00e1n desde Eumo Editorial. Los m\u00e1s peque\u00f1os podr\u00e1n celebrar los 70 a\u00f1os de la conejita Miffy con Mertxe Par\u00eds.<\/p>\n<p data-gtm-element-container=\"modulo-texto-link\" class=\"paragraph\">Por la tarde, uno de los escenarios estar\u00e1 dedicado en la novela negra, con novedades, entre otros, de Biel Cuss\u00f3, Susana Hern\u00e1ndez, Gil Sobreroca, Jordi Daus\u00e0, Edgar Cantero o Jordi Sierra i Fabra. Tambi\u00e9n habr\u00e1 una conversaci\u00f3n de Anna Guitart con S\u00edlvia Soler y Toni Cruanyes, Xavier Bosch hablar\u00e1 de su \u00faltima novela y la actuaci\u00f3n de Josep Pedrals y Xavi Lloses con el espect\u00e1culo Oda a les revistes .<\/p>\n<p>                <img loading=\"lazy\" decoding=\"async\" data-full-src=\"https:\/\/www.lavanguardia.com\/uploads\/2025\/09\/18\/68cc367aab639.jpeg\" alt=\"ojjd\u00f1a\u00e1kf\u00e1\" width=\"449\" height=\"286\" src=\"https:\/\/www.europesays.com\/es\/wp-content\/uploads\/2025\/09\/68cc367aab639.jpeg\" class=\"lazy\"\/><\/p>\n<p class=\"caption-title \">Toni Sala conversar\u00e1 con Sergi P\u00e0mies sobre la memoria y la ficci\u00f3n\u00a0<\/p>\n<p>                    Llibert Teixid\u00f3<\/p>\n<p data-gtm-element-container=\"modulo-texto-link\" class=\"paragraph\">El domingo por la ma\u00f1ana<a href=\"https:\/\/www.lavanguardia.com\/cultura\/20250715\/10890831\/setmana-llibre-catala-premia-david-guzman-andreu-martin.html\" target=\"_blank\" rel=\"nofollow noopener\"> se entregar\u00e1 el premio Difusi\u00f3 al periodista David Guzman<\/a>, y a continuaci\u00f3n Anna Guitart conversar\u00e1 con Joan-Llu\u00eds Llu\u00eds sobre su \u00faltima novela, a la vez que se dedicar\u00e1 la ma\u00f1ana a hablar de autores valencianos, y entre otras actividades familiares Vanesa Amat, Maica Bernal e Isabel Munta\u00f1\u00e1 llevar\u00e1n a cabo el recital Plouen poemes! <\/p>\n<p data-gtm-element-container=\"modulo-texto-link\" class=\"paragraph\">El domingo por la tarde habr\u00e1 un bloque dedicado a los cl\u00e1sicos universales, como la obra de George Eliot, Henry James, Emmanuel Bov\u00e9, Sigrid Undset, Dovstoievski o Iris Murdoch, por una parte, y tambi\u00e9n se presentar\u00e1n las novedades de Melcior Comes, Rafa Lahuerta y Cesc Mart\u00ednez; Roger-Pol Droit conversar\u00e1 con Carlota Rubio, Pilar Godayol y Elena Aguilar sobre literaturas disidentes a ra\u00edz de sus \u00faltimos libros, y mos\u00e9n Francesc Romeu presentar\u00e1 la \u00faltima obra de Jaume Clotet.<\/p>\n<p>Entregas de premios, charlas sobre literatura y muchas actividades ocupar\u00e1n La Setmana del Llibre<\/p>\n<p data-gtm-element-container=\"modulo-texto-link\" class=\"paragraph\">Adem\u00e1s, habr\u00e1 un doble homenaje a Pier Paolo Pasolini en el 50.\u00ba aniversario de su muerte: una charla entre Marina Laboreo, Joan Casas, Pau Vidal, Jaume Creus y Jaume C. Pons Alorda y despu\u00e9s un recital pasoliniano con Eloi Creus y Adri\u00e0 Targa.<\/p>\n<p>        Lee tambi\u00e9n<\/p>\n<p>    Hada Maci\u00e0<\/p>\n<p>             <img loading=\"lazy\" decoding=\"async\" data-full-src=\"https:\/\/www.lavanguardia.com\/uploads\/2025\/09\/16\/68c96b6212426.jpeg\" alt=\"\u201cEl duelo sigue abierto y ahora ser\u00e1 el visitante el responsable de concluirlo\u201d, se\u00f1ala Jordi Sellas, director del Ideal, el Centro de Artes Digitales de Barcelona que ma\u00f1ana estrena Leonardo versus Michelangelo, una propuesta inmersiva que por primera vez convierte al p\u00fablico en coprotagonista de uno de los episodios m\u00e1s extraordinarios del Renacimiento. Ser\u00e1 \u00e9l quien, a lo largo del recorrido, se tendr\u00e1 que ir posicionando a favor de uno o u otro, y al final dar la respuesta definitiva: \u201cY el ganador es...\u201d.\" width=\"104\" height=\"108\" src=\"https:\/\/www.europesays.com\/es\/wp-content\/uploads\/2025\/09\/68c96b6212426.r_d.517-416.jpeg\" class=\"lazy\"\/><\/p>\n<p data-gtm-element-container=\"modulo-texto-link\" class=\"paragraph\">El resto de d\u00edas, entre muchos otros actos Andreu Mart\u00edn recibir\u00e1 el premio Traject\u00f2ria, N\u00faria Bendicho y Marina Porras hablar\u00e1n sobre Faulkner y McCullers; Maria Barbal y Marta Orriols sobre creatividad, o Ramon Solsona y Borja de Riquer de identidad y memoria. Tambi\u00e9n habr\u00e1 un homenaje a Josep Maria Llompart, las celebraciones del centenario de la librer\u00eda Alibri y los 35 a\u00f1os de la editorial Caf\u00e8 Central, recitales de poes\u00eda como el de Antonina Canyelles o presentaciones como la poes\u00eda completa de \u00c0lex Susanna. Libros, libros, libros.<\/p>\n","protected":false},"excerpt":{"rendered":"Instalada por segundo a\u00f1o consecutivo en el paseo Llu\u00eds Companys, pero ahora por propia voluntad, La Setmana del&hellip;\n","protected":false},"author":2,"featured_media":124971,"comment_status":"","ping_status":"","sticky":false,"template":"","format":"standard","meta":{"footnotes":""},"categories":[172],"tags":[224,146,147,25,24,225,23],"class_list":{"0":"post-124970","1":"post","2":"type-post","3":"status-publish","4":"format-standard","5":"has-post-thumbnail","7":"category-libros","8":"tag-books","9":"tag-entertainment","10":"tag-entretenimiento","11":"tag-es","12":"tag-espana","13":"tag-libros","14":"tag-spain"},"share_on_mastodon":{"url":"","error":""},"_links":{"self":[{"href":"https:\/\/www.europesays.com\/es\/wp-json\/wp\/v2\/posts\/124970","targetHints":{"allow":["GET"]}}],"collection":[{"href":"https:\/\/www.europesays.com\/es\/wp-json\/wp\/v2\/posts"}],"about":[{"href":"https:\/\/www.europesays.com\/es\/wp-json\/wp\/v2\/types\/post"}],"author":[{"embeddable":true,"href":"https:\/\/www.europesays.com\/es\/wp-json\/wp\/v2\/users\/2"}],"replies":[{"embeddable":true,"href":"https:\/\/www.europesays.com\/es\/wp-json\/wp\/v2\/comments?post=124970"}],"version-history":[{"count":0,"href":"https:\/\/www.europesays.com\/es\/wp-json\/wp\/v2\/posts\/124970\/revisions"}],"wp:featuredmedia":[{"embeddable":true,"href":"https:\/\/www.europesays.com\/es\/wp-json\/wp\/v2\/media\/124971"}],"wp:attachment":[{"href":"https:\/\/www.europesays.com\/es\/wp-json\/wp\/v2\/media?parent=124970"}],"wp:term":[{"taxonomy":"category","embeddable":true,"href":"https:\/\/www.europesays.com\/es\/wp-json\/wp\/v2\/categories?post=124970"},{"taxonomy":"post_tag","embeddable":true,"href":"https:\/\/www.europesays.com\/es\/wp-json\/wp\/v2\/tags?post=124970"}],"curies":[{"name":"wp","href":"https:\/\/api.w.org\/{rel}","templated":true}]}}