{"id":124973,"date":"2025-09-19T10:29:08","date_gmt":"2025-09-19T10:29:08","guid":{"rendered":"https:\/\/www.europesays.com\/es\/124973\/"},"modified":"2025-09-19T10:29:08","modified_gmt":"2025-09-19T10:29:08","slug":"zaz-publica-sains-et-saufs-su-nuevo-disco-con-el-que-alcanza-la-plenitud-artistica","status":"publish","type":"post","link":"https:\/\/www.europesays.com\/es\/124973\/","title":{"rendered":"Zaz publica \u2018Sains et saufs\u2019 su nuevo disco con el que alcanza la plenitud art\u00edstica"},"content":{"rendered":"<p data-gtm-element-container=\"modulo-texto-link\" class=\"paragraph\"><a href=\"https:\/\/www.lavanguardia.com\/magazine\/protagonistas\/20250824\/10992764\/zaz-sana-salva-vida-te-pone-pruebas-ver-has-aprendido-leccion.html\" title=\"Zaz, sana y salva: \u201cLa vida te pone pruebas para ver si has aprendido la lecci\u00f3n\u201d\" rel=\"nofollow noopener\" target=\"_blank\">Zaz<\/a> ha encontrado la madurez con Sains et saufs, su sexto \u00e1lbum de estudio y el primero bajo el sello independiente T\u00f4t Ou Tard. La cantautora francesa demuestra en un acto de vulnerabilidad como la posibilidad de reconciliaci\u00f3n con uno mismo es posible. Su despliegue musical es un ejercicio de resiliencia dejando que su voz resquebrajada ilumine relatos \u00edntimos y universales: heridas, amores latentes y senderos de fortaleza.\u00a0<\/p>\n<p data-gtm-element-container=\"modulo-texto-link\" class=\"paragraph\">El t\u00edtulo de este trabajo resume la filosof\u00eda del mismo: Sains et saufs habla de estar a salvo, \u00edntegros, con plenitud y completos en un adem\u00e1n de afirmar que la intimidad no es algo ajeno a la colectividad. En ese colectivo al que invitan sus\u00a0catorce canciones se puede encontrar refugio.\u00a0<\/p>\n<p>                <img loading=\"lazy\" decoding=\"async\" data-full-src=\"https:\/\/www.lavanguardia.com\/uploads\/2025\/03\/18\/67d9ab625c89a.jpeg\" alt=\"Nuevo disco y gira de la cantautora francesa Zaz\" width=\"449\" height=\"449\" src=\"https:\/\/www.europesays.com\/es\/wp-content\/uploads\/2025\/09\/67d9ab625c89a.jpeg\" class=\"lazy\"\/><\/p>\n<p class=\"caption-title \">Nuevo disco y gira de la cantautora francesa Zaz<\/p>\n<p>                    ZAZ \/ Europa Press<\/p>\n<p data-gtm-element-container=\"modulo-texto-link\" class=\"paragraph\">Tras el fallecimiento de su padre, Zaz se ha refugiado en su arte con tal de poder invitarse a s\u00ed misma a la reparaci\u00f3n mediante el viaje en el que la ternura rima. Cada una de ellas combina intensidad y delicadeza, invitando a abrazar el poder transformador del amor, el perd\u00f3n y a romper con lo preestablecido.<\/p>\n<p data-gtm-element-container=\"modulo-texto-link\" class=\"paragraph\">Quince a\u00f1os de carrera, m\u00e1s de cinco millones de discos vendidos y numerosas giras que le han llevado a recorrer el mundo dan por resultado la libertad necesaria para que en esta ocasi\u00f3n la artista francesa haya podido explorar su cosmogon\u00eda con plenitud. Resultado: una obra con historias biogr\u00e1ficas de talla universal, interpretadas con guitarras de nylon impetuosas en Mon C\u0153ur, tu es fou, punteos pop-folk en Sains et saufs o un piano de cabar\u00e9 al estilo de Kurt Weill en J&#8217;imagine que tu sais.<\/p>\n<p>                <img loading=\"lazy\" decoding=\"async\" data-full-src=\"https:\/\/www.lavanguardia.com\/uploads\/2025\/08\/21\/68a745dd81a6c.jpeg\" alt=\"La naturalidad es la clave de un estilo desenvuelto y radicalmente&#13;&#10;libre. Supeinado busca los juegos asim\u00e9tricos, y supiel derrocha&#13;&#10;luminosidad y energ\u00eda. La suya es una belleza vital\" width=\"449\" height=\"674\" src=\"https:\/\/www.europesays.com\/es\/wp-content\/uploads\/2025\/09\/68a745dd81a6c.jpeg\" class=\"lazy\"\/><\/p>\n<p class=\"caption-title \">La naturalidad es la clave de un estilo desenvuelto y radicalmente&#13;<br \/>\nlibre. Supeinado busca los juegos asim\u00e9tricos, y supiel derrocha&#13;<br \/>\nluminosidad y energ\u00eda. La suya es una belleza vital<\/p>\n<p>                    Josefina Andr\u00e9s<\/p>\n<p data-gtm-element-container=\"modulo-texto-link\" class=\"paragraph\">Para el trabajo de composici\u00f3n ha contado con reconocidos autores franceses como Laurent Lamarca, Jean-\u00c9tienne Maillard, No\u00e9 Preszow y Rapha\u00ebl, colaborador de siempre, con quien adem\u00e1s canta a d\u00fao en Une Passerelle vers la mer. En este \u00e1lbum, Zaz despliega una madurez que se refleja tambi\u00e9n en la forma de grabar: sesiones largas y directas en el Studio Kitchen de Bruselas junto al d\u00fao Puggy, donde la emoci\u00f3n se impone a la perfecci\u00f3n t\u00e9cnica. Libre de todas sus adicciones (alcohol, caf\u00e9, tabaco y carne), la artista enfrenta el micr\u00f3fono desde la autenticidad, permitiendo que cada canci\u00f3n cuente su historia de forma natural.<\/p>\n<p>                <img loading=\"lazy\" decoding=\"async\" data-full-src=\"https:\/\/www.lavanguardia.com\/uploads\/2025\/08\/21\/68a74411306a4.jpeg\" alt=\"Falda plisada asim\u00e9trica \u2018vintage\u2019 estilo Yamamoto, chaqueta corta \u2018vintage\u2019 y camiseta de la artista\" width=\"449\" height=\"299\" src=\"https:\/\/www.europesays.com\/es\/wp-content\/uploads\/2025\/09\/68a74411306a4.r_d.3364-1009.jpeg\" class=\"lazy\"\/><\/p>\n<p class=\"caption-title \">Falda plisada asim\u00e9trica \u2018vintage\u2019 estilo Yamamoto, chaqueta corta \u2018vintage\u2019 y camiseta de la artista<\/p>\n<p>                    Josefina Andr\u00e9s<\/p>\n<p data-gtm-element-container=\"modulo-texto-link\" class=\"paragraph\">Despu\u00e9s de un verano en el que ha recorrido diferentes festivales de m\u00fasica por Europa, incluidos algunos por Espa\u00f1a, la artista francesa se prepara para iniciar una gran gira internacional que la llevar\u00e1 por numerosas ciudades de Europa y Sudam\u00e9rica, un tour en el que ha colgado el cartel de sold out en pa\u00edses como Francia y Alemania, y que tambi\u00e9n la traer\u00e1 de vuelta por nuestro pa\u00eds: el 3 de noviembre actuar\u00e1 en la Razzmatazz de Barcelona y el 5 de noviembre en La Riviera de Madrid, donde las entradas se agotaron hace meses.<\/p>\n","protected":false},"excerpt":{"rendered":"Zaz ha encontrado la madurez con Sains et saufs, su sexto \u00e1lbum de estudio y el primero bajo&hellip;\n","protected":false},"author":2,"featured_media":124974,"comment_status":"","ping_status":"","sticky":false,"template":"","format":"standard","meta":{"footnotes":""},"categories":[170],"tags":[146,147,25,24,184,185,23],"class_list":{"0":"post-124973","1":"post","2":"type-post","3":"status-publish","4":"format-standard","5":"has-post-thumbnail","7":"category-musica","8":"tag-entertainment","9":"tag-entretenimiento","10":"tag-es","11":"tag-espana","12":"tag-music","13":"tag-musica","14":"tag-spain"},"share_on_mastodon":{"url":"","error":""},"_links":{"self":[{"href":"https:\/\/www.europesays.com\/es\/wp-json\/wp\/v2\/posts\/124973","targetHints":{"allow":["GET"]}}],"collection":[{"href":"https:\/\/www.europesays.com\/es\/wp-json\/wp\/v2\/posts"}],"about":[{"href":"https:\/\/www.europesays.com\/es\/wp-json\/wp\/v2\/types\/post"}],"author":[{"embeddable":true,"href":"https:\/\/www.europesays.com\/es\/wp-json\/wp\/v2\/users\/2"}],"replies":[{"embeddable":true,"href":"https:\/\/www.europesays.com\/es\/wp-json\/wp\/v2\/comments?post=124973"}],"version-history":[{"count":0,"href":"https:\/\/www.europesays.com\/es\/wp-json\/wp\/v2\/posts\/124973\/revisions"}],"wp:featuredmedia":[{"embeddable":true,"href":"https:\/\/www.europesays.com\/es\/wp-json\/wp\/v2\/media\/124974"}],"wp:attachment":[{"href":"https:\/\/www.europesays.com\/es\/wp-json\/wp\/v2\/media?parent=124973"}],"wp:term":[{"taxonomy":"category","embeddable":true,"href":"https:\/\/www.europesays.com\/es\/wp-json\/wp\/v2\/categories?post=124973"},{"taxonomy":"post_tag","embeddable":true,"href":"https:\/\/www.europesays.com\/es\/wp-json\/wp\/v2\/tags?post=124973"}],"curies":[{"name":"wp","href":"https:\/\/api.w.org\/{rel}","templated":true}]}}