{"id":124999,"date":"2025-09-19T10:44:08","date_gmt":"2025-09-19T10:44:08","guid":{"rendered":"https:\/\/www.europesays.com\/es\/124999\/"},"modified":"2025-09-19T10:44:08","modified_gmt":"2025-09-19T10:44:08","slug":"majka-coloca-a-pogacar-por-encima-de-contador-habla-menos-y-gana-mas","status":"publish","type":"post","link":"https:\/\/www.europesays.com\/es\/124999\/","title":{"rendered":"Majka coloca a Pogacar por encima de Contador: \u201cHabla menos y gana m\u00e1s\u201d"},"content":{"rendered":"<p class=\"\"><a href=\"https:\/\/as.com\/noticias\/rafal-majka\/\" target=\"_self\" rel=\"nofollow noopener\" title=\"https:\/\/as.com\/noticias\/rafal-majka\/\">Rafal Majka<\/a>, uno de los gregarios que cimentaron en la sombra los \u00e9xitos de Alberto Contador y Tadej Pogacar, <b>ha vuelto a ser noticia tras su retirada<\/b>. Concretamente, el exciclista del <b>UAE<\/b>, <a href=\"https:\/\/as.com\/ciclismo\/mas_ciclismo\/rafal-majka-anuncia-su-retirada-se-despide-en-casa-tras-15-anos-como-profesional-n\/\" target=\"_self\" rel=\"nofollow noopener\" title=\"https:\/\/as.com\/ciclismo\/mas_ciclismo\/rafal-majka-anuncia-su-retirada-se-despide-en-casa-tras-15-anos-como-profesional-n\/\">que se retir\u00f3 en su pa\u00eds tras el Tour de Polonia<\/a>, ha concedido una entrevista a Bici.Pro en la que habla sobre <a href=\"https:\/\/as.com\/ciclismo\/tour_francia\/pogacar-gana-el-tour-mas-rapido-de-la-historia-n\/\" target=\"_self\" rel=\"nofollow noopener\" title=\"https:\/\/as.com\/ciclismo\/tour_francia\/pogacar-gana-el-tour-mas-rapido-de-la-historia-n\/\">el reciente campe\u00f3n del Tour de Francia<\/a>, lo compara con <b>Contador<\/b> y presagia un gran futuro para <a href=\"https:\/\/as.com\/noticias\/isaac-del-toro-romero\/\" target=\"_self\" rel=\"nofollow noopener\" title=\"https:\/\/as.com\/noticias\/isaac-del-toro-romero\/\">Isaac del Toro<\/a>.<\/p>\n<p class=\"\">El polaco, que ya declar\u00f3 que <b>Pogacar<\/b> <a href=\"https:\/\/as.com\/ciclismo\/mas_ciclismo\/la-confesion-de-rafal-majka-sobre-pogacar-justo-antes-de-su-retirada-en-la-bici-es-un-asesino-n\/\" target=\"_self\" rel=\"nofollow noopener\" title=\"https:\/\/as.com\/ciclismo\/mas_ciclismo\/la-confesion-de-rafal-majka-sobre-pogacar-justo-antes-de-su-retirada-en-la-bici-es-un-asesino-n\/\">\u201ces una persona normal y com\u00fan pero cuando se sube a la bici se convierte en un asesino\u201d<\/a>, volvi\u00f3 a hablar sobre Pogi, <b>en esta ocasi\u00f3n para compararlo con Alberto Contador y Peter Sagan<\/b>, dos de sus excompa\u00f1eros.<\/p>\n<p class=\"\">\u201cAlberto era capaz de decir que iba a ganar Giro de Italia, Tour de Francia o La Vuelta a Espa\u00f1a <b>y luego lo hac\u00eda<\/b>. Sagan, en forma, pod\u00eda ganar casi todo, <b>tres Mundiales consecutivos no es algo normal<\/b>. Y luego est\u00e1 Tadej, que no dice mucho pero gana todo. <b>Pogacar habla menos pero gana m\u00e1s<\/b>\u201d, coment\u00f3 el pe\u00f3n de 36 a\u00f1os.<\/p>\n<p class=\"\"><b>Majka<\/b>, que logr\u00f3 16 victorias, tres etapas en el Tour de Francia, dos maillots de lunares como mejor escalador (2014 y 2016), un tercer puesto en La Vuelta 2015,<b> tambi\u00e9n habl\u00f3 sobre su \u00faltima etapa como profesional<\/b>, donde descubri\u00f3 a Pogacar: \u201cTras cuatro a\u00f1os en el Red Bull-BORA necesitaba un cambio y llegu\u00e9 al UAE, donde conoc\u00ed a un joven llamado Pogacar. Pens\u00e9 que ganar\u00eda alguna que otra carrera y de repente me encontr\u00e9 con alguien que ser\u00e1 una leyenda. <b>Ha sido divertido correr con el mejor ciclista del mundo, quiz\u00e1s de la historia<\/b>\u201d.<\/p>\n<p class=\"\">Por otro lado, <b>el polaco le dedic\u00f3 unas palabras a Isaac del Toro<\/b>, con el que comparti\u00f3 maillot del UAE esta temporada y la anterior: \u201cVestir de rosa en el Giro de Italia hasta la \u00faltima jornada con su edad es incre\u00edble. Quiz\u00e1s le falt\u00f3 experiencia, pero es muy fuerte. <b>Le ir\u00e1 bien en el Mundial y en el futuro ganar\u00e1 una gran vuelta<\/b>\u201d. Adem\u00e1s, tambi\u00e9n mencion\u00f3 a <b>Juan Ayuso<\/b>, <a href=\"https:\/\/as.com\/ciclismo\/vuelta_espana\/oficial-juan-ayuso-deja-el-uae-y-pondra-rumbo-al-lidl-trek-n\/\" target=\"_self\" rel=\"nofollow noopener\" title=\"https:\/\/as.com\/ciclismo\/vuelta_espana\/oficial-juan-ayuso-deja-el-uae-y-pondra-rumbo-al-lidl-trek-n\/\">que pondr\u00e1 rumbo al Lidl-Trek<\/a> tras fuertes desavenencias con el equipo emirat\u00ed: \u201c\u00bfMi consejo para \u00e9l? <b>Que vaya a tope y entrene al 100% porque tiene talento para triunfar en cualquier parte<\/b>\u201c. <\/p>\n<p>Noticias relacionadas<a href=\"https:\/\/as.com\/ciclismo\/vuelta_espana\/antiviolencia-propone-sancionar-a-17-seguidores-por-incidentes-en-la-vuelta-n\/\" class=\"s_m_w\" title=\"Las sanciones oscilan entre los 3.000 y los 4.000 euros y se debe a incidentes en protestas propalestinas en diferentes etapas de la Vuelta.\" data-tb-link=\"\" rel=\"nofollow noopener\" target=\"_blank\"><img decoding=\"async\" src=\"https:\/\/www.europesays.com\/es\/wp-content\/uploads\/2025\/09\/5VZHBHJ56ZOHPER6BZWOTB4CBY.jpg\" alt=\"Antiviolencia propone sancionar a 17 manifestantes por incidentes en la Vuelta\" class=\"\" height=\"1\" width=\"1\"   loading=\"lazy\" data-tb-thumbnail=\"\"\/><\/a><a href=\"https:\/\/as.com\/ciclismo\/vuelta_espana\/vingegaard-la-madre-de-pidcock-tuvo-la-idea-del-podio-de-la-vuelta-n\/\" class=\"s_m_w\" title=\"Jonas Vingegaard y Richard Plugge, CEO del Visma, reconocieron que el podio improvisado tras cancelarse el paso de La Vuelta por Madrid fue idea de la madre del brit\u00e1nico.\" data-tb-link=\"\" rel=\"nofollow noopener\" target=\"_blank\"><img decoding=\"async\" src=\"https:\/\/www.europesays.com\/es\/wp-content\/uploads\/2025\/09\/1758278648_698_XNOI4OPWQVENVLQYGVDRRWB27E.jpg\" alt=\"Vingegaard: \u201cLa madre de Pidcock tuvo la idea del podio de La Vuelta\u201d\" class=\"\" height=\"1\" width=\"1\"   loading=\"lazy\" data-tb-thumbnail=\"\"\/><\/a><\/p>\n<p class=\"\"><b>\u00a1Tus opiniones importan! <\/b>Comenta en los art\u00edculos y suscr\u00edbete gratis a nuestra <a href=\"https:\/\/asfan.as.com\/newsletters\/\" rel=\"nofollow noopener\" title=\"https:\/\/asfan.as.com\/newsletters\/\" target=\"_blank\">newsletter<\/a> y a las alertas informativas en la <a href=\"https:\/\/as.com\/aplicacion-de-as-n\/\" rel=\"nofollow noopener\" title=\"https:\/\/as.com\/aplicacion-de-as-n\/\" target=\"_blank\">App<\/a> o el canal de <a href=\"https:\/\/www.whatsapp.com\/channel\/0029VaAasdA7j6g745nz9M10\" rel=\"nofollow noopener\" title=\"https:\/\/www.whatsapp.com\/channel\/0029VaAasdA7j6g745nz9M10\" target=\"_blank\">WhatsApp<\/a>. <\/p>\n<p class=\"\">\u00bfBuscas licenciar contenido? Haz clic <a href=\"https:\/\/profesional.elpais.com\/soluciones-sindicacion?utm_medium=interno&amp;utm_source=crosslinking&amp;utm_campaign=sindicacion_as_pie_articulos\" rel=\"nofollow noopener\" title=\"https:\/\/profesional.elpais.com\/soluciones-sindicacion?utm_medium=interno&amp;utm_source=crosslinking&amp;utm_campaign=sindicacion_as_pie_articulos\" target=\"_blank\">aqu\u00ed<\/a><\/p>\n","protected":false},"excerpt":{"rendered":"Rafal Majka, uno de los gregarios que cimentaron en la sombra los \u00e9xitos de Alberto Contador y Tadej&hellip;\n","protected":false},"author":2,"featured_media":125000,"comment_status":"","ping_status":"","sticky":false,"template":"","format":"standard","meta":{"footnotes":""},"categories":[273],"tags":[313,312,168,25,24,23,167],"class_list":{"0":"post-124999","1":"post","2":"type-post","3":"status-publish","4":"format-standard","5":"has-post-thumbnail","7":"category-ciclismo","8":"tag-ciclismo","9":"tag-cycling","10":"tag-deportes","11":"tag-es","12":"tag-espana","13":"tag-spain","14":"tag-sports"},"share_on_mastodon":{"url":"","error":""},"_links":{"self":[{"href":"https:\/\/www.europesays.com\/es\/wp-json\/wp\/v2\/posts\/124999","targetHints":{"allow":["GET"]}}],"collection":[{"href":"https:\/\/www.europesays.com\/es\/wp-json\/wp\/v2\/posts"}],"about":[{"href":"https:\/\/www.europesays.com\/es\/wp-json\/wp\/v2\/types\/post"}],"author":[{"embeddable":true,"href":"https:\/\/www.europesays.com\/es\/wp-json\/wp\/v2\/users\/2"}],"replies":[{"embeddable":true,"href":"https:\/\/www.europesays.com\/es\/wp-json\/wp\/v2\/comments?post=124999"}],"version-history":[{"count":0,"href":"https:\/\/www.europesays.com\/es\/wp-json\/wp\/v2\/posts\/124999\/revisions"}],"wp:featuredmedia":[{"embeddable":true,"href":"https:\/\/www.europesays.com\/es\/wp-json\/wp\/v2\/media\/125000"}],"wp:attachment":[{"href":"https:\/\/www.europesays.com\/es\/wp-json\/wp\/v2\/media?parent=124999"}],"wp:term":[{"taxonomy":"category","embeddable":true,"href":"https:\/\/www.europesays.com\/es\/wp-json\/wp\/v2\/categories?post=124999"},{"taxonomy":"post_tag","embeddable":true,"href":"https:\/\/www.europesays.com\/es\/wp-json\/wp\/v2\/tags?post=124999"}],"curies":[{"name":"wp","href":"https:\/\/api.w.org\/{rel}","templated":true}]}}